{"id":1310,"date":"2015-06-11T11:46:56","date_gmt":"2015-06-11T11:46:56","guid":{"rendered":"https:\/\/www.reitverein-ellefeld.de\/?p=1310"},"modified":"2026-04-28T18:19:44","modified_gmt":"2026-04-28T18:19:44","slug":"hallo-pferdefreunde","status":"publish","type":"post","link":"https:\/\/www.reitverein-ellefeld.de\/?p=1310","title":{"rendered":"Hallo Pferdefreunde!"},"content":{"rendered":"\n<p>Wir haben uns neben der Ausbildung im Spring-, Dressur-, Freizeit- und Gel\u00e4ndereiten sowie Fahren, besonders den korrekten Umgang mit unseren edlen Vierbeinern auf die Fahngeschrieben. Ein respektvolles Verh\u00e4ltnis zwischen Mensch und Pferd ist die Basis f\u00fcr das gr\u00f6\u00dfte Gl\u00fcck dieser Erde.&nbsp;<\/p>\n\n\n\n<p>Hier kannst Du unseren Internetauftritt durchst\u00f6bern und Dir die wichtigsten Infos \u00fcber unseren Verein verschaffen. Wir w\u00fcrden uns freuen, Dich bald auf der gro\u00dfz\u00fcgigen Reitanlage in Ellefeld (Vogtland) willkommen hei\u00dfen zu d\u00fcrfen!&nbsp;&nbsp;&nbsp;<\/p>\n\n\n\n<figure class=\"wp-block-image size-full\"><a href=\"https:\/\/www.reitverein-ellefeld.de\/wp-content\/uploads\/IMG_5508.jpeg\"><img decoding=\"async\" loading=\"lazy\" width=\"830\" height=\"830\" src=\"https:\/\/www.reitverein-ellefeld.de\/wp-content\/uploads\/IMG_5508.jpeg\" alt=\"\" class=\"wp-image-63787\" srcset=\"https:\/\/www.reitverein-ellefeld.de\/wp-content\/uploads\/IMG_5508.jpeg 830w, https:\/\/www.reitverein-ellefeld.de\/wp-content\/uploads\/IMG_5508-300x300.jpeg 300w, https:\/\/www.reitverein-ellefeld.de\/wp-content\/uploads\/IMG_5508-150x150.jpeg 150w, https:\/\/www.reitverein-ellefeld.de\/wp-content\/uploads\/IMG_5508-768x768.jpeg 768w\" sizes=\"(max-width: 830px) 100vw, 830px\" \/><\/a><\/figure>\n\n\n\n<h2 class=\"wp-block-heading\"><br>Am 1. Mai: Kinder- und Jugendtag<\/h2>\n\n\n\n<p>Kommt vorbei, es gibt verschiedene Stationen, von Pferdepflege bis Falltraining. Auf unserem kleinen Flohmarkt findet ihr allerlei sch\u00f6ne Reiterausstattung und mit Kaffee und Kuchen halten wir alle Eltern und Gro\u00dfeltern bei Laune.<\/p>\n\n\n\n<figure class=\"wp-block-image size-large\"><a href=\"https:\/\/www.reitverein-ellefeld.de\/wp-content\/uploads\/c09c44e4-753d-400f-8cda-1c2c55e7ea4d.jpeg\"><img decoding=\"async\" loading=\"lazy\" width=\"1024\" height=\"757\" src=\"https:\/\/www.reitverein-ellefeld.de\/wp-content\/uploads\/c09c44e4-753d-400f-8cda-1c2c55e7ea4d-1024x757.jpeg\" alt=\"\" class=\"wp-image-63804\" srcset=\"https:\/\/www.reitverein-ellefeld.de\/wp-content\/uploads\/c09c44e4-753d-400f-8cda-1c2c55e7ea4d-1024x757.jpeg 1024w, https:\/\/www.reitverein-ellefeld.de\/wp-content\/uploads\/c09c44e4-753d-400f-8cda-1c2c55e7ea4d-300x222.jpeg 300w, https:\/\/www.reitverein-ellefeld.de\/wp-content\/uploads\/c09c44e4-753d-400f-8cda-1c2c55e7ea4d-768x568.jpeg 768w, https:\/\/www.reitverein-ellefeld.de\/wp-content\/uploads\/c09c44e4-753d-400f-8cda-1c2c55e7ea4d-1536x1135.jpeg 1536w, https:\/\/www.reitverein-ellefeld.de\/wp-content\/uploads\/c09c44e4-753d-400f-8cda-1c2c55e7ea4d.jpeg 1571w\" sizes=\"(max-width: 1024px) 100vw, 1024px\" \/><\/a><\/figure>\n\n\n\n<h2 class=\"wp-block-heading\">100 Jahre Vereinsgr\u00fcndung<\/h2>\n\n\n\n<p>Anl\u00e4sslich unseres 100j\u00e4hrigen Jubil\u00e4ums erschien im Februar ein gro\u00dfer Beitrag in der \u201ePferde in Mitteldeutschland\u201c, den wir euch nicht vorenthalten m\u00f6chten:<\/p>\n\n\n\n<figure class=\"wp-block-image size-large\"><a href=\"https:\/\/www.reitverein-ellefeld.de\/wp-content\/uploads\/100Jahre_1.jpg\"><img decoding=\"async\" loading=\"lazy\" width=\"702\" height=\"1024\" src=\"https:\/\/www.reitverein-ellefeld.de\/wp-content\/uploads\/100Jahre_1-702x1024.jpg\" alt=\"\" class=\"wp-image-63798\" srcset=\"https:\/\/www.reitverein-ellefeld.de\/wp-content\/uploads\/100Jahre_1-702x1024.jpg 702w, https:\/\/www.reitverein-ellefeld.de\/wp-content\/uploads\/100Jahre_1-206x300.jpg 206w, https:\/\/www.reitverein-ellefeld.de\/wp-content\/uploads\/100Jahre_1.jpg 736w\" sizes=\"(max-width: 702px) 100vw, 702px\" \/><\/a><\/figure>\n\n\n\n<figure class=\"wp-block-image size-large\"><a href=\"https:\/\/www.reitverein-ellefeld.de\/wp-content\/uploads\/100Jahre_2.jpg\"><img decoding=\"async\" loading=\"lazy\" width=\"722\" height=\"1024\" src=\"https:\/\/www.reitverein-ellefeld.de\/wp-content\/uploads\/100Jahre_2-722x1024.jpg\" alt=\"\" class=\"wp-image-63799\" srcset=\"https:\/\/www.reitverein-ellefeld.de\/wp-content\/uploads\/100Jahre_2-722x1024.jpg 722w, https:\/\/www.reitverein-ellefeld.de\/wp-content\/uploads\/100Jahre_2-212x300.jpg 212w, https:\/\/www.reitverein-ellefeld.de\/wp-content\/uploads\/100Jahre_2.jpg 759w\" sizes=\"(max-width: 722px) 100vw, 722px\" \/><\/a><\/figure>\n\n\n\n<figure class=\"wp-block-image size-full is-resized\"><a href=\"https:\/\/www.reitverein-ellefeld.de\/wp-content\/uploads\/100Jahre_3.jpg\"><img decoding=\"async\" loading=\"lazy\" src=\"https:\/\/www.reitverein-ellefeld.de\/wp-content\/uploads\/100Jahre_3.jpg\" alt=\"\" class=\"wp-image-63797\" width=\"700\" height=\"386\" srcset=\"https:\/\/www.reitverein-ellefeld.de\/wp-content\/uploads\/100Jahre_3.jpg 786w, https:\/\/www.reitverein-ellefeld.de\/wp-content\/uploads\/100Jahre_3-300x165.jpg 300w, https:\/\/www.reitverein-ellefeld.de\/wp-content\/uploads\/100Jahre_3-768x423.jpg 768w\" sizes=\"(max-width: 700px) 100vw, 700px\" \/><\/a><\/figure>\n\n\n\n<h2 class=\"wp-block-heading\">Festumzug am 11. Oktober<\/h2>\n\n\n\n<p>Anl\u00e4sslich unseres 100j\u00e4hrigen Jubil\u00e4ums fand am 11. Oktober ein Festumzug durch Ellefeld statt, mit vielen tollen Schaubildern und Teilnehmern. <\/p>\n\n\n\n<p>Hier geht\u2019s zum Video: <\/p>\n\n\n\n<figure class=\"wp-block-image size-large is-resized\"><img decoding=\"async\" loading=\"lazy\" src=\"https:\/\/www.reitverein-ellefeld.de\/wp-content\/uploads\/image-1-1024x510.jpeg\" alt=\"\" class=\"wp-image-63774\" width=\"243\" height=\"121\" srcset=\"https:\/\/www.reitverein-ellefeld.de\/wp-content\/uploads\/image-1-1024x510.jpeg 1024w, https:\/\/www.reitverein-ellefeld.de\/wp-content\/uploads\/image-1-300x149.jpeg 300w, https:\/\/www.reitverein-ellefeld.de\/wp-content\/uploads\/image-1-768x383.jpeg 768w, https:\/\/www.reitverein-ellefeld.de\/wp-content\/uploads\/image-1-1536x765.jpeg 1536w, https:\/\/www.reitverein-ellefeld.de\/wp-content\/uploads\/image-1.jpeg 1662w\" sizes=\"(max-width: 243px) 100vw, 243px\" \/><figcaption class=\"wp-element-caption\"><a href=\"https:\/\/m.youtube.com\/watch?v=slReir_br3s\" data-type=\"URL\" data-id=\"https:\/\/m.youtube.com\/watch?v=slReir_br3s\">https:\/\/m.youtube.com\/watch?v=slReir_br3s<\/a><\/figcaption><\/figure>\n\n\n\n<figure class=\"wp-block-gallery has-nested-images columns-default is-cropped wp-block-gallery-1 is-layout-flex\">\n<figure class=\"wp-block-image size-large\"><a href=\"https:\/\/www.reitverein-ellefeld.de\/wp-content\/uploads\/DSC_76341.jpg\"><img decoding=\"async\" loading=\"lazy\" width=\"1024\" height=\"682\" data-id=\"63742\"  src=\"https:\/\/www.reitverein-ellefeld.de\/wp-content\/uploads\/DSC_76341-1024x682.jpg\" alt=\"\" class=\"wp-image-63742\" srcset=\"https:\/\/www.reitverein-ellefeld.de\/wp-content\/uploads\/DSC_76341-1024x682.jpg 1024w, https:\/\/www.reitverein-ellefeld.de\/wp-content\/uploads\/DSC_76341-300x200.jpg 300w, https:\/\/www.reitverein-ellefeld.de\/wp-content\/uploads\/DSC_76341-768x512.jpg 768w, https:\/\/www.reitverein-ellefeld.de\/wp-content\/uploads\/DSC_76341.jpg 1180w\" sizes=\"(max-width: 1024px) 100vw, 1024px\" \/><\/a><\/figure>\n\n\n\n<figure class=\"wp-block-image size-large\"><a href=\"https:\/\/www.reitverein-ellefeld.de\/wp-content\/uploads\/DSC_76361.jpg\"><img decoding=\"async\" loading=\"lazy\" width=\"1024\" height=\"682\" data-id=\"63744\"  src=\"https:\/\/www.reitverein-ellefeld.de\/wp-content\/uploads\/DSC_76361-1024x682.jpg\" alt=\"\" class=\"wp-image-63744\" srcset=\"https:\/\/www.reitverein-ellefeld.de\/wp-content\/uploads\/DSC_76361-1024x682.jpg 1024w, https:\/\/www.reitverein-ellefeld.de\/wp-content\/uploads\/DSC_76361-300x200.jpg 300w, https:\/\/www.reitverein-ellefeld.de\/wp-content\/uploads\/DSC_76361-768x512.jpg 768w, https:\/\/www.reitverein-ellefeld.de\/wp-content\/uploads\/DSC_76361.jpg 1180w\" sizes=\"(max-width: 1024px) 100vw, 1024px\" \/><\/a><\/figure>\n\n\n\n<figure class=\"wp-block-image size-large\"><a href=\"https:\/\/www.reitverein-ellefeld.de\/wp-content\/uploads\/DSC_76371.jpg\"><img decoding=\"async\" loading=\"lazy\" width=\"1024\" height=\"682\" data-id=\"63743\"  src=\"https:\/\/www.reitverein-ellefeld.de\/wp-content\/uploads\/DSC_76371-1024x682.jpg\" alt=\"\" class=\"wp-image-63743\" srcset=\"https:\/\/www.reitverein-ellefeld.de\/wp-content\/uploads\/DSC_76371-1024x682.jpg 1024w, https:\/\/www.reitverein-ellefeld.de\/wp-content\/uploads\/DSC_76371-300x200.jpg 300w, https:\/\/www.reitverein-ellefeld.de\/wp-content\/uploads\/DSC_76371-768x512.jpg 768w, https:\/\/www.reitverein-ellefeld.de\/wp-content\/uploads\/DSC_76371.jpg 1180w\" sizes=\"(max-width: 1024px) 100vw, 1024px\" \/><\/a><\/figure>\n\n\n\n<figure class=\"wp-block-image size-large\"><a href=\"https:\/\/www.reitverein-ellefeld.de\/wp-content\/uploads\/DSC073201.jpg\"><img decoding=\"async\" loading=\"lazy\" width=\"1024\" height=\"683\" data-id=\"63739\"  src=\"https:\/\/www.reitverein-ellefeld.de\/wp-content\/uploads\/DSC073201-1024x683.jpg\" alt=\"\" class=\"wp-image-63739\" srcset=\"https:\/\/www.reitverein-ellefeld.de\/wp-content\/uploads\/DSC073201-1024x683.jpg 1024w, https:\/\/www.reitverein-ellefeld.de\/wp-content\/uploads\/DSC073201-300x200.jpg 300w, https:\/\/www.reitverein-ellefeld.de\/wp-content\/uploads\/DSC073201-768x512.jpg 768w, https:\/\/www.reitverein-ellefeld.de\/wp-content\/uploads\/DSC073201.jpg 1180w\" sizes=\"(max-width: 1024px) 100vw, 1024px\" \/><\/a><\/figure>\n\n\n\n<figure class=\"wp-block-image size-large\"><a href=\"https:\/\/www.reitverein-ellefeld.de\/wp-content\/uploads\/DSC073221.jpg\"><img decoding=\"async\" loading=\"lazy\" width=\"1024\" height=\"683\" data-id=\"63740\"  src=\"https:\/\/www.reitverein-ellefeld.de\/wp-content\/uploads\/DSC073221-1024x683.jpg\" alt=\"\" class=\"wp-image-63740\" srcset=\"https:\/\/www.reitverein-ellefeld.de\/wp-content\/uploads\/DSC073221-1024x683.jpg 1024w, https:\/\/www.reitverein-ellefeld.de\/wp-content\/uploads\/DSC073221-300x200.jpg 300w, https:\/\/www.reitverein-ellefeld.de\/wp-content\/uploads\/DSC073221-768x512.jpg 768w, https:\/\/www.reitverein-ellefeld.de\/wp-content\/uploads\/DSC073221.jpg 1180w\" sizes=\"(max-width: 1024px) 100vw, 1024px\" \/><\/a><\/figure>\n\n\n\n<figure class=\"wp-block-image size-large\"><a href=\"https:\/\/www.reitverein-ellefeld.de\/wp-content\/uploads\/IMG_48971.jpg\"><img decoding=\"async\" loading=\"lazy\" width=\"683\" height=\"1024\" data-id=\"63738\"  src=\"https:\/\/www.reitverein-ellefeld.de\/wp-content\/uploads\/IMG_48971-683x1024.jpg\" alt=\"\" class=\"wp-image-63738\" srcset=\"https:\/\/www.reitverein-ellefeld.de\/wp-content\/uploads\/IMG_48971-683x1024.jpg 683w, https:\/\/www.reitverein-ellefeld.de\/wp-content\/uploads\/IMG_48971-200x300.jpg 200w, https:\/\/www.reitverein-ellefeld.de\/wp-content\/uploads\/IMG_48971-768x1152.jpg 768w, https:\/\/www.reitverein-ellefeld.de\/wp-content\/uploads\/IMG_48971.jpg 787w\" sizes=\"(max-width: 683px) 100vw, 683px\" \/><\/a><\/figure>\n\n\n\n<figure class=\"wp-block-image size-large\"><a href=\"https:\/\/www.reitverein-ellefeld.de\/wp-content\/uploads\/IMG_49111.jpg\"><img decoding=\"async\" loading=\"lazy\" width=\"683\" height=\"1024\" data-id=\"63745\"  src=\"https:\/\/www.reitverein-ellefeld.de\/wp-content\/uploads\/IMG_49111-683x1024.jpg\" alt=\"\" class=\"wp-image-63745\" srcset=\"https:\/\/www.reitverein-ellefeld.de\/wp-content\/uploads\/IMG_49111-683x1024.jpg 683w, https:\/\/www.reitverein-ellefeld.de\/wp-content\/uploads\/IMG_49111-200x300.jpg 200w, https:\/\/www.reitverein-ellefeld.de\/wp-content\/uploads\/IMG_49111-768x1152.jpg 768w, https:\/\/www.reitverein-ellefeld.de\/wp-content\/uploads\/IMG_49111.jpg 944w\" sizes=\"(max-width: 683px) 100vw, 683px\" \/><\/a><\/figure>\n\n\n\n<figure class=\"wp-block-image size-large\"><a href=\"https:\/\/www.reitverein-ellefeld.de\/wp-content\/uploads\/IMG_49841.jpg\"><img decoding=\"async\" loading=\"lazy\" width=\"683\" height=\"1024\" data-id=\"63741\"  src=\"https:\/\/www.reitverein-ellefeld.de\/wp-content\/uploads\/IMG_49841-683x1024.jpg\" alt=\"\" class=\"wp-image-63741\" srcset=\"https:\/\/www.reitverein-ellefeld.de\/wp-content\/uploads\/IMG_49841-683x1024.jpg 683w, https:\/\/www.reitverein-ellefeld.de\/wp-content\/uploads\/IMG_49841-200x300.jpg 200w, https:\/\/www.reitverein-ellefeld.de\/wp-content\/uploads\/IMG_49841-768x1152.jpg 768w, https:\/\/www.reitverein-ellefeld.de\/wp-content\/uploads\/IMG_49841.jpg 944w\" sizes=\"(max-width: 683px) 100vw, 683px\" \/><\/a><\/figure>\n<\/figure>\n\n\n\n<p><\/p>\n\n\n\n<figure class=\"wp-block-gallery has-nested-images columns-default is-cropped wp-block-gallery-3 is-layout-flex\">\n<figure class=\"wp-block-image size-large\"><a href=\"https:\/\/www.reitverein-ellefeld.de\/wp-content\/uploads\/DSC_1279.jpg\"><img decoding=\"async\" loading=\"lazy\" width=\"1024\" height=\"683\" data-id=\"63750\"  src=\"https:\/\/www.reitverein-ellefeld.de\/wp-content\/uploads\/DSC_1279-1024x683.jpg\" alt=\"\" class=\"wp-image-63750\" srcset=\"https:\/\/www.reitverein-ellefeld.de\/wp-content\/uploads\/DSC_1279-1024x683.jpg 1024w, https:\/\/www.reitverein-ellefeld.de\/wp-content\/uploads\/DSC_1279-300x200.jpg 300w, https:\/\/www.reitverein-ellefeld.de\/wp-content\/uploads\/DSC_1279-768x512.jpg 768w, https:\/\/www.reitverein-ellefeld.de\/wp-content\/uploads\/DSC_1279.jpg 1410w\" sizes=\"(max-width: 1024px) 100vw, 1024px\" \/><\/a><\/figure>\n\n\n\n<figure class=\"wp-block-image size-large\"><a href=\"https:\/\/www.reitverein-ellefeld.de\/wp-content\/uploads\/DSC03156.jpg\"><img decoding=\"async\" loading=\"lazy\" width=\"1024\" height=\"683\" data-id=\"63752\"  src=\"https:\/\/www.reitverein-ellefeld.de\/wp-content\/uploads\/DSC03156-1024x683.jpg\" alt=\"\" class=\"wp-image-63752\" srcset=\"https:\/\/www.reitverein-ellefeld.de\/wp-content\/uploads\/DSC03156-1024x683.jpg 1024w, https:\/\/www.reitverein-ellefeld.de\/wp-content\/uploads\/DSC03156-300x200.jpg 300w, https:\/\/www.reitverein-ellefeld.de\/wp-content\/uploads\/DSC03156-768x512.jpg 768w, https:\/\/www.reitverein-ellefeld.de\/wp-content\/uploads\/DSC03156-1536x1024.jpg 1536w, https:\/\/www.reitverein-ellefeld.de\/wp-content\/uploads\/DSC03156.jpg 1600w\" sizes=\"(max-width: 1024px) 100vw, 1024px\" \/><\/a><\/figure>\n\n\n\n<figure class=\"wp-block-image size-large\"><a href=\"https:\/\/www.reitverein-ellefeld.de\/wp-content\/uploads\/DSC03159.jpg\"><img decoding=\"async\" loading=\"lazy\" width=\"1024\" height=\"683\" data-id=\"63753\"  src=\"https:\/\/www.reitverein-ellefeld.de\/wp-content\/uploads\/DSC03159-1024x683.jpg\" alt=\"\" class=\"wp-image-63753\" srcset=\"https:\/\/www.reitverein-ellefeld.de\/wp-content\/uploads\/DSC03159-1024x683.jpg 1024w, https:\/\/www.reitverein-ellefeld.de\/wp-content\/uploads\/DSC03159-300x200.jpg 300w, https:\/\/www.reitverein-ellefeld.de\/wp-content\/uploads\/DSC03159-768x512.jpg 768w, https:\/\/www.reitverein-ellefeld.de\/wp-content\/uploads\/DSC03159-1536x1024.jpg 1536w, https:\/\/www.reitverein-ellefeld.de\/wp-content\/uploads\/DSC03159.jpg 1600w\" sizes=\"(max-width: 1024px) 100vw, 1024px\" \/><\/a><\/figure>\n\n\n\n<figure class=\"wp-block-image size-large\"><a href=\"https:\/\/www.reitverein-ellefeld.de\/wp-content\/uploads\/DSC07355.jpg\"><img decoding=\"async\" loading=\"lazy\" width=\"683\" height=\"1024\" data-id=\"63749\"  src=\"https:\/\/www.reitverein-ellefeld.de\/wp-content\/uploads\/DSC07355-683x1024.jpg\" alt=\"\" class=\"wp-image-63749\" srcset=\"https:\/\/www.reitverein-ellefeld.de\/wp-content\/uploads\/DSC07355-683x1024.jpg 683w, https:\/\/www.reitverein-ellefeld.de\/wp-content\/uploads\/DSC07355-200x300.jpg 200w, https:\/\/www.reitverein-ellefeld.de\/wp-content\/uploads\/DSC07355-768x1152.jpg 768w, https:\/\/www.reitverein-ellefeld.de\/wp-content\/uploads\/DSC07355-1024x1536.jpg 1024w, https:\/\/www.reitverein-ellefeld.de\/wp-content\/uploads\/DSC07355.jpg 1062w\" sizes=\"(max-width: 683px) 100vw, 683px\" \/><\/a><\/figure>\n\n\n\n<figure class=\"wp-block-image size-large\"><a href=\"https:\/\/www.reitverein-ellefeld.de\/wp-content\/uploads\/IMG_4975.jpg\"><img decoding=\"async\" loading=\"lazy\" width=\"683\" height=\"1024\" data-id=\"63747\"  src=\"https:\/\/www.reitverein-ellefeld.de\/wp-content\/uploads\/IMG_4975-683x1024.jpg\" alt=\"\" class=\"wp-image-63747\" srcset=\"https:\/\/www.reitverein-ellefeld.de\/wp-content\/uploads\/IMG_4975-683x1024.jpg 683w, https:\/\/www.reitverein-ellefeld.de\/wp-content\/uploads\/IMG_4975-200x300.jpg 200w, https:\/\/www.reitverein-ellefeld.de\/wp-content\/uploads\/IMG_4975-768x1152.jpg 768w, https:\/\/www.reitverein-ellefeld.de\/wp-content\/uploads\/IMG_4975-1024x1536.jpg 1024w, https:\/\/www.reitverein-ellefeld.de\/wp-content\/uploads\/IMG_4975.jpg 1062w\" sizes=\"(max-width: 683px) 100vw, 683px\" \/><\/a><\/figure>\n\n\n\n<figure class=\"wp-block-image size-large\"><a href=\"https:\/\/www.reitverein-ellefeld.de\/wp-content\/uploads\/IMG_4989.jpg\"><img decoding=\"async\" loading=\"lazy\" width=\"683\" height=\"1024\" data-id=\"63748\"  src=\"https:\/\/www.reitverein-ellefeld.de\/wp-content\/uploads\/IMG_4989-683x1024.jpg\" alt=\"\" class=\"wp-image-63748\" srcset=\"https:\/\/www.reitverein-ellefeld.de\/wp-content\/uploads\/IMG_4989-683x1024.jpg 683w, https:\/\/www.reitverein-ellefeld.de\/wp-content\/uploads\/IMG_4989-200x300.jpg 200w, https:\/\/www.reitverein-ellefeld.de\/wp-content\/uploads\/IMG_4989-768x1152.jpg 768w, https:\/\/www.reitverein-ellefeld.de\/wp-content\/uploads\/IMG_4989-1024x1536.jpg 1024w, https:\/\/www.reitverein-ellefeld.de\/wp-content\/uploads\/IMG_4989.jpg 1062w\" sizes=\"(max-width: 683px) 100vw, 683px\" \/><\/a><\/figure>\n\n\n\n<figure class=\"wp-block-image size-large\"><a href=\"https:\/\/www.reitverein-ellefeld.de\/wp-content\/uploads\/IMG-20251011-WA0257.jpg\"><img decoding=\"async\" loading=\"lazy\" width=\"1024\" height=\"768\" data-id=\"63751\"  src=\"https:\/\/www.reitverein-ellefeld.de\/wp-content\/uploads\/IMG-20251011-WA0257-1024x768.jpg\" alt=\"\" class=\"wp-image-63751\" srcset=\"https:\/\/www.reitverein-ellefeld.de\/wp-content\/uploads\/IMG-20251011-WA0257-1024x768.jpg 1024w, https:\/\/www.reitverein-ellefeld.de\/wp-content\/uploads\/IMG-20251011-WA0257-300x225.jpg 300w, https:\/\/www.reitverein-ellefeld.de\/wp-content\/uploads\/IMG-20251011-WA0257-768x576.jpg 768w, https:\/\/www.reitverein-ellefeld.de\/wp-content\/uploads\/IMG-20251011-WA0257.jpg 1410w\" sizes=\"(max-width: 1024px) 100vw, 1024px\" \/><\/a><\/figure>\n<\/figure>\n\n\n\n<p><\/p>\n\n\n\n<figure class=\"wp-block-gallery has-nested-images columns-default is-cropped wp-block-gallery-5 is-layout-flex\">\n<figure class=\"wp-block-image size-large\"><a href=\"https:\/\/www.reitverein-ellefeld.de\/wp-content\/uploads\/0J9A8431.jpg\"><img decoding=\"async\" loading=\"lazy\" width=\"1024\" height=\"683\" data-id=\"63762\"  src=\"https:\/\/www.reitverein-ellefeld.de\/wp-content\/uploads\/0J9A8431-1024x683.jpg\" alt=\"\" class=\"wp-image-63762\" srcset=\"https:\/\/www.reitverein-ellefeld.de\/wp-content\/uploads\/0J9A8431-1024x683.jpg 1024w, https:\/\/www.reitverein-ellefeld.de\/wp-content\/uploads\/0J9A8431-300x200.jpg 300w, https:\/\/www.reitverein-ellefeld.de\/wp-content\/uploads\/0J9A8431-768x512.jpg 768w, https:\/\/www.reitverein-ellefeld.de\/wp-content\/uploads\/0J9A8431-1536x1024.jpg 1536w, https:\/\/www.reitverein-ellefeld.de\/wp-content\/uploads\/0J9A8431.jpg 1600w\" sizes=\"(max-width: 1024px) 100vw, 1024px\" \/><\/a><\/figure>\n\n\n\n<figure class=\"wp-block-image size-large\"><a href=\"https:\/\/www.reitverein-ellefeld.de\/wp-content\/uploads\/0J9A8453.jpg\"><img decoding=\"async\" loading=\"lazy\" width=\"1024\" height=\"683\" data-id=\"63766\"  src=\"https:\/\/www.reitverein-ellefeld.de\/wp-content\/uploads\/0J9A8453-1024x683.jpg\" alt=\"\" class=\"wp-image-63766\" srcset=\"https:\/\/www.reitverein-ellefeld.de\/wp-content\/uploads\/0J9A8453-1024x683.jpg 1024w, https:\/\/www.reitverein-ellefeld.de\/wp-content\/uploads\/0J9A8453-300x200.jpg 300w, https:\/\/www.reitverein-ellefeld.de\/wp-content\/uploads\/0J9A8453-768x512.jpg 768w, https:\/\/www.reitverein-ellefeld.de\/wp-content\/uploads\/0J9A8453-1536x1024.jpg 1536w, https:\/\/www.reitverein-ellefeld.de\/wp-content\/uploads\/0J9A8453.jpg 1600w\" sizes=\"(max-width: 1024px) 100vw, 1024px\" \/><\/a><\/figure>\n\n\n\n<figure class=\"wp-block-image size-large\"><a href=\"https:\/\/www.reitverein-ellefeld.de\/wp-content\/uploads\/DSC_1404.jpg\"><img decoding=\"async\" loading=\"lazy\" width=\"1024\" height=\"682\" data-id=\"63769\"  src=\"https:\/\/www.reitverein-ellefeld.de\/wp-content\/uploads\/DSC_1404-1024x682.jpg\" alt=\"\" class=\"wp-image-63769\" srcset=\"https:\/\/www.reitverein-ellefeld.de\/wp-content\/uploads\/DSC_1404-1024x682.jpg 1024w, https:\/\/www.reitverein-ellefeld.de\/wp-content\/uploads\/DSC_1404-300x200.jpg 300w, https:\/\/www.reitverein-ellefeld.de\/wp-content\/uploads\/DSC_1404-768x512.jpg 768w, https:\/\/www.reitverein-ellefeld.de\/wp-content\/uploads\/DSC_1404-1536x1024.jpg 1536w, https:\/\/www.reitverein-ellefeld.de\/wp-content\/uploads\/DSC_1404.jpg 1598w\" sizes=\"(max-width: 1024px) 100vw, 1024px\" \/><\/a><\/figure>\n\n\n\n<figure class=\"wp-block-image size-large\"><a href=\"https:\/\/www.reitverein-ellefeld.de\/wp-content\/uploads\/DSC07335.jpg\"><img decoding=\"async\" loading=\"lazy\" width=\"683\" height=\"1024\" data-id=\"63759\"  src=\"https:\/\/www.reitverein-ellefeld.de\/wp-content\/uploads\/DSC07335-683x1024.jpg\" alt=\"\" class=\"wp-image-63759\" srcset=\"https:\/\/www.reitverein-ellefeld.de\/wp-content\/uploads\/DSC07335-683x1024.jpg 683w, https:\/\/www.reitverein-ellefeld.de\/wp-content\/uploads\/DSC07335-200x300.jpg 200w, https:\/\/www.reitverein-ellefeld.de\/wp-content\/uploads\/DSC07335-768x1152.jpg 768w, https:\/\/www.reitverein-ellefeld.de\/wp-content\/uploads\/DSC07335-1024x1536.jpg 1024w, https:\/\/www.reitverein-ellefeld.de\/wp-content\/uploads\/DSC07335.jpg 1062w\" sizes=\"(max-width: 683px) 100vw, 683px\" \/><\/a><\/figure>\n\n\n\n<figure class=\"wp-block-image size-large\"><a href=\"https:\/\/www.reitverein-ellefeld.de\/wp-content\/uploads\/DSC07337.jpg\"><img decoding=\"async\" loading=\"lazy\" width=\"1024\" height=\"683\" data-id=\"63757\"  src=\"https:\/\/www.reitverein-ellefeld.de\/wp-content\/uploads\/DSC07337-1024x683.jpg\" alt=\"\" class=\"wp-image-63757\" srcset=\"https:\/\/www.reitverein-ellefeld.de\/wp-content\/uploads\/DSC07337-1024x683.jpg 1024w, https:\/\/www.reitverein-ellefeld.de\/wp-content\/uploads\/DSC07337-300x200.jpg 300w, https:\/\/www.reitverein-ellefeld.de\/wp-content\/uploads\/DSC07337-768x512.jpg 768w, https:\/\/www.reitverein-ellefeld.de\/wp-content\/uploads\/DSC07337.jpg 1534w\" sizes=\"(max-width: 1024px) 100vw, 1024px\" \/><\/a><\/figure>\n\n\n\n<figure class=\"wp-block-image size-large\"><a href=\"https:\/\/www.reitverein-ellefeld.de\/wp-content\/uploads\/DSC07345.jpg\"><img decoding=\"async\" loading=\"lazy\" width=\"1024\" height=\"683\" data-id=\"63756\"  src=\"https:\/\/www.reitverein-ellefeld.de\/wp-content\/uploads\/DSC07345-1024x683.jpg\" alt=\"\" class=\"wp-image-63756\" srcset=\"https:\/\/www.reitverein-ellefeld.de\/wp-content\/uploads\/DSC07345-1024x683.jpg 1024w, https:\/\/www.reitverein-ellefeld.de\/wp-content\/uploads\/DSC07345-300x200.jpg 300w, https:\/\/www.reitverein-ellefeld.de\/wp-content\/uploads\/DSC07345-768x512.jpg 768w, https:\/\/www.reitverein-ellefeld.de\/wp-content\/uploads\/DSC07345.jpg 1534w\" sizes=\"(max-width: 1024px) 100vw, 1024px\" \/><\/a><\/figure>\n\n\n\n<figure class=\"wp-block-image size-large\"><a href=\"https:\/\/www.reitverein-ellefeld.de\/wp-content\/uploads\/DSC07367.jpg\"><img decoding=\"async\" loading=\"lazy\" width=\"683\" height=\"1024\" data-id=\"63760\"  src=\"https:\/\/www.reitverein-ellefeld.de\/wp-content\/uploads\/DSC07367-683x1024.jpg\" alt=\"\" class=\"wp-image-63760\" srcset=\"https:\/\/www.reitverein-ellefeld.de\/wp-content\/uploads\/DSC07367-683x1024.jpg 683w, https:\/\/www.reitverein-ellefeld.de\/wp-content\/uploads\/DSC07367-200x300.jpg 200w, https:\/\/www.reitverein-ellefeld.de\/wp-content\/uploads\/DSC07367-768x1152.jpg 768w, https:\/\/www.reitverein-ellefeld.de\/wp-content\/uploads\/DSC07367-1024x1536.jpg 1024w, https:\/\/www.reitverein-ellefeld.de\/wp-content\/uploads\/DSC07367.jpg 1062w\" sizes=\"(max-width: 683px) 100vw, 683px\" \/><\/a><\/figure>\n\n\n\n<figure class=\"wp-block-image size-large\"><a href=\"https:\/\/www.reitverein-ellefeld.de\/wp-content\/uploads\/DSC07373.jpg\"><img decoding=\"async\" loading=\"lazy\" width=\"683\" height=\"1024\" data-id=\"63754\"  src=\"https:\/\/www.reitverein-ellefeld.de\/wp-content\/uploads\/DSC07373-683x1024.jpg\" alt=\"\" class=\"wp-image-63754\" srcset=\"https:\/\/www.reitverein-ellefeld.de\/wp-content\/uploads\/DSC07373-683x1024.jpg 683w, https:\/\/www.reitverein-ellefeld.de\/wp-content\/uploads\/DSC07373-200x300.jpg 200w, https:\/\/www.reitverein-ellefeld.de\/wp-content\/uploads\/DSC07373-768x1152.jpg 768w, https:\/\/www.reitverein-ellefeld.de\/wp-content\/uploads\/DSC07373-1024x1536.jpg 1024w, https:\/\/www.reitverein-ellefeld.de\/wp-content\/uploads\/DSC07373.jpg 1062w\" sizes=\"(max-width: 683px) 100vw, 683px\" \/><\/a><\/figure>\n\n\n\n<figure class=\"wp-block-image size-large\"><a href=\"https:\/\/www.reitverein-ellefeld.de\/wp-content\/uploads\/DSC07481.jpg\"><img decoding=\"async\" loading=\"lazy\" width=\"683\" height=\"1024\" data-id=\"63758\"  src=\"https:\/\/www.reitverein-ellefeld.de\/wp-content\/uploads\/DSC07481-683x1024.jpg\" alt=\"\" class=\"wp-image-63758\" srcset=\"https:\/\/www.reitverein-ellefeld.de\/wp-content\/uploads\/DSC07481-683x1024.jpg 683w, https:\/\/www.reitverein-ellefeld.de\/wp-content\/uploads\/DSC07481-200x300.jpg 200w, https:\/\/www.reitverein-ellefeld.de\/wp-content\/uploads\/DSC07481-768x1152.jpg 768w, https:\/\/www.reitverein-ellefeld.de\/wp-content\/uploads\/DSC07481-1024x1536.jpg 1024w, https:\/\/www.reitverein-ellefeld.de\/wp-content\/uploads\/DSC07481.jpg 1062w\" sizes=\"(max-width: 683px) 100vw, 683px\" \/><\/a><\/figure>\n\n\n\n<figure class=\"wp-block-image size-large\"><a href=\"https:\/\/www.reitverein-ellefeld.de\/wp-content\/uploads\/IMG_4877.jpg\"><img decoding=\"async\" loading=\"lazy\" width=\"683\" height=\"1024\" data-id=\"63761\"  src=\"https:\/\/www.reitverein-ellefeld.de\/wp-content\/uploads\/IMG_4877-683x1024.jpg\" alt=\"\" class=\"wp-image-63761\" srcset=\"https:\/\/www.reitverein-ellefeld.de\/wp-content\/uploads\/IMG_4877-683x1024.jpg 683w, https:\/\/www.reitverein-ellefeld.de\/wp-content\/uploads\/IMG_4877-200x300.jpg 200w, https:\/\/www.reitverein-ellefeld.de\/wp-content\/uploads\/IMG_4877-768x1152.jpg 768w, https:\/\/www.reitverein-ellefeld.de\/wp-content\/uploads\/IMG_4877-1024x1536.jpg 1024w, https:\/\/www.reitverein-ellefeld.de\/wp-content\/uploads\/IMG_4877.jpg 1062w\" sizes=\"(max-width: 683px) 100vw, 683px\" \/><\/a><\/figure>\n\n\n\n<figure class=\"wp-block-image size-large\"><a href=\"https:\/\/www.reitverein-ellefeld.de\/wp-content\/uploads\/IMG_4879.jpg\"><img decoding=\"async\" loading=\"lazy\" width=\"683\" height=\"1024\" data-id=\"63763\"  src=\"https:\/\/www.reitverein-ellefeld.de\/wp-content\/uploads\/IMG_4879-683x1024.jpg\" alt=\"\" class=\"wp-image-63763\" srcset=\"https:\/\/www.reitverein-ellefeld.de\/wp-content\/uploads\/IMG_4879-683x1024.jpg 683w, https:\/\/www.reitverein-ellefeld.de\/wp-content\/uploads\/IMG_4879-200x300.jpg 200w, https:\/\/www.reitverein-ellefeld.de\/wp-content\/uploads\/IMG_4879-768x1152.jpg 768w, https:\/\/www.reitverein-ellefeld.de\/wp-content\/uploads\/IMG_4879-1024x1536.jpg 1024w, https:\/\/www.reitverein-ellefeld.de\/wp-content\/uploads\/IMG_4879.jpg 1062w\" sizes=\"(max-width: 683px) 100vw, 683px\" \/><\/a><\/figure>\n\n\n\n<figure class=\"wp-block-image size-large\"><a href=\"https:\/\/www.reitverein-ellefeld.de\/wp-content\/uploads\/IMG_4886.jpg\"><img decoding=\"async\" loading=\"lazy\" width=\"683\" height=\"1024\" data-id=\"63764\"  src=\"https:\/\/www.reitverein-ellefeld.de\/wp-content\/uploads\/IMG_4886-683x1024.jpg\" alt=\"\" class=\"wp-image-63764\" srcset=\"https:\/\/www.reitverein-ellefeld.de\/wp-content\/uploads\/IMG_4886-683x1024.jpg 683w, https:\/\/www.reitverein-ellefeld.de\/wp-content\/uploads\/IMG_4886-200x300.jpg 200w, https:\/\/www.reitverein-ellefeld.de\/wp-content\/uploads\/IMG_4886-768x1152.jpg 768w, https:\/\/www.reitverein-ellefeld.de\/wp-content\/uploads\/IMG_4886-1024x1536.jpg 1024w, https:\/\/www.reitverein-ellefeld.de\/wp-content\/uploads\/IMG_4886.jpg 1062w\" sizes=\"(max-width: 683px) 100vw, 683px\" \/><\/a><\/figure>\n\n\n\n<figure class=\"wp-block-image size-large\"><a href=\"https:\/\/www.reitverein-ellefeld.de\/wp-content\/uploads\/IMG_4889.jpg\"><img decoding=\"async\" loading=\"lazy\" width=\"683\" height=\"1024\" data-id=\"63765\"  src=\"https:\/\/www.reitverein-ellefeld.de\/wp-content\/uploads\/IMG_4889-683x1024.jpg\" alt=\"\" class=\"wp-image-63765\" srcset=\"https:\/\/www.reitverein-ellefeld.de\/wp-content\/uploads\/IMG_4889-683x1024.jpg 683w, https:\/\/www.reitverein-ellefeld.de\/wp-content\/uploads\/IMG_4889-200x300.jpg 200w, https:\/\/www.reitverein-ellefeld.de\/wp-content\/uploads\/IMG_4889-768x1152.jpg 768w, https:\/\/www.reitverein-ellefeld.de\/wp-content\/uploads\/IMG_4889-1024x1536.jpg 1024w, https:\/\/www.reitverein-ellefeld.de\/wp-content\/uploads\/IMG_4889.jpg 1062w\" sizes=\"(max-width: 683px) 100vw, 683px\" \/><\/a><\/figure>\n\n\n\n<figure class=\"wp-block-image size-large\"><a href=\"https:\/\/www.reitverein-ellefeld.de\/wp-content\/uploads\/IMG-20251011-WA0174.jpg\"><img decoding=\"async\" loading=\"lazy\" width=\"768\" height=\"1024\" data-id=\"63755\"  src=\"https:\/\/www.reitverein-ellefeld.de\/wp-content\/uploads\/IMG-20251011-WA0174-768x1024.jpg\" alt=\"\" class=\"wp-image-63755\" srcset=\"https:\/\/www.reitverein-ellefeld.de\/wp-content\/uploads\/IMG-20251011-WA0174-768x1024.jpg 768w, https:\/\/www.reitverein-ellefeld.de\/wp-content\/uploads\/IMG-20251011-WA0174-225x300.jpg 225w, https:\/\/www.reitverein-ellefeld.de\/wp-content\/uploads\/IMG-20251011-WA0174.jpg 1034w\" sizes=\"(max-width: 768px) 100vw, 768px\" \/><\/a><\/figure>\n\n\n\n<figure class=\"wp-block-image size-large\"><a href=\"https:\/\/www.reitverein-ellefeld.de\/wp-content\/uploads\/IMG-20251011-WA0253.jpg\"><img decoding=\"async\" loading=\"lazy\" width=\"1024\" height=\"768\" data-id=\"63768\"  src=\"https:\/\/www.reitverein-ellefeld.de\/wp-content\/uploads\/IMG-20251011-WA0253-1024x768.jpg\" alt=\"\" class=\"wp-image-63768\" srcset=\"https:\/\/www.reitverein-ellefeld.de\/wp-content\/uploads\/IMG-20251011-WA0253-1024x768.jpg 1024w, https:\/\/www.reitverein-ellefeld.de\/wp-content\/uploads\/IMG-20251011-WA0253-300x225.jpg 300w, https:\/\/www.reitverein-ellefeld.de\/wp-content\/uploads\/IMG-20251011-WA0253-768x576.jpg 768w, https:\/\/www.reitverein-ellefeld.de\/wp-content\/uploads\/IMG-20251011-WA0253.jpg 1410w\" sizes=\"(max-width: 1024px) 100vw, 1024px\" \/><\/a><\/figure>\n\n\n\n<figure class=\"wp-block-image size-large\"><a href=\"https:\/\/www.reitverein-ellefeld.de\/wp-content\/uploads\/IMG-20251013-WA0020.jpg\"><img decoding=\"async\" loading=\"lazy\" width=\"1024\" height=\"771\" data-id=\"63767\"  src=\"https:\/\/www.reitverein-ellefeld.de\/wp-content\/uploads\/IMG-20251013-WA0020-1024x771.jpg\" alt=\"\" class=\"wp-image-63767\" srcset=\"https:\/\/www.reitverein-ellefeld.de\/wp-content\/uploads\/IMG-20251013-WA0020-1024x771.jpg 1024w, https:\/\/www.reitverein-ellefeld.de\/wp-content\/uploads\/IMG-20251013-WA0020-300x226.jpg 300w, https:\/\/www.reitverein-ellefeld.de\/wp-content\/uploads\/IMG-20251013-WA0020-768x578.jpg 768w, https:\/\/www.reitverein-ellefeld.de\/wp-content\/uploads\/IMG-20251013-WA0020.jpg 1504w\" sizes=\"(max-width: 1024px) 100vw, 1024px\" \/><\/a><\/figure>\n<\/figure>\n\n\n\n<p><\/p>\n\n\n\n<figure class=\"wp-block-gallery has-nested-images columns-default is-cropped wp-block-gallery-7 is-layout-flex\">\n<figure class=\"wp-block-image size-large\"><a href=\"https:\/\/www.reitverein-ellefeld.de\/wp-content\/uploads\/WhatsApp-Image-2025-11-10-at-21.11.41-1.jpeg\"><img decoding=\"async\" loading=\"lazy\" width=\"1024\" height=\"682\" data-id=\"63486\"  src=\"https:\/\/www.reitverein-ellefeld.de\/wp-content\/uploads\/WhatsApp-Image-2025-11-10-at-21.11.41-1-1024x682.jpeg\" alt=\"\" class=\"wp-image-63486\" srcset=\"https:\/\/www.reitverein-ellefeld.de\/wp-content\/uploads\/WhatsApp-Image-2025-11-10-at-21.11.41-1-1024x682.jpeg 1024w, https:\/\/www.reitverein-ellefeld.de\/wp-content\/uploads\/WhatsApp-Image-2025-11-10-at-21.11.41-1-300x200.jpeg 300w, https:\/\/www.reitverein-ellefeld.de\/wp-content\/uploads\/WhatsApp-Image-2025-11-10-at-21.11.41-1-768x512.jpeg 768w, https:\/\/www.reitverein-ellefeld.de\/wp-content\/uploads\/WhatsApp-Image-2025-11-10-at-21.11.41-1-1536x1023.jpeg 1536w, https:\/\/www.reitverein-ellefeld.de\/wp-content\/uploads\/WhatsApp-Image-2025-11-10-at-21.11.41-1.jpeg 1600w\" sizes=\"(max-width: 1024px) 100vw, 1024px\" \/><\/a><\/figure>\n\n\n\n<figure class=\"wp-block-image size-large\"><a href=\"https:\/\/www.reitverein-ellefeld.de\/wp-content\/uploads\/WhatsApp-Image-2025-11-10-at-21.12.23-1.jpeg\"><img decoding=\"async\" loading=\"lazy\" width=\"1024\" height=\"682\" data-id=\"63491\"  src=\"https:\/\/www.reitverein-ellefeld.de\/wp-content\/uploads\/WhatsApp-Image-2025-11-10-at-21.12.23-1-1024x682.jpeg\" alt=\"\" class=\"wp-image-63491\" srcset=\"https:\/\/www.reitverein-ellefeld.de\/wp-content\/uploads\/WhatsApp-Image-2025-11-10-at-21.12.23-1-1024x682.jpeg 1024w, https:\/\/www.reitverein-ellefeld.de\/wp-content\/uploads\/WhatsApp-Image-2025-11-10-at-21.12.23-1-300x200.jpeg 300w, https:\/\/www.reitverein-ellefeld.de\/wp-content\/uploads\/WhatsApp-Image-2025-11-10-at-21.12.23-1-768x512.jpeg 768w, https:\/\/www.reitverein-ellefeld.de\/wp-content\/uploads\/WhatsApp-Image-2025-11-10-at-21.12.23-1-1536x1023.jpeg 1536w, https:\/\/www.reitverein-ellefeld.de\/wp-content\/uploads\/WhatsApp-Image-2025-11-10-at-21.12.23-1.jpeg 1600w\" sizes=\"(max-width: 1024px) 100vw, 1024px\" \/><\/a><\/figure>\n\n\n\n<figure class=\"wp-block-image size-large\"><a href=\"https:\/\/www.reitverein-ellefeld.de\/wp-content\/uploads\/WhatsApp-Image-2025-11-10-at-21.12.23-2.jpeg\"><img decoding=\"async\" loading=\"lazy\" width=\"1024\" height=\"682\" data-id=\"63501\"  src=\"https:\/\/www.reitverein-ellefeld.de\/wp-content\/uploads\/WhatsApp-Image-2025-11-10-at-21.12.23-2-1024x682.jpeg\" alt=\"\" class=\"wp-image-63501\" srcset=\"https:\/\/www.reitverein-ellefeld.de\/wp-content\/uploads\/WhatsApp-Image-2025-11-10-at-21.12.23-2-1024x682.jpeg 1024w, https:\/\/www.reitverein-ellefeld.de\/wp-content\/uploads\/WhatsApp-Image-2025-11-10-at-21.12.23-2-300x200.jpeg 300w, https:\/\/www.reitverein-ellefeld.de\/wp-content\/uploads\/WhatsApp-Image-2025-11-10-at-21.12.23-2-768x511.jpeg 768w, https:\/\/www.reitverein-ellefeld.de\/wp-content\/uploads\/WhatsApp-Image-2025-11-10-at-21.12.23-2-1536x1022.jpeg 1536w, https:\/\/www.reitverein-ellefeld.de\/wp-content\/uploads\/WhatsApp-Image-2025-11-10-at-21.12.23-2.jpeg 1600w\" sizes=\"(max-width: 1024px) 100vw, 1024px\" \/><\/a><\/figure>\n\n\n\n<figure class=\"wp-block-image size-large\"><a href=\"https:\/\/www.reitverein-ellefeld.de\/wp-content\/uploads\/WhatsApp-Image-2025-11-10-at-21.12.23-3.jpeg\"><img decoding=\"async\" loading=\"lazy\" width=\"1024\" height=\"682\" data-id=\"63535\"  src=\"https:\/\/www.reitverein-ellefeld.de\/wp-content\/uploads\/WhatsApp-Image-2025-11-10-at-21.12.23-3-1024x682.jpeg\" alt=\"\" class=\"wp-image-63535\" srcset=\"https:\/\/www.reitverein-ellefeld.de\/wp-content\/uploads\/WhatsApp-Image-2025-11-10-at-21.12.23-3-1024x682.jpeg 1024w, https:\/\/www.reitverein-ellefeld.de\/wp-content\/uploads\/WhatsApp-Image-2025-11-10-at-21.12.23-3-300x200.jpeg 300w, https:\/\/www.reitverein-ellefeld.de\/wp-content\/uploads\/WhatsApp-Image-2025-11-10-at-21.12.23-3-768x511.jpeg 768w, https:\/\/www.reitverein-ellefeld.de\/wp-content\/uploads\/WhatsApp-Image-2025-11-10-at-21.12.23-3-1536x1022.jpeg 1536w, https:\/\/www.reitverein-ellefeld.de\/wp-content\/uploads\/WhatsApp-Image-2025-11-10-at-21.12.23-3.jpeg 1600w\" sizes=\"(max-width: 1024px) 100vw, 1024px\" \/><\/a><\/figure>\n\n\n\n<figure class=\"wp-block-image size-large\"><a href=\"https:\/\/www.reitverein-ellefeld.de\/wp-content\/uploads\/WhatsApp-Image-2025-11-10-at-21.12.23-4.jpeg\"><img decoding=\"async\" loading=\"lazy\" width=\"1024\" height=\"682\" data-id=\"63549\"  src=\"https:\/\/www.reitverein-ellefeld.de\/wp-content\/uploads\/WhatsApp-Image-2025-11-10-at-21.12.23-4-1024x682.jpeg\" alt=\"\" class=\"wp-image-63549\" srcset=\"https:\/\/www.reitverein-ellefeld.de\/wp-content\/uploads\/WhatsApp-Image-2025-11-10-at-21.12.23-4-1024x682.jpeg 1024w, https:\/\/www.reitverein-ellefeld.de\/wp-content\/uploads\/WhatsApp-Image-2025-11-10-at-21.12.23-4-300x200.jpeg 300w, https:\/\/www.reitverein-ellefeld.de\/wp-content\/uploads\/WhatsApp-Image-2025-11-10-at-21.12.23-4-768x511.jpeg 768w, https:\/\/www.reitverein-ellefeld.de\/wp-content\/uploads\/WhatsApp-Image-2025-11-10-at-21.12.23-4-1536x1022.jpeg 1536w, https:\/\/www.reitverein-ellefeld.de\/wp-content\/uploads\/WhatsApp-Image-2025-11-10-at-21.12.23-4.jpeg 1600w\" sizes=\"(max-width: 1024px) 100vw, 1024px\" \/><\/a><\/figure>\n\n\n\n<figure class=\"wp-block-image size-large\"><a href=\"https:\/\/www.reitverein-ellefeld.de\/wp-content\/uploads\/WhatsApp-Image-2025-11-10-at-21.12.23.jpeg\"><img decoding=\"async\" loading=\"lazy\" width=\"1024\" height=\"682\" data-id=\"63490\"  src=\"https:\/\/www.reitverein-ellefeld.de\/wp-content\/uploads\/WhatsApp-Image-2025-11-10-at-21.12.23-1024x682.jpeg\" alt=\"\" class=\"wp-image-63490\" srcset=\"https:\/\/www.reitverein-ellefeld.de\/wp-content\/uploads\/WhatsApp-Image-2025-11-10-at-21.12.23-1024x682.jpeg 1024w, https:\/\/www.reitverein-ellefeld.de\/wp-content\/uploads\/WhatsApp-Image-2025-11-10-at-21.12.23-300x200.jpeg 300w, https:\/\/www.reitverein-ellefeld.de\/wp-content\/uploads\/WhatsApp-Image-2025-11-10-at-21.12.23-768x512.jpeg 768w, https:\/\/www.reitverein-ellefeld.de\/wp-content\/uploads\/WhatsApp-Image-2025-11-10-at-21.12.23-1536x1023.jpeg 1536w, https:\/\/www.reitverein-ellefeld.de\/wp-content\/uploads\/WhatsApp-Image-2025-11-10-at-21.12.23.jpeg 1600w\" sizes=\"(max-width: 1024px) 100vw, 1024px\" \/><\/a><\/figure>\n\n\n\n<figure class=\"wp-block-image size-large\"><a href=\"https:\/\/www.reitverein-ellefeld.de\/wp-content\/uploads\/WhatsApp-Image-2025-11-10-at-21.12.24-3.jpeg\"><img decoding=\"async\" loading=\"lazy\" width=\"1024\" height=\"683\" data-id=\"63557\"  src=\"https:\/\/www.reitverein-ellefeld.de\/wp-content\/uploads\/WhatsApp-Image-2025-11-10-at-21.12.24-3-1024x683.jpeg\" alt=\"\" class=\"wp-image-63557\" srcset=\"https:\/\/www.reitverein-ellefeld.de\/wp-content\/uploads\/WhatsApp-Image-2025-11-10-at-21.12.24-3-1024x683.jpeg 1024w, https:\/\/www.reitverein-ellefeld.de\/wp-content\/uploads\/WhatsApp-Image-2025-11-10-at-21.12.24-3-300x200.jpeg 300w, https:\/\/www.reitverein-ellefeld.de\/wp-content\/uploads\/WhatsApp-Image-2025-11-10-at-21.12.24-3-768x512.jpeg 768w, https:\/\/www.reitverein-ellefeld.de\/wp-content\/uploads\/WhatsApp-Image-2025-11-10-at-21.12.24-3-1536x1024.jpeg 1536w, https:\/\/www.reitverein-ellefeld.de\/wp-content\/uploads\/WhatsApp-Image-2025-11-10-at-21.12.24-3.jpeg 1600w\" sizes=\"(max-width: 1024px) 100vw, 1024px\" \/><\/a><\/figure>\n\n\n\n<figure class=\"wp-block-image size-large\"><a href=\"https:\/\/www.reitverein-ellefeld.de\/wp-content\/uploads\/WhatsApp-Image-2025-11-10-at-21.12.24-4.jpeg\"><img decoding=\"async\" loading=\"lazy\" width=\"1024\" height=\"683\" data-id=\"63588\"  src=\"https:\/\/www.reitverein-ellefeld.de\/wp-content\/uploads\/WhatsApp-Image-2025-11-10-at-21.12.24-4-1024x683.jpeg\" alt=\"\" class=\"wp-image-63588\" srcset=\"https:\/\/www.reitverein-ellefeld.de\/wp-content\/uploads\/WhatsApp-Image-2025-11-10-at-21.12.24-4-1024x683.jpeg 1024w, https:\/\/www.reitverein-ellefeld.de\/wp-content\/uploads\/WhatsApp-Image-2025-11-10-at-21.12.24-4-300x200.jpeg 300w, https:\/\/www.reitverein-ellefeld.de\/wp-content\/uploads\/WhatsApp-Image-2025-11-10-at-21.12.24-4-768x512.jpeg 768w, https:\/\/www.reitverein-ellefeld.de\/wp-content\/uploads\/WhatsApp-Image-2025-11-10-at-21.12.24-4-1536x1024.jpeg 1536w, https:\/\/www.reitverein-ellefeld.de\/wp-content\/uploads\/WhatsApp-Image-2025-11-10-at-21.12.24-4.jpeg 1600w\" sizes=\"(max-width: 1024px) 100vw, 1024px\" \/><\/a><\/figure>\n\n\n\n<figure class=\"wp-block-image size-large\"><a href=\"https:\/\/www.reitverein-ellefeld.de\/wp-content\/uploads\/WhatsApp-Image-2025-11-10-at-21.12.24-5.jpeg\"><img decoding=\"async\" loading=\"lazy\" width=\"1024\" height=\"683\" data-id=\"63572\"  src=\"https:\/\/www.reitverein-ellefeld.de\/wp-content\/uploads\/WhatsApp-Image-2025-11-10-at-21.12.24-5-1024x683.jpeg\" alt=\"\" class=\"wp-image-63572\" srcset=\"https:\/\/www.reitverein-ellefeld.de\/wp-content\/uploads\/WhatsApp-Image-2025-11-10-at-21.12.24-5-1024x683.jpeg 1024w, https:\/\/www.reitverein-ellefeld.de\/wp-content\/uploads\/WhatsApp-Image-2025-11-10-at-21.12.24-5-300x200.jpeg 300w, https:\/\/www.reitverein-ellefeld.de\/wp-content\/uploads\/WhatsApp-Image-2025-11-10-at-21.12.24-5-768x512.jpeg 768w, https:\/\/www.reitverein-ellefeld.de\/wp-content\/uploads\/WhatsApp-Image-2025-11-10-at-21.12.24-5-1536x1024.jpeg 1536w, https:\/\/www.reitverein-ellefeld.de\/wp-content\/uploads\/WhatsApp-Image-2025-11-10-at-21.12.24-5.jpeg 1600w\" sizes=\"(max-width: 1024px) 100vw, 1024px\" \/><\/a><\/figure>\n\n\n\n<figure class=\"wp-block-image size-large\"><a href=\"https:\/\/www.reitverein-ellefeld.de\/wp-content\/uploads\/WhatsApp-Image-2025-11-10-at-21.12.24-6.jpeg\"><img decoding=\"async\" loading=\"lazy\" width=\"1024\" height=\"683\" data-id=\"63581\"  src=\"https:\/\/www.reitverein-ellefeld.de\/wp-content\/uploads\/WhatsApp-Image-2025-11-10-at-21.12.24-6-1024x683.jpeg\" alt=\"\" class=\"wp-image-63581\" srcset=\"https:\/\/www.reitverein-ellefeld.de\/wp-content\/uploads\/WhatsApp-Image-2025-11-10-at-21.12.24-6-1024x683.jpeg 1024w, https:\/\/www.reitverein-ellefeld.de\/wp-content\/uploads\/WhatsApp-Image-2025-11-10-at-21.12.24-6-300x200.jpeg 300w, https:\/\/www.reitverein-ellefeld.de\/wp-content\/uploads\/WhatsApp-Image-2025-11-10-at-21.12.24-6-768x512.jpeg 768w, https:\/\/www.reitverein-ellefeld.de\/wp-content\/uploads\/WhatsApp-Image-2025-11-10-at-21.12.24-6-1536x1024.jpeg 1536w, https:\/\/www.reitverein-ellefeld.de\/wp-content\/uploads\/WhatsApp-Image-2025-11-10-at-21.12.24-6.jpeg 1600w\" sizes=\"(max-width: 1024px) 100vw, 1024px\" \/><\/a><\/figure>\n\n\n\n<figure class=\"wp-block-image size-large\"><a href=\"https:\/\/www.reitverein-ellefeld.de\/wp-content\/uploads\/WhatsApp-Image-2025-11-10-at-21.12.24-7.jpeg\"><img decoding=\"async\" loading=\"lazy\" width=\"682\" height=\"1024\" data-id=\"63561\"  src=\"https:\/\/www.reitverein-ellefeld.de\/wp-content\/uploads\/WhatsApp-Image-2025-11-10-at-21.12.24-7-682x1024.jpeg\" alt=\"\" class=\"wp-image-63561\" srcset=\"https:\/\/www.reitverein-ellefeld.de\/wp-content\/uploads\/WhatsApp-Image-2025-11-10-at-21.12.24-7-682x1024.jpeg 682w, https:\/\/www.reitverein-ellefeld.de\/wp-content\/uploads\/WhatsApp-Image-2025-11-10-at-21.12.24-7-200x300.jpeg 200w, https:\/\/www.reitverein-ellefeld.de\/wp-content\/uploads\/WhatsApp-Image-2025-11-10-at-21.12.24-7-768x1153.jpeg 768w, https:\/\/www.reitverein-ellefeld.de\/wp-content\/uploads\/WhatsApp-Image-2025-11-10-at-21.12.24-7-1023x1536.jpeg 1023w, https:\/\/www.reitverein-ellefeld.de\/wp-content\/uploads\/WhatsApp-Image-2025-11-10-at-21.12.24-7.jpeg 1066w\" sizes=\"(max-width: 682px) 100vw, 682px\" \/><\/a><\/figure>\n\n\n\n<figure class=\"wp-block-image size-large\"><a href=\"https:\/\/www.reitverein-ellefeld.de\/wp-content\/uploads\/WhatsApp-Image-2025-11-10-at-21.12.25-1.jpeg\"><img decoding=\"async\" loading=\"lazy\" width=\"768\" height=\"1024\" data-id=\"63615\"  src=\"https:\/\/www.reitverein-ellefeld.de\/wp-content\/uploads\/WhatsApp-Image-2025-11-10-at-21.12.25-1-768x1024.jpeg\" alt=\"\" class=\"wp-image-63615\" srcset=\"https:\/\/www.reitverein-ellefeld.de\/wp-content\/uploads\/WhatsApp-Image-2025-11-10-at-21.12.25-1-768x1024.jpeg 768w, https:\/\/www.reitverein-ellefeld.de\/wp-content\/uploads\/WhatsApp-Image-2025-11-10-at-21.12.25-1-225x300.jpeg 225w, https:\/\/www.reitverein-ellefeld.de\/wp-content\/uploads\/WhatsApp-Image-2025-11-10-at-21.12.25-1-1152x1536.jpeg 1152w, https:\/\/www.reitverein-ellefeld.de\/wp-content\/uploads\/WhatsApp-Image-2025-11-10-at-21.12.25-1.jpeg 1200w\" sizes=\"(max-width: 768px) 100vw, 768px\" \/><\/a><\/figure>\n\n\n\n<figure class=\"wp-block-image size-large\"><a href=\"https:\/\/www.reitverein-ellefeld.de\/wp-content\/uploads\/WhatsApp-Image-2025-11-10-at-21.12.25.jpeg\"><img decoding=\"async\" loading=\"lazy\" width=\"682\" height=\"1024\" data-id=\"63517\"  src=\"https:\/\/www.reitverein-ellefeld.de\/wp-content\/uploads\/WhatsApp-Image-2025-11-10-at-21.12.25-682x1024.jpeg\" alt=\"\" class=\"wp-image-63517\" srcset=\"https:\/\/www.reitverein-ellefeld.de\/wp-content\/uploads\/WhatsApp-Image-2025-11-10-at-21.12.25-682x1024.jpeg 682w, https:\/\/www.reitverein-ellefeld.de\/wp-content\/uploads\/WhatsApp-Image-2025-11-10-at-21.12.25-200x300.jpeg 200w, https:\/\/www.reitverein-ellefeld.de\/wp-content\/uploads\/WhatsApp-Image-2025-11-10-at-21.12.25-768x1153.jpeg 768w, https:\/\/www.reitverein-ellefeld.de\/wp-content\/uploads\/WhatsApp-Image-2025-11-10-at-21.12.25-1023x1536.jpeg 1023w, https:\/\/www.reitverein-ellefeld.de\/wp-content\/uploads\/WhatsApp-Image-2025-11-10-at-21.12.25.jpeg 1066w\" sizes=\"(max-width: 682px) 100vw, 682px\" \/><\/a><\/figure>\n\n\n\n<figure class=\"wp-block-image size-large\"><a href=\"https:\/\/www.reitverein-ellefeld.de\/wp-content\/uploads\/WhatsApp-Image-2025-11-10-at-21.12.50.jpeg\"><img decoding=\"async\" loading=\"lazy\" width=\"1024\" height=\"682\" data-id=\"63593\"  src=\"https:\/\/www.reitverein-ellefeld.de\/wp-content\/uploads\/WhatsApp-Image-2025-11-10-at-21.12.50-1024x682.jpeg\" alt=\"\" class=\"wp-image-63593\" srcset=\"https:\/\/www.reitverein-ellefeld.de\/wp-content\/uploads\/WhatsApp-Image-2025-11-10-at-21.12.50-1024x682.jpeg 1024w, https:\/\/www.reitverein-ellefeld.de\/wp-content\/uploads\/WhatsApp-Image-2025-11-10-at-21.12.50-300x200.jpeg 300w, https:\/\/www.reitverein-ellefeld.de\/wp-content\/uploads\/WhatsApp-Image-2025-11-10-at-21.12.50-768x511.jpeg 768w, https:\/\/www.reitverein-ellefeld.de\/wp-content\/uploads\/WhatsApp-Image-2025-11-10-at-21.12.50-1536x1022.jpeg 1536w, https:\/\/www.reitverein-ellefeld.de\/wp-content\/uploads\/WhatsApp-Image-2025-11-10-at-21.12.50.jpeg 1600w\" sizes=\"(max-width: 1024px) 100vw, 1024px\" \/><\/a><\/figure>\n\n\n\n<figure class=\"wp-block-image size-large\"><a href=\"https:\/\/www.reitverein-ellefeld.de\/wp-content\/uploads\/WhatsApp-Image-2025-11-10-at-21.12.51-1.jpeg\"><img decoding=\"async\" loading=\"lazy\" width=\"1024\" height=\"683\" data-id=\"63540\"  src=\"https:\/\/www.reitverein-ellefeld.de\/wp-content\/uploads\/WhatsApp-Image-2025-11-10-at-21.12.51-1-1024x683.jpeg\" alt=\"\" class=\"wp-image-63540\" srcset=\"https:\/\/www.reitverein-ellefeld.de\/wp-content\/uploads\/WhatsApp-Image-2025-11-10-at-21.12.51-1-1024x683.jpeg 1024w, https:\/\/www.reitverein-ellefeld.de\/wp-content\/uploads\/WhatsApp-Image-2025-11-10-at-21.12.51-1-300x200.jpeg 300w, https:\/\/www.reitverein-ellefeld.de\/wp-content\/uploads\/WhatsApp-Image-2025-11-10-at-21.12.51-1-768x512.jpeg 768w, https:\/\/www.reitverein-ellefeld.de\/wp-content\/uploads\/WhatsApp-Image-2025-11-10-at-21.12.51-1-1536x1024.jpeg 1536w, https:\/\/www.reitverein-ellefeld.de\/wp-content\/uploads\/WhatsApp-Image-2025-11-10-at-21.12.51-1.jpeg 1600w\" sizes=\"(max-width: 1024px) 100vw, 1024px\" \/><\/a><\/figure>\n\n\n\n<figure class=\"wp-block-image size-large\"><a href=\"https:\/\/www.reitverein-ellefeld.de\/wp-content\/uploads\/WhatsApp-Image-2025-11-10-at-21.12.51-2.jpeg\"><img decoding=\"async\" loading=\"lazy\" width=\"1024\" height=\"682\" data-id=\"63489\"  src=\"https:\/\/www.reitverein-ellefeld.de\/wp-content\/uploads\/WhatsApp-Image-2025-11-10-at-21.12.51-2-1024x682.jpeg\" alt=\"\" class=\"wp-image-63489\" srcset=\"https:\/\/www.reitverein-ellefeld.de\/wp-content\/uploads\/WhatsApp-Image-2025-11-10-at-21.12.51-2-1024x682.jpeg 1024w, https:\/\/www.reitverein-ellefeld.de\/wp-content\/uploads\/WhatsApp-Image-2025-11-10-at-21.12.51-2-300x200.jpeg 300w, https:\/\/www.reitverein-ellefeld.de\/wp-content\/uploads\/WhatsApp-Image-2025-11-10-at-21.12.51-2-768x512.jpeg 768w, https:\/\/www.reitverein-ellefeld.de\/wp-content\/uploads\/WhatsApp-Image-2025-11-10-at-21.12.51-2-1536x1023.jpeg 1536w, https:\/\/www.reitverein-ellefeld.de\/wp-content\/uploads\/WhatsApp-Image-2025-11-10-at-21.12.51-2.jpeg 1600w\" sizes=\"(max-width: 1024px) 100vw, 1024px\" \/><\/a><\/figure>\n\n\n\n<figure class=\"wp-block-image size-large\"><a href=\"https:\/\/www.reitverein-ellefeld.de\/wp-content\/uploads\/WhatsApp-Image-2025-11-10-at-21.12.51-3.jpeg\"><img decoding=\"async\" loading=\"lazy\" width=\"1024\" height=\"682\" data-id=\"63610\"  src=\"https:\/\/www.reitverein-ellefeld.de\/wp-content\/uploads\/WhatsApp-Image-2025-11-10-at-21.12.51-3-1024x682.jpeg\" alt=\"\" class=\"wp-image-63610\" srcset=\"https:\/\/www.reitverein-ellefeld.de\/wp-content\/uploads\/WhatsApp-Image-2025-11-10-at-21.12.51-3-1024x682.jpeg 1024w, https:\/\/www.reitverein-ellefeld.de\/wp-content\/uploads\/WhatsApp-Image-2025-11-10-at-21.12.51-3-300x200.jpeg 300w, https:\/\/www.reitverein-ellefeld.de\/wp-content\/uploads\/WhatsApp-Image-2025-11-10-at-21.12.51-3-768x512.jpeg 768w, https:\/\/www.reitverein-ellefeld.de\/wp-content\/uploads\/WhatsApp-Image-2025-11-10-at-21.12.51-3-1536x1023.jpeg 1536w, https:\/\/www.reitverein-ellefeld.de\/wp-content\/uploads\/WhatsApp-Image-2025-11-10-at-21.12.51-3.jpeg 1600w\" sizes=\"(max-width: 1024px) 100vw, 1024px\" \/><\/a><\/figure>\n\n\n\n<figure class=\"wp-block-image size-large\"><a href=\"https:\/\/www.reitverein-ellefeld.de\/wp-content\/uploads\/WhatsApp-Image-2025-11-10-at-21.12.51-4.jpeg\"><img decoding=\"async\" loading=\"lazy\" width=\"682\" height=\"1024\" data-id=\"63507\"  src=\"https:\/\/www.reitverein-ellefeld.de\/wp-content\/uploads\/WhatsApp-Image-2025-11-10-at-21.12.51-4-682x1024.jpeg\" alt=\"\" class=\"wp-image-63507\" srcset=\"https:\/\/www.reitverein-ellefeld.de\/wp-content\/uploads\/WhatsApp-Image-2025-11-10-at-21.12.51-4-682x1024.jpeg 682w, https:\/\/www.reitverein-ellefeld.de\/wp-content\/uploads\/WhatsApp-Image-2025-11-10-at-21.12.51-4-200x300.jpeg 200w, https:\/\/www.reitverein-ellefeld.de\/wp-content\/uploads\/WhatsApp-Image-2025-11-10-at-21.12.51-4-768x1153.jpeg 768w, https:\/\/www.reitverein-ellefeld.de\/wp-content\/uploads\/WhatsApp-Image-2025-11-10-at-21.12.51-4-1023x1536.jpeg 1023w, https:\/\/www.reitverein-ellefeld.de\/wp-content\/uploads\/WhatsApp-Image-2025-11-10-at-21.12.51-4.jpeg 1066w\" sizes=\"(max-width: 682px) 100vw, 682px\" \/><\/a><\/figure>\n\n\n\n<figure class=\"wp-block-image size-large\"><a href=\"https:\/\/www.reitverein-ellefeld.de\/wp-content\/uploads\/WhatsApp-Image-2025-11-10-at-21.12.51-5.jpeg\"><img decoding=\"async\" loading=\"lazy\" width=\"682\" height=\"1024\" data-id=\"63506\"  src=\"https:\/\/www.reitverein-ellefeld.de\/wp-content\/uploads\/WhatsApp-Image-2025-11-10-at-21.12.51-5-682x1024.jpeg\" alt=\"\" class=\"wp-image-63506\" srcset=\"https:\/\/www.reitverein-ellefeld.de\/wp-content\/uploads\/WhatsApp-Image-2025-11-10-at-21.12.51-5-682x1024.jpeg 682w, https:\/\/www.reitverein-ellefeld.de\/wp-content\/uploads\/WhatsApp-Image-2025-11-10-at-21.12.51-5-200x300.jpeg 200w, https:\/\/www.reitverein-ellefeld.de\/wp-content\/uploads\/WhatsApp-Image-2025-11-10-at-21.12.51-5-768x1153.jpeg 768w, https:\/\/www.reitverein-ellefeld.de\/wp-content\/uploads\/WhatsApp-Image-2025-11-10-at-21.12.51-5-1023x1536.jpeg 1023w, https:\/\/www.reitverein-ellefeld.de\/wp-content\/uploads\/WhatsApp-Image-2025-11-10-at-21.12.51-5.jpeg 1066w\" sizes=\"(max-width: 682px) 100vw, 682px\" \/><\/a><\/figure>\n\n\n\n<figure class=\"wp-block-image size-large\"><a href=\"https:\/\/www.reitverein-ellefeld.de\/wp-content\/uploads\/WhatsApp-Image-2025-11-10-at-21.12.51.jpeg\"><img decoding=\"async\" loading=\"lazy\" width=\"1024\" height=\"682\" data-id=\"63601\"  src=\"https:\/\/www.reitverein-ellefeld.de\/wp-content\/uploads\/WhatsApp-Image-2025-11-10-at-21.12.51-1024x682.jpeg\" alt=\"\" class=\"wp-image-63601\" srcset=\"https:\/\/www.reitverein-ellefeld.de\/wp-content\/uploads\/WhatsApp-Image-2025-11-10-at-21.12.51-1024x682.jpeg 1024w, https:\/\/www.reitverein-ellefeld.de\/wp-content\/uploads\/WhatsApp-Image-2025-11-10-at-21.12.51-300x200.jpeg 300w, https:\/\/www.reitverein-ellefeld.de\/wp-content\/uploads\/WhatsApp-Image-2025-11-10-at-21.12.51-768x511.jpeg 768w, https:\/\/www.reitverein-ellefeld.de\/wp-content\/uploads\/WhatsApp-Image-2025-11-10-at-21.12.51-1536x1022.jpeg 1536w, https:\/\/www.reitverein-ellefeld.de\/wp-content\/uploads\/WhatsApp-Image-2025-11-10-at-21.12.51.jpeg 1600w\" sizes=\"(max-width: 1024px) 100vw, 1024px\" \/><\/a><\/figure>\n\n\n\n<figure class=\"wp-block-image size-large\"><a href=\"https:\/\/www.reitverein-ellefeld.de\/wp-content\/uploads\/WhatsApp-Image-2025-11-10-at-21.14.42-1.jpeg\"><img decoding=\"async\" loading=\"lazy\" width=\"1024\" height=\"682\" data-id=\"63508\"  src=\"https:\/\/www.reitverein-ellefeld.de\/wp-content\/uploads\/WhatsApp-Image-2025-11-10-at-21.14.42-1-1024x682.jpeg\" alt=\"\" class=\"wp-image-63508\" srcset=\"https:\/\/www.reitverein-ellefeld.de\/wp-content\/uploads\/WhatsApp-Image-2025-11-10-at-21.14.42-1-1024x682.jpeg 1024w, https:\/\/www.reitverein-ellefeld.de\/wp-content\/uploads\/WhatsApp-Image-2025-11-10-at-21.14.42-1-300x200.jpeg 300w, https:\/\/www.reitverein-ellefeld.de\/wp-content\/uploads\/WhatsApp-Image-2025-11-10-at-21.14.42-1-768x512.jpeg 768w, https:\/\/www.reitverein-ellefeld.de\/wp-content\/uploads\/WhatsApp-Image-2025-11-10-at-21.14.42-1-1536x1023.jpeg 1536w, https:\/\/www.reitverein-ellefeld.de\/wp-content\/uploads\/WhatsApp-Image-2025-11-10-at-21.14.42-1.jpeg 1600w\" sizes=\"(max-width: 1024px) 100vw, 1024px\" \/><\/a><\/figure>\n\n\n\n<figure class=\"wp-block-image size-large\"><a href=\"https:\/\/www.reitverein-ellefeld.de\/wp-content\/uploads\/WhatsApp-Image-2025-11-10-at-21.14.42.jpeg\"><img decoding=\"async\" loading=\"lazy\" width=\"1024\" height=\"682\" data-id=\"63596\"  src=\"https:\/\/www.reitverein-ellefeld.de\/wp-content\/uploads\/WhatsApp-Image-2025-11-10-at-21.14.42-1024x682.jpeg\" alt=\"\" class=\"wp-image-63596\" srcset=\"https:\/\/www.reitverein-ellefeld.de\/wp-content\/uploads\/WhatsApp-Image-2025-11-10-at-21.14.42-1024x682.jpeg 1024w, https:\/\/www.reitverein-ellefeld.de\/wp-content\/uploads\/WhatsApp-Image-2025-11-10-at-21.14.42-300x200.jpeg 300w, https:\/\/www.reitverein-ellefeld.de\/wp-content\/uploads\/WhatsApp-Image-2025-11-10-at-21.14.42-768x511.jpeg 768w, https:\/\/www.reitverein-ellefeld.de\/wp-content\/uploads\/WhatsApp-Image-2025-11-10-at-21.14.42-1536x1022.jpeg 1536w, https:\/\/www.reitverein-ellefeld.de\/wp-content\/uploads\/WhatsApp-Image-2025-11-10-at-21.14.42.jpeg 1600w\" sizes=\"(max-width: 1024px) 100vw, 1024px\" \/><\/a><\/figure>\n\n\n\n<figure class=\"wp-block-image size-large\"><a href=\"https:\/\/www.reitverein-ellefeld.de\/wp-content\/uploads\/WhatsApp-Image-2025-11-10-at-21.14.43-1.jpeg\"><img decoding=\"async\" loading=\"lazy\" width=\"1024\" height=\"683\" data-id=\"63536\"  src=\"https:\/\/www.reitverein-ellefeld.de\/wp-content\/uploads\/WhatsApp-Image-2025-11-10-at-21.14.43-1-1024x683.jpeg\" alt=\"\" class=\"wp-image-63536\" srcset=\"https:\/\/www.reitverein-ellefeld.de\/wp-content\/uploads\/WhatsApp-Image-2025-11-10-at-21.14.43-1-1024x683.jpeg 1024w, https:\/\/www.reitverein-ellefeld.de\/wp-content\/uploads\/WhatsApp-Image-2025-11-10-at-21.14.43-1-300x200.jpeg 300w, https:\/\/www.reitverein-ellefeld.de\/wp-content\/uploads\/WhatsApp-Image-2025-11-10-at-21.14.43-1-768x512.jpeg 768w, https:\/\/www.reitverein-ellefeld.de\/wp-content\/uploads\/WhatsApp-Image-2025-11-10-at-21.14.43-1-1536x1024.jpeg 1536w, https:\/\/www.reitverein-ellefeld.de\/wp-content\/uploads\/WhatsApp-Image-2025-11-10-at-21.14.43-1.jpeg 1600w\" sizes=\"(max-width: 1024px) 100vw, 1024px\" \/><\/a><\/figure>\n\n\n\n<figure class=\"wp-block-image size-large\"><a href=\"https:\/\/www.reitverein-ellefeld.de\/wp-content\/uploads\/WhatsApp-Image-2025-11-10-at-21.14.43-2.jpeg\"><img decoding=\"async\" loading=\"lazy\" width=\"1024\" height=\"683\" data-id=\"63574\"  src=\"https:\/\/www.reitverein-ellefeld.de\/wp-content\/uploads\/WhatsApp-Image-2025-11-10-at-21.14.43-2-1024x683.jpeg\" alt=\"\" class=\"wp-image-63574\" srcset=\"https:\/\/www.reitverein-ellefeld.de\/wp-content\/uploads\/WhatsApp-Image-2025-11-10-at-21.14.43-2-1024x683.jpeg 1024w, https:\/\/www.reitverein-ellefeld.de\/wp-content\/uploads\/WhatsApp-Image-2025-11-10-at-21.14.43-2-300x200.jpeg 300w, https:\/\/www.reitverein-ellefeld.de\/wp-content\/uploads\/WhatsApp-Image-2025-11-10-at-21.14.43-2-768x512.jpeg 768w, https:\/\/www.reitverein-ellefeld.de\/wp-content\/uploads\/WhatsApp-Image-2025-11-10-at-21.14.43-2-1536x1024.jpeg 1536w, https:\/\/www.reitverein-ellefeld.de\/wp-content\/uploads\/WhatsApp-Image-2025-11-10-at-21.14.43-2.jpeg 1600w\" sizes=\"(max-width: 1024px) 100vw, 1024px\" \/><\/a><\/figure>\n\n\n\n<figure class=\"wp-block-image size-large\"><a href=\"https:\/\/www.reitverein-ellefeld.de\/wp-content\/uploads\/WhatsApp-Image-2025-11-10-at-21.14.43-3.jpeg\"><img decoding=\"async\" loading=\"lazy\" width=\"682\" height=\"1024\" data-id=\"63495\"  src=\"https:\/\/www.reitverein-ellefeld.de\/wp-content\/uploads\/WhatsApp-Image-2025-11-10-at-21.14.43-3-682x1024.jpeg\" alt=\"\" class=\"wp-image-63495\" srcset=\"https:\/\/www.reitverein-ellefeld.de\/wp-content\/uploads\/WhatsApp-Image-2025-11-10-at-21.14.43-3-682x1024.jpeg 682w, https:\/\/www.reitverein-ellefeld.de\/wp-content\/uploads\/WhatsApp-Image-2025-11-10-at-21.14.43-3-200x300.jpeg 200w, https:\/\/www.reitverein-ellefeld.de\/wp-content\/uploads\/WhatsApp-Image-2025-11-10-at-21.14.43-3-768x1153.jpeg 768w, https:\/\/www.reitverein-ellefeld.de\/wp-content\/uploads\/WhatsApp-Image-2025-11-10-at-21.14.43-3-1023x1536.jpeg 1023w, https:\/\/www.reitverein-ellefeld.de\/wp-content\/uploads\/WhatsApp-Image-2025-11-10-at-21.14.43-3.jpeg 1066w\" sizes=\"(max-width: 682px) 100vw, 682px\" \/><\/a><\/figure>\n\n\n\n<figure class=\"wp-block-image size-large\"><a href=\"https:\/\/www.reitverein-ellefeld.de\/wp-content\/uploads\/WhatsApp-Image-2025-11-10-at-21.14.43-4.jpeg\"><img decoding=\"async\" loading=\"lazy\" width=\"1024\" height=\"683\" data-id=\"63548\"  src=\"https:\/\/www.reitverein-ellefeld.de\/wp-content\/uploads\/WhatsApp-Image-2025-11-10-at-21.14.43-4-1024x683.jpeg\" alt=\"\" class=\"wp-image-63548\" srcset=\"https:\/\/www.reitverein-ellefeld.de\/wp-content\/uploads\/WhatsApp-Image-2025-11-10-at-21.14.43-4-1024x683.jpeg 1024w, https:\/\/www.reitverein-ellefeld.de\/wp-content\/uploads\/WhatsApp-Image-2025-11-10-at-21.14.43-4-300x200.jpeg 300w, https:\/\/www.reitverein-ellefeld.de\/wp-content\/uploads\/WhatsApp-Image-2025-11-10-at-21.14.43-4-768x512.jpeg 768w, https:\/\/www.reitverein-ellefeld.de\/wp-content\/uploads\/WhatsApp-Image-2025-11-10-at-21.14.43-4-1536x1024.jpeg 1536w, https:\/\/www.reitverein-ellefeld.de\/wp-content\/uploads\/WhatsApp-Image-2025-11-10-at-21.14.43-4.jpeg 1600w\" sizes=\"(max-width: 1024px) 100vw, 1024px\" \/><\/a><\/figure>\n\n\n\n<figure class=\"wp-block-image size-large\"><a href=\"https:\/\/www.reitverein-ellefeld.de\/wp-content\/uploads\/WhatsApp-Image-2025-11-10-at-21.14.43.jpeg\"><img decoding=\"async\" loading=\"lazy\" width=\"1024\" height=\"683\" data-id=\"63543\"  src=\"https:\/\/www.reitverein-ellefeld.de\/wp-content\/uploads\/WhatsApp-Image-2025-11-10-at-21.14.43-1024x683.jpeg\" alt=\"\" class=\"wp-image-63543\" srcset=\"https:\/\/www.reitverein-ellefeld.de\/wp-content\/uploads\/WhatsApp-Image-2025-11-10-at-21.14.43-1024x683.jpeg 1024w, https:\/\/www.reitverein-ellefeld.de\/wp-content\/uploads\/WhatsApp-Image-2025-11-10-at-21.14.43-300x200.jpeg 300w, https:\/\/www.reitverein-ellefeld.de\/wp-content\/uploads\/WhatsApp-Image-2025-11-10-at-21.14.43-768x512.jpeg 768w, https:\/\/www.reitverein-ellefeld.de\/wp-content\/uploads\/WhatsApp-Image-2025-11-10-at-21.14.43-1536x1024.jpeg 1536w, https:\/\/www.reitverein-ellefeld.de\/wp-content\/uploads\/WhatsApp-Image-2025-11-10-at-21.14.43.jpeg 1600w\" sizes=\"(max-width: 1024px) 100vw, 1024px\" \/><\/a><\/figure>\n\n\n\n<figure class=\"wp-block-image size-large\"><a href=\"https:\/\/www.reitverein-ellefeld.de\/wp-content\/uploads\/WhatsApp-Image-2025-11-10-at-21.14.44-1.jpeg\"><img decoding=\"async\" loading=\"lazy\" width=\"682\" height=\"1024\" data-id=\"63537\"  src=\"https:\/\/www.reitverein-ellefeld.de\/wp-content\/uploads\/WhatsApp-Image-2025-11-10-at-21.14.44-1-682x1024.jpeg\" alt=\"\" class=\"wp-image-63537\" srcset=\"https:\/\/www.reitverein-ellefeld.de\/wp-content\/uploads\/WhatsApp-Image-2025-11-10-at-21.14.44-1-682x1024.jpeg 682w, https:\/\/www.reitverein-ellefeld.de\/wp-content\/uploads\/WhatsApp-Image-2025-11-10-at-21.14.44-1-200x300.jpeg 200w, https:\/\/www.reitverein-ellefeld.de\/wp-content\/uploads\/WhatsApp-Image-2025-11-10-at-21.14.44-1-768x1153.jpeg 768w, https:\/\/www.reitverein-ellefeld.de\/wp-content\/uploads\/WhatsApp-Image-2025-11-10-at-21.14.44-1-1023x1536.jpeg 1023w, https:\/\/www.reitverein-ellefeld.de\/wp-content\/uploads\/WhatsApp-Image-2025-11-10-at-21.14.44-1.jpeg 1066w\" sizes=\"(max-width: 682px) 100vw, 682px\" \/><\/a><\/figure>\n\n\n\n<figure class=\"wp-block-image size-large\"><a href=\"https:\/\/www.reitverein-ellefeld.de\/wp-content\/uploads\/WhatsApp-Image-2025-11-10-at-21.14.44-2.jpeg\"><img decoding=\"async\" loading=\"lazy\" width=\"768\" height=\"1024\" data-id=\"63487\"  src=\"https:\/\/www.reitverein-ellefeld.de\/wp-content\/uploads\/WhatsApp-Image-2025-11-10-at-21.14.44-2-768x1024.jpeg\" alt=\"\" class=\"wp-image-63487\" srcset=\"https:\/\/www.reitverein-ellefeld.de\/wp-content\/uploads\/WhatsApp-Image-2025-11-10-at-21.14.44-2-768x1024.jpeg 768w, https:\/\/www.reitverein-ellefeld.de\/wp-content\/uploads\/WhatsApp-Image-2025-11-10-at-21.14.44-2-225x300.jpeg 225w, https:\/\/www.reitverein-ellefeld.de\/wp-content\/uploads\/WhatsApp-Image-2025-11-10-at-21.14.44-2-1152x1536.jpeg 1152w, https:\/\/www.reitverein-ellefeld.de\/wp-content\/uploads\/WhatsApp-Image-2025-11-10-at-21.14.44-2.jpeg 1200w\" sizes=\"(max-width: 768px) 100vw, 768px\" \/><\/a><\/figure>\n\n\n\n<figure class=\"wp-block-image size-large\"><a href=\"https:\/\/www.reitverein-ellefeld.de\/wp-content\/uploads\/WhatsApp-Image-2025-11-10-at-21.14.44.jpeg\"><img decoding=\"async\" loading=\"lazy\" width=\"682\" height=\"1024\" data-id=\"63551\"  src=\"https:\/\/www.reitverein-ellefeld.de\/wp-content\/uploads\/WhatsApp-Image-2025-11-10-at-21.14.44-682x1024.jpeg\" alt=\"\" class=\"wp-image-63551\" srcset=\"https:\/\/www.reitverein-ellefeld.de\/wp-content\/uploads\/WhatsApp-Image-2025-11-10-at-21.14.44-682x1024.jpeg 682w, https:\/\/www.reitverein-ellefeld.de\/wp-content\/uploads\/WhatsApp-Image-2025-11-10-at-21.14.44-200x300.jpeg 200w, https:\/\/www.reitverein-ellefeld.de\/wp-content\/uploads\/WhatsApp-Image-2025-11-10-at-21.14.44-768x1153.jpeg 768w, https:\/\/www.reitverein-ellefeld.de\/wp-content\/uploads\/WhatsApp-Image-2025-11-10-at-21.14.44-1023x1536.jpeg 1023w, https:\/\/www.reitverein-ellefeld.de\/wp-content\/uploads\/WhatsApp-Image-2025-11-10-at-21.14.44.jpeg 1066w\" sizes=\"(max-width: 682px) 100vw, 682px\" \/><\/a><\/figure>\n\n\n\n<figure class=\"wp-block-image size-large\"><a href=\"https:\/\/www.reitverein-ellefeld.de\/wp-content\/uploads\/WhatsApp-Image-2025-11-10-at-21.15.06-1.jpeg\"><img decoding=\"async\" loading=\"lazy\" width=\"1024\" height=\"682\" data-id=\"63518\"  src=\"https:\/\/www.reitverein-ellefeld.de\/wp-content\/uploads\/WhatsApp-Image-2025-11-10-at-21.15.06-1-1024x682.jpeg\" alt=\"\" class=\"wp-image-63518\" srcset=\"https:\/\/www.reitverein-ellefeld.de\/wp-content\/uploads\/WhatsApp-Image-2025-11-10-at-21.15.06-1-1024x682.jpeg 1024w, https:\/\/www.reitverein-ellefeld.de\/wp-content\/uploads\/WhatsApp-Image-2025-11-10-at-21.15.06-1-300x200.jpeg 300w, https:\/\/www.reitverein-ellefeld.de\/wp-content\/uploads\/WhatsApp-Image-2025-11-10-at-21.15.06-1-768x512.jpeg 768w, https:\/\/www.reitverein-ellefeld.de\/wp-content\/uploads\/WhatsApp-Image-2025-11-10-at-21.15.06-1-1536x1023.jpeg 1536w, https:\/\/www.reitverein-ellefeld.de\/wp-content\/uploads\/WhatsApp-Image-2025-11-10-at-21.15.06-1.jpeg 1600w\" sizes=\"(max-width: 1024px) 100vw, 1024px\" \/><\/a><\/figure>\n\n\n\n<figure class=\"wp-block-image size-large\"><a href=\"https:\/\/www.reitverein-ellefeld.de\/wp-content\/uploads\/WhatsApp-Image-2025-11-10-at-21.15.06.jpeg\"><img decoding=\"async\" loading=\"lazy\" width=\"1024\" height=\"682\" data-id=\"63511\"  src=\"https:\/\/www.reitverein-ellefeld.de\/wp-content\/uploads\/WhatsApp-Image-2025-11-10-at-21.15.06-1024x682.jpeg\" alt=\"\" class=\"wp-image-63511\" srcset=\"https:\/\/www.reitverein-ellefeld.de\/wp-content\/uploads\/WhatsApp-Image-2025-11-10-at-21.15.06-1024x682.jpeg 1024w, https:\/\/www.reitverein-ellefeld.de\/wp-content\/uploads\/WhatsApp-Image-2025-11-10-at-21.15.06-300x200.jpeg 300w, https:\/\/www.reitverein-ellefeld.de\/wp-content\/uploads\/WhatsApp-Image-2025-11-10-at-21.15.06-768x512.jpeg 768w, https:\/\/www.reitverein-ellefeld.de\/wp-content\/uploads\/WhatsApp-Image-2025-11-10-at-21.15.06-1536x1023.jpeg 1536w, https:\/\/www.reitverein-ellefeld.de\/wp-content\/uploads\/WhatsApp-Image-2025-11-10-at-21.15.06.jpeg 1600w\" sizes=\"(max-width: 1024px) 100vw, 1024px\" \/><\/a><\/figure>\n\n\n\n<figure class=\"wp-block-image size-large\"><a href=\"https:\/\/www.reitverein-ellefeld.de\/wp-content\/uploads\/WhatsApp-Image-2025-11-10-at-21.15.07-1.jpeg\"><img decoding=\"async\" loading=\"lazy\" width=\"1024\" height=\"682\" data-id=\"63494\"  src=\"https:\/\/www.reitverein-ellefeld.de\/wp-content\/uploads\/WhatsApp-Image-2025-11-10-at-21.15.07-1-1024x682.jpeg\" alt=\"\" class=\"wp-image-63494\" srcset=\"https:\/\/www.reitverein-ellefeld.de\/wp-content\/uploads\/WhatsApp-Image-2025-11-10-at-21.15.07-1-1024x682.jpeg 1024w, https:\/\/www.reitverein-ellefeld.de\/wp-content\/uploads\/WhatsApp-Image-2025-11-10-at-21.15.07-1-300x200.jpeg 300w, https:\/\/www.reitverein-ellefeld.de\/wp-content\/uploads\/WhatsApp-Image-2025-11-10-at-21.15.07-1-768x512.jpeg 768w, https:\/\/www.reitverein-ellefeld.de\/wp-content\/uploads\/WhatsApp-Image-2025-11-10-at-21.15.07-1-1536x1023.jpeg 1536w, https:\/\/www.reitverein-ellefeld.de\/wp-content\/uploads\/WhatsApp-Image-2025-11-10-at-21.15.07-1.jpeg 1600w\" sizes=\"(max-width: 1024px) 100vw, 1024px\" \/><\/a><\/figure>\n\n\n\n<figure class=\"wp-block-image size-large\"><a href=\"https:\/\/www.reitverein-ellefeld.de\/wp-content\/uploads\/WhatsApp-Image-2025-11-10-at-21.15.07-2.jpeg\"><img decoding=\"async\" loading=\"lazy\" width=\"1024\" height=\"682\" data-id=\"63597\"  src=\"https:\/\/www.reitverein-ellefeld.de\/wp-content\/uploads\/WhatsApp-Image-2025-11-10-at-21.15.07-2-1024x682.jpeg\" alt=\"\" class=\"wp-image-63597\" srcset=\"https:\/\/www.reitverein-ellefeld.de\/wp-content\/uploads\/WhatsApp-Image-2025-11-10-at-21.15.07-2-1024x682.jpeg 1024w, https:\/\/www.reitverein-ellefeld.de\/wp-content\/uploads\/WhatsApp-Image-2025-11-10-at-21.15.07-2-300x200.jpeg 300w, https:\/\/www.reitverein-ellefeld.de\/wp-content\/uploads\/WhatsApp-Image-2025-11-10-at-21.15.07-2-768x511.jpeg 768w, https:\/\/www.reitverein-ellefeld.de\/wp-content\/uploads\/WhatsApp-Image-2025-11-10-at-21.15.07-2-1536x1022.jpeg 1536w, https:\/\/www.reitverein-ellefeld.de\/wp-content\/uploads\/WhatsApp-Image-2025-11-10-at-21.15.07-2.jpeg 1600w\" sizes=\"(max-width: 1024px) 100vw, 1024px\" \/><\/a><\/figure>\n\n\n\n<figure class=\"wp-block-image size-large\"><a href=\"https:\/\/www.reitverein-ellefeld.de\/wp-content\/uploads\/WhatsApp-Image-2025-11-10-at-21.15.07.jpeg\"><img decoding=\"async\" loading=\"lazy\" width=\"1024\" height=\"682\" data-id=\"63598\"  src=\"https:\/\/www.reitverein-ellefeld.de\/wp-content\/uploads\/WhatsApp-Image-2025-11-10-at-21.15.07-1024x682.jpeg\" alt=\"\" class=\"wp-image-63598\" srcset=\"https:\/\/www.reitverein-ellefeld.de\/wp-content\/uploads\/WhatsApp-Image-2025-11-10-at-21.15.07-1024x682.jpeg 1024w, https:\/\/www.reitverein-ellefeld.de\/wp-content\/uploads\/WhatsApp-Image-2025-11-10-at-21.15.07-300x200.jpeg 300w, https:\/\/www.reitverein-ellefeld.de\/wp-content\/uploads\/WhatsApp-Image-2025-11-10-at-21.15.07-768x512.jpeg 768w, https:\/\/www.reitverein-ellefeld.de\/wp-content\/uploads\/WhatsApp-Image-2025-11-10-at-21.15.07-1536x1023.jpeg 1536w, https:\/\/www.reitverein-ellefeld.de\/wp-content\/uploads\/WhatsApp-Image-2025-11-10-at-21.15.07.jpeg 1600w\" sizes=\"(max-width: 1024px) 100vw, 1024px\" \/><\/a><\/figure>\n\n\n\n<figure class=\"wp-block-image size-large\"><a href=\"https:\/\/www.reitverein-ellefeld.de\/wp-content\/uploads\/WhatsApp-Image-2025-11-10-at-21.15.29-1.jpeg\"><img decoding=\"async\" loading=\"lazy\" width=\"1024\" height=\"682\" data-id=\"63528\"  src=\"https:\/\/www.reitverein-ellefeld.de\/wp-content\/uploads\/WhatsApp-Image-2025-11-10-at-21.15.29-1-1024x682.jpeg\" alt=\"\" class=\"wp-image-63528\" srcset=\"https:\/\/www.reitverein-ellefeld.de\/wp-content\/uploads\/WhatsApp-Image-2025-11-10-at-21.15.29-1-1024x682.jpeg 1024w, https:\/\/www.reitverein-ellefeld.de\/wp-content\/uploads\/WhatsApp-Image-2025-11-10-at-21.15.29-1-300x200.jpeg 300w, https:\/\/www.reitverein-ellefeld.de\/wp-content\/uploads\/WhatsApp-Image-2025-11-10-at-21.15.29-1-768x512.jpeg 768w, https:\/\/www.reitverein-ellefeld.de\/wp-content\/uploads\/WhatsApp-Image-2025-11-10-at-21.15.29-1-1536x1023.jpeg 1536w, https:\/\/www.reitverein-ellefeld.de\/wp-content\/uploads\/WhatsApp-Image-2025-11-10-at-21.15.29-1.jpeg 1600w\" sizes=\"(max-width: 1024px) 100vw, 1024px\" \/><\/a><\/figure>\n\n\n\n<figure class=\"wp-block-image size-large\"><a href=\"https:\/\/www.reitverein-ellefeld.de\/wp-content\/uploads\/WhatsApp-Image-2025-11-10-at-21.15.29.jpeg\"><img decoding=\"async\" loading=\"lazy\" width=\"1024\" height=\"683\" data-id=\"63544\"  src=\"https:\/\/www.reitverein-ellefeld.de\/wp-content\/uploads\/WhatsApp-Image-2025-11-10-at-21.15.29-1024x683.jpeg\" alt=\"\" class=\"wp-image-63544\" srcset=\"https:\/\/www.reitverein-ellefeld.de\/wp-content\/uploads\/WhatsApp-Image-2025-11-10-at-21.15.29-1024x683.jpeg 1024w, https:\/\/www.reitverein-ellefeld.de\/wp-content\/uploads\/WhatsApp-Image-2025-11-10-at-21.15.29-300x200.jpeg 300w, https:\/\/www.reitverein-ellefeld.de\/wp-content\/uploads\/WhatsApp-Image-2025-11-10-at-21.15.29-768x512.jpeg 768w, https:\/\/www.reitverein-ellefeld.de\/wp-content\/uploads\/WhatsApp-Image-2025-11-10-at-21.15.29-1536x1024.jpeg 1536w, https:\/\/www.reitverein-ellefeld.de\/wp-content\/uploads\/WhatsApp-Image-2025-11-10-at-21.15.29.jpeg 1600w\" sizes=\"(max-width: 1024px) 100vw, 1024px\" \/><\/a><\/figure>\n\n\n\n<figure class=\"wp-block-image size-large\"><a href=\"https:\/\/www.reitverein-ellefeld.de\/wp-content\/uploads\/WhatsApp-Image-2025-11-10-at-21.15.30-1.jpeg\"><img decoding=\"async\" loading=\"lazy\" width=\"1024\" height=\"683\" data-id=\"63589\"  src=\"https:\/\/www.reitverein-ellefeld.de\/wp-content\/uploads\/WhatsApp-Image-2025-11-10-at-21.15.30-1-1024x683.jpeg\" alt=\"\" class=\"wp-image-63589\" srcset=\"https:\/\/www.reitverein-ellefeld.de\/wp-content\/uploads\/WhatsApp-Image-2025-11-10-at-21.15.30-1-1024x683.jpeg 1024w, https:\/\/www.reitverein-ellefeld.de\/wp-content\/uploads\/WhatsApp-Image-2025-11-10-at-21.15.30-1-300x200.jpeg 300w, https:\/\/www.reitverein-ellefeld.de\/wp-content\/uploads\/WhatsApp-Image-2025-11-10-at-21.15.30-1-768x512.jpeg 768w, https:\/\/www.reitverein-ellefeld.de\/wp-content\/uploads\/WhatsApp-Image-2025-11-10-at-21.15.30-1-1536x1024.jpeg 1536w, https:\/\/www.reitverein-ellefeld.de\/wp-content\/uploads\/WhatsApp-Image-2025-11-10-at-21.15.30-1.jpeg 1600w\" sizes=\"(max-width: 1024px) 100vw, 1024px\" \/><\/a><\/figure>\n\n\n\n<figure class=\"wp-block-image size-large\"><a href=\"https:\/\/www.reitverein-ellefeld.de\/wp-content\/uploads\/WhatsApp-Image-2025-11-10-at-21.15.30.jpeg\"><img decoding=\"async\" loading=\"lazy\" width=\"1024\" height=\"683\" data-id=\"63595\"  src=\"https:\/\/www.reitverein-ellefeld.de\/wp-content\/uploads\/WhatsApp-Image-2025-11-10-at-21.15.30-1024x683.jpeg\" alt=\"\" class=\"wp-image-63595\" srcset=\"https:\/\/www.reitverein-ellefeld.de\/wp-content\/uploads\/WhatsApp-Image-2025-11-10-at-21.15.30-1024x683.jpeg 1024w, https:\/\/www.reitverein-ellefeld.de\/wp-content\/uploads\/WhatsApp-Image-2025-11-10-at-21.15.30-300x200.jpeg 300w, https:\/\/www.reitverein-ellefeld.de\/wp-content\/uploads\/WhatsApp-Image-2025-11-10-at-21.15.30-768x512.jpeg 768w, https:\/\/www.reitverein-ellefeld.de\/wp-content\/uploads\/WhatsApp-Image-2025-11-10-at-21.15.30-1536x1024.jpeg 1536w, https:\/\/www.reitverein-ellefeld.de\/wp-content\/uploads\/WhatsApp-Image-2025-11-10-at-21.15.30.jpeg 1600w\" sizes=\"(max-width: 1024px) 100vw, 1024px\" \/><\/a><\/figure>\n\n\n\n<figure class=\"wp-block-image size-large\"><a href=\"https:\/\/www.reitverein-ellefeld.de\/wp-content\/uploads\/WhatsApp-Image-2025-11-10-at-21.15.31-1.jpeg\"><img decoding=\"async\" loading=\"lazy\" width=\"1024\" height=\"683\" data-id=\"63567\"  src=\"https:\/\/www.reitverein-ellefeld.de\/wp-content\/uploads\/WhatsApp-Image-2025-11-10-at-21.15.31-1-1024x683.jpeg\" alt=\"\" class=\"wp-image-63567\" srcset=\"https:\/\/www.reitverein-ellefeld.de\/wp-content\/uploads\/WhatsApp-Image-2025-11-10-at-21.15.31-1-1024x683.jpeg 1024w, https:\/\/www.reitverein-ellefeld.de\/wp-content\/uploads\/WhatsApp-Image-2025-11-10-at-21.15.31-1-300x200.jpeg 300w, https:\/\/www.reitverein-ellefeld.de\/wp-content\/uploads\/WhatsApp-Image-2025-11-10-at-21.15.31-1-768x512.jpeg 768w, https:\/\/www.reitverein-ellefeld.de\/wp-content\/uploads\/WhatsApp-Image-2025-11-10-at-21.15.31-1-1536x1024.jpeg 1536w, https:\/\/www.reitverein-ellefeld.de\/wp-content\/uploads\/WhatsApp-Image-2025-11-10-at-21.15.31-1.jpeg 1600w\" sizes=\"(max-width: 1024px) 100vw, 1024px\" \/><\/a><\/figure>\n\n\n\n<figure class=\"wp-block-image size-large\"><a href=\"https:\/\/www.reitverein-ellefeld.de\/wp-content\/uploads\/WhatsApp-Image-2025-11-10-at-21.15.31.jpeg\"><img decoding=\"async\" loading=\"lazy\" width=\"1024\" height=\"683\" data-id=\"63584\"  src=\"https:\/\/www.reitverein-ellefeld.de\/wp-content\/uploads\/WhatsApp-Image-2025-11-10-at-21.15.31-1024x683.jpeg\" alt=\"\" class=\"wp-image-63584\" srcset=\"https:\/\/www.reitverein-ellefeld.de\/wp-content\/uploads\/WhatsApp-Image-2025-11-10-at-21.15.31-1024x683.jpeg 1024w, https:\/\/www.reitverein-ellefeld.de\/wp-content\/uploads\/WhatsApp-Image-2025-11-10-at-21.15.31-300x200.jpeg 300w, https:\/\/www.reitverein-ellefeld.de\/wp-content\/uploads\/WhatsApp-Image-2025-11-10-at-21.15.31-768x512.jpeg 768w, https:\/\/www.reitverein-ellefeld.de\/wp-content\/uploads\/WhatsApp-Image-2025-11-10-at-21.15.31-1536x1024.jpeg 1536w, https:\/\/www.reitverein-ellefeld.de\/wp-content\/uploads\/WhatsApp-Image-2025-11-10-at-21.15.31.jpeg 1600w\" sizes=\"(max-width: 1024px) 100vw, 1024px\" \/><\/a><\/figure>\n\n\n\n<figure class=\"wp-block-image size-large\"><a href=\"https:\/\/www.reitverein-ellefeld.de\/wp-content\/uploads\/WhatsApp-Image-2025-11-10-at-21.16.05-1.jpeg\"><img decoding=\"async\" loading=\"lazy\" width=\"1024\" height=\"682\" data-id=\"63523\"  src=\"https:\/\/www.reitverein-ellefeld.de\/wp-content\/uploads\/WhatsApp-Image-2025-11-10-at-21.16.05-1-1024x682.jpeg\" alt=\"\" class=\"wp-image-63523\" srcset=\"https:\/\/www.reitverein-ellefeld.de\/wp-content\/uploads\/WhatsApp-Image-2025-11-10-at-21.16.05-1-1024x682.jpeg 1024w, https:\/\/www.reitverein-ellefeld.de\/wp-content\/uploads\/WhatsApp-Image-2025-11-10-at-21.16.05-1-300x200.jpeg 300w, https:\/\/www.reitverein-ellefeld.de\/wp-content\/uploads\/WhatsApp-Image-2025-11-10-at-21.16.05-1-768x512.jpeg 768w, https:\/\/www.reitverein-ellefeld.de\/wp-content\/uploads\/WhatsApp-Image-2025-11-10-at-21.16.05-1-1536x1023.jpeg 1536w, https:\/\/www.reitverein-ellefeld.de\/wp-content\/uploads\/WhatsApp-Image-2025-11-10-at-21.16.05-1.jpeg 1600w\" sizes=\"(max-width: 1024px) 100vw, 1024px\" \/><\/a><\/figure>\n\n\n\n<figure class=\"wp-block-image size-large\"><a href=\"https:\/\/www.reitverein-ellefeld.de\/wp-content\/uploads\/WhatsApp-Image-2025-11-10-at-21.16.05.jpeg\"><img decoding=\"async\" loading=\"lazy\" width=\"1024\" height=\"682\" data-id=\"63502\"  src=\"https:\/\/www.reitverein-ellefeld.de\/wp-content\/uploads\/WhatsApp-Image-2025-11-10-at-21.16.05-1024x682.jpeg\" alt=\"\" class=\"wp-image-63502\" srcset=\"https:\/\/www.reitverein-ellefeld.de\/wp-content\/uploads\/WhatsApp-Image-2025-11-10-at-21.16.05-1024x682.jpeg 1024w, https:\/\/www.reitverein-ellefeld.de\/wp-content\/uploads\/WhatsApp-Image-2025-11-10-at-21.16.05-300x200.jpeg 300w, https:\/\/www.reitverein-ellefeld.de\/wp-content\/uploads\/WhatsApp-Image-2025-11-10-at-21.16.05-768x512.jpeg 768w, https:\/\/www.reitverein-ellefeld.de\/wp-content\/uploads\/WhatsApp-Image-2025-11-10-at-21.16.05-1536x1023.jpeg 1536w, https:\/\/www.reitverein-ellefeld.de\/wp-content\/uploads\/WhatsApp-Image-2025-11-10-at-21.16.05.jpeg 1600w\" sizes=\"(max-width: 1024px) 100vw, 1024px\" \/><\/a><\/figure>\n\n\n\n<figure class=\"wp-block-image size-large\"><a href=\"https:\/\/www.reitverein-ellefeld.de\/wp-content\/uploads\/WhatsApp-Image-2025-11-10-at-21.16.06-1.jpeg\"><img decoding=\"async\" loading=\"lazy\" width=\"1024\" height=\"682\" data-id=\"63612\"  src=\"https:\/\/www.reitverein-ellefeld.de\/wp-content\/uploads\/WhatsApp-Image-2025-11-10-at-21.16.06-1-1024x682.jpeg\" alt=\"\" class=\"wp-image-63612\" srcset=\"https:\/\/www.reitverein-ellefeld.de\/wp-content\/uploads\/WhatsApp-Image-2025-11-10-at-21.16.06-1-1024x682.jpeg 1024w, https:\/\/www.reitverein-ellefeld.de\/wp-content\/uploads\/WhatsApp-Image-2025-11-10-at-21.16.06-1-300x200.jpeg 300w, https:\/\/www.reitverein-ellefeld.de\/wp-content\/uploads\/WhatsApp-Image-2025-11-10-at-21.16.06-1-768x512.jpeg 768w, https:\/\/www.reitverein-ellefeld.de\/wp-content\/uploads\/WhatsApp-Image-2025-11-10-at-21.16.06-1-1536x1023.jpeg 1536w, https:\/\/www.reitverein-ellefeld.de\/wp-content\/uploads\/WhatsApp-Image-2025-11-10-at-21.16.06-1.jpeg 1600w\" sizes=\"(max-width: 1024px) 100vw, 1024px\" \/><\/a><\/figure>\n\n\n\n<figure class=\"wp-block-image size-large\"><a href=\"https:\/\/www.reitverein-ellefeld.de\/wp-content\/uploads\/WhatsApp-Image-2025-11-10-at-21.16.06-2.jpeg\"><img decoding=\"async\" loading=\"lazy\" width=\"1024\" height=\"683\" data-id=\"63571\"  src=\"https:\/\/www.reitverein-ellefeld.de\/wp-content\/uploads\/WhatsApp-Image-2025-11-10-at-21.16.06-2-1024x683.jpeg\" alt=\"\" class=\"wp-image-63571\" srcset=\"https:\/\/www.reitverein-ellefeld.de\/wp-content\/uploads\/WhatsApp-Image-2025-11-10-at-21.16.06-2-1024x683.jpeg 1024w, https:\/\/www.reitverein-ellefeld.de\/wp-content\/uploads\/WhatsApp-Image-2025-11-10-at-21.16.06-2-300x200.jpeg 300w, https:\/\/www.reitverein-ellefeld.de\/wp-content\/uploads\/WhatsApp-Image-2025-11-10-at-21.16.06-2-768x512.jpeg 768w, https:\/\/www.reitverein-ellefeld.de\/wp-content\/uploads\/WhatsApp-Image-2025-11-10-at-21.16.06-2-1536x1024.jpeg 1536w, https:\/\/www.reitverein-ellefeld.de\/wp-content\/uploads\/WhatsApp-Image-2025-11-10-at-21.16.06-2.jpeg 1600w\" sizes=\"(max-width: 1024px) 100vw, 1024px\" \/><\/a><\/figure>\n\n\n\n<figure class=\"wp-block-image size-large\"><a href=\"https:\/\/www.reitverein-ellefeld.de\/wp-content\/uploads\/WhatsApp-Image-2025-11-10-at-21.16.06-3.jpeg\"><img decoding=\"async\" loading=\"lazy\" width=\"1024\" height=\"683\" data-id=\"63617\"  src=\"https:\/\/www.reitverein-ellefeld.de\/wp-content\/uploads\/WhatsApp-Image-2025-11-10-at-21.16.06-3-1024x683.jpeg\" alt=\"\" class=\"wp-image-63617\" srcset=\"https:\/\/www.reitverein-ellefeld.de\/wp-content\/uploads\/WhatsApp-Image-2025-11-10-at-21.16.06-3-1024x683.jpeg 1024w, https:\/\/www.reitverein-ellefeld.de\/wp-content\/uploads\/WhatsApp-Image-2025-11-10-at-21.16.06-3-300x200.jpeg 300w, https:\/\/www.reitverein-ellefeld.de\/wp-content\/uploads\/WhatsApp-Image-2025-11-10-at-21.16.06-3-768x512.jpeg 768w, https:\/\/www.reitverein-ellefeld.de\/wp-content\/uploads\/WhatsApp-Image-2025-11-10-at-21.16.06-3-1536x1024.jpeg 1536w, https:\/\/www.reitverein-ellefeld.de\/wp-content\/uploads\/WhatsApp-Image-2025-11-10-at-21.16.06-3.jpeg 1600w\" sizes=\"(max-width: 1024px) 100vw, 1024px\" \/><\/a><\/figure>\n\n\n\n<figure class=\"wp-block-image size-large\"><a href=\"https:\/\/www.reitverein-ellefeld.de\/wp-content\/uploads\/WhatsApp-Image-2025-11-10-at-21.16.06-4.jpeg\"><img decoding=\"async\" loading=\"lazy\" width=\"682\" height=\"1024\" data-id=\"63493\"  src=\"https:\/\/www.reitverein-ellefeld.de\/wp-content\/uploads\/WhatsApp-Image-2025-11-10-at-21.16.06-4-682x1024.jpeg\" alt=\"\" class=\"wp-image-63493\" srcset=\"https:\/\/www.reitverein-ellefeld.de\/wp-content\/uploads\/WhatsApp-Image-2025-11-10-at-21.16.06-4-682x1024.jpeg 682w, https:\/\/www.reitverein-ellefeld.de\/wp-content\/uploads\/WhatsApp-Image-2025-11-10-at-21.16.06-4-200x300.jpeg 200w, https:\/\/www.reitverein-ellefeld.de\/wp-content\/uploads\/WhatsApp-Image-2025-11-10-at-21.16.06-4-768x1153.jpeg 768w, https:\/\/www.reitverein-ellefeld.de\/wp-content\/uploads\/WhatsApp-Image-2025-11-10-at-21.16.06-4-1023x1536.jpeg 1023w, https:\/\/www.reitverein-ellefeld.de\/wp-content\/uploads\/WhatsApp-Image-2025-11-10-at-21.16.06-4.jpeg 1066w\" sizes=\"(max-width: 682px) 100vw, 682px\" \/><\/a><\/figure>\n\n\n\n<figure class=\"wp-block-image size-large\"><a href=\"https:\/\/www.reitverein-ellefeld.de\/wp-content\/uploads\/WhatsApp-Image-2025-11-10-at-21.16.06-5.jpeg\"><img decoding=\"async\" loading=\"lazy\" width=\"1024\" height=\"683\" data-id=\"63568\"  src=\"https:\/\/www.reitverein-ellefeld.de\/wp-content\/uploads\/WhatsApp-Image-2025-11-10-at-21.16.06-5-1024x683.jpeg\" alt=\"\" class=\"wp-image-63568\" srcset=\"https:\/\/www.reitverein-ellefeld.de\/wp-content\/uploads\/WhatsApp-Image-2025-11-10-at-21.16.06-5-1024x683.jpeg 1024w, https:\/\/www.reitverein-ellefeld.de\/wp-content\/uploads\/WhatsApp-Image-2025-11-10-at-21.16.06-5-300x200.jpeg 300w, https:\/\/www.reitverein-ellefeld.de\/wp-content\/uploads\/WhatsApp-Image-2025-11-10-at-21.16.06-5-768x512.jpeg 768w, https:\/\/www.reitverein-ellefeld.de\/wp-content\/uploads\/WhatsApp-Image-2025-11-10-at-21.16.06-5-1536x1024.jpeg 1536w, https:\/\/www.reitverein-ellefeld.de\/wp-content\/uploads\/WhatsApp-Image-2025-11-10-at-21.16.06-5.jpeg 1600w\" sizes=\"(max-width: 1024px) 100vw, 1024px\" \/><\/a><\/figure>\n\n\n\n<figure class=\"wp-block-image size-large\"><a href=\"https:\/\/www.reitverein-ellefeld.de\/wp-content\/uploads\/WhatsApp-Image-2025-11-10-at-21.16.06-6.jpeg\"><img decoding=\"async\" loading=\"lazy\" width=\"1024\" height=\"683\" data-id=\"63586\"  src=\"https:\/\/www.reitverein-ellefeld.de\/wp-content\/uploads\/WhatsApp-Image-2025-11-10-at-21.16.06-6-1024x683.jpeg\" alt=\"\" class=\"wp-image-63586\" srcset=\"https:\/\/www.reitverein-ellefeld.de\/wp-content\/uploads\/WhatsApp-Image-2025-11-10-at-21.16.06-6-1024x683.jpeg 1024w, https:\/\/www.reitverein-ellefeld.de\/wp-content\/uploads\/WhatsApp-Image-2025-11-10-at-21.16.06-6-300x200.jpeg 300w, https:\/\/www.reitverein-ellefeld.de\/wp-content\/uploads\/WhatsApp-Image-2025-11-10-at-21.16.06-6-768x512.jpeg 768w, https:\/\/www.reitverein-ellefeld.de\/wp-content\/uploads\/WhatsApp-Image-2025-11-10-at-21.16.06-6-1536x1024.jpeg 1536w, https:\/\/www.reitverein-ellefeld.de\/wp-content\/uploads\/WhatsApp-Image-2025-11-10-at-21.16.06-6.jpeg 1600w\" sizes=\"(max-width: 1024px) 100vw, 1024px\" \/><\/a><\/figure>\n\n\n\n<figure class=\"wp-block-image size-large\"><a href=\"https:\/\/www.reitverein-ellefeld.de\/wp-content\/uploads\/WhatsApp-Image-2025-11-10-at-21.16.06.jpeg\"><img decoding=\"async\" loading=\"lazy\" width=\"1024\" height=\"682\" data-id=\"63609\"  src=\"https:\/\/www.reitverein-ellefeld.de\/wp-content\/uploads\/WhatsApp-Image-2025-11-10-at-21.16.06-1024x682.jpeg\" alt=\"\" class=\"wp-image-63609\" srcset=\"https:\/\/www.reitverein-ellefeld.de\/wp-content\/uploads\/WhatsApp-Image-2025-11-10-at-21.16.06-1024x682.jpeg 1024w, https:\/\/www.reitverein-ellefeld.de\/wp-content\/uploads\/WhatsApp-Image-2025-11-10-at-21.16.06-300x200.jpeg 300w, https:\/\/www.reitverein-ellefeld.de\/wp-content\/uploads\/WhatsApp-Image-2025-11-10-at-21.16.06-768x512.jpeg 768w, https:\/\/www.reitverein-ellefeld.de\/wp-content\/uploads\/WhatsApp-Image-2025-11-10-at-21.16.06-1536x1023.jpeg 1536w, https:\/\/www.reitverein-ellefeld.de\/wp-content\/uploads\/WhatsApp-Image-2025-11-10-at-21.16.06.jpeg 1600w\" sizes=\"(max-width: 1024px) 100vw, 1024px\" \/><\/a><\/figure>\n\n\n\n<figure class=\"wp-block-image size-large\"><a href=\"https:\/\/www.reitverein-ellefeld.de\/wp-content\/uploads\/WhatsApp-Image-2025-11-10-at-21.16.07-1.jpeg\"><img decoding=\"async\" loading=\"lazy\" width=\"682\" height=\"1024\" data-id=\"63492\"  src=\"https:\/\/www.reitverein-ellefeld.de\/wp-content\/uploads\/WhatsApp-Image-2025-11-10-at-21.16.07-1-682x1024.jpeg\" alt=\"\" class=\"wp-image-63492\" srcset=\"https:\/\/www.reitverein-ellefeld.de\/wp-content\/uploads\/WhatsApp-Image-2025-11-10-at-21.16.07-1-682x1024.jpeg 682w, https:\/\/www.reitverein-ellefeld.de\/wp-content\/uploads\/WhatsApp-Image-2025-11-10-at-21.16.07-1-200x300.jpeg 200w, https:\/\/www.reitverein-ellefeld.de\/wp-content\/uploads\/WhatsApp-Image-2025-11-10-at-21.16.07-1-768x1153.jpeg 768w, https:\/\/www.reitverein-ellefeld.de\/wp-content\/uploads\/WhatsApp-Image-2025-11-10-at-21.16.07-1-1023x1536.jpeg 1023w, https:\/\/www.reitverein-ellefeld.de\/wp-content\/uploads\/WhatsApp-Image-2025-11-10-at-21.16.07-1.jpeg 1066w\" sizes=\"(max-width: 682px) 100vw, 682px\" \/><\/a><\/figure>\n\n\n\n<figure class=\"wp-block-image size-large\"><a href=\"https:\/\/www.reitverein-ellefeld.de\/wp-content\/uploads\/WhatsApp-Image-2025-11-10-at-21.16.07.jpeg\"><img decoding=\"async\" loading=\"lazy\" width=\"682\" height=\"1024\" data-id=\"63496\"  src=\"https:\/\/www.reitverein-ellefeld.de\/wp-content\/uploads\/WhatsApp-Image-2025-11-10-at-21.16.07-682x1024.jpeg\" alt=\"\" class=\"wp-image-63496\" srcset=\"https:\/\/www.reitverein-ellefeld.de\/wp-content\/uploads\/WhatsApp-Image-2025-11-10-at-21.16.07-682x1024.jpeg 682w, https:\/\/www.reitverein-ellefeld.de\/wp-content\/uploads\/WhatsApp-Image-2025-11-10-at-21.16.07-200x300.jpeg 200w, https:\/\/www.reitverein-ellefeld.de\/wp-content\/uploads\/WhatsApp-Image-2025-11-10-at-21.16.07-768x1153.jpeg 768w, https:\/\/www.reitverein-ellefeld.de\/wp-content\/uploads\/WhatsApp-Image-2025-11-10-at-21.16.07-1023x1536.jpeg 1023w, https:\/\/www.reitverein-ellefeld.de\/wp-content\/uploads\/WhatsApp-Image-2025-11-10-at-21.16.07.jpeg 1066w\" sizes=\"(max-width: 682px) 100vw, 682px\" \/><\/a><\/figure>\n\n\n\n<figure class=\"wp-block-image size-large\"><a href=\"https:\/\/www.reitverein-ellefeld.de\/wp-content\/uploads\/WhatsApp-Image-2025-11-10-at-21.16.36-1.jpeg\"><img decoding=\"async\" loading=\"lazy\" width=\"1024\" height=\"683\" data-id=\"63594\"  src=\"https:\/\/www.reitverein-ellefeld.de\/wp-content\/uploads\/WhatsApp-Image-2025-11-10-at-21.16.36-1-1024x683.jpeg\" alt=\"\" class=\"wp-image-63594\" srcset=\"https:\/\/www.reitverein-ellefeld.de\/wp-content\/uploads\/WhatsApp-Image-2025-11-10-at-21.16.36-1-1024x683.jpeg 1024w, https:\/\/www.reitverein-ellefeld.de\/wp-content\/uploads\/WhatsApp-Image-2025-11-10-at-21.16.36-1-300x200.jpeg 300w, https:\/\/www.reitverein-ellefeld.de\/wp-content\/uploads\/WhatsApp-Image-2025-11-10-at-21.16.36-1-768x512.jpeg 768w, https:\/\/www.reitverein-ellefeld.de\/wp-content\/uploads\/WhatsApp-Image-2025-11-10-at-21.16.36-1-1536x1024.jpeg 1536w, https:\/\/www.reitverein-ellefeld.de\/wp-content\/uploads\/WhatsApp-Image-2025-11-10-at-21.16.36-1.jpeg 1600w\" sizes=\"(max-width: 1024px) 100vw, 1024px\" \/><\/a><\/figure>\n\n\n\n<figure class=\"wp-block-image size-large\"><a href=\"https:\/\/www.reitverein-ellefeld.de\/wp-content\/uploads\/WhatsApp-Image-2025-11-10-at-21.16.36-2.jpeg\"><img decoding=\"async\" loading=\"lazy\" width=\"1024\" height=\"683\" data-id=\"63585\"  src=\"https:\/\/www.reitverein-ellefeld.de\/wp-content\/uploads\/WhatsApp-Image-2025-11-10-at-21.16.36-2-1024x683.jpeg\" alt=\"\" class=\"wp-image-63585\" srcset=\"https:\/\/www.reitverein-ellefeld.de\/wp-content\/uploads\/WhatsApp-Image-2025-11-10-at-21.16.36-2-1024x683.jpeg 1024w, https:\/\/www.reitverein-ellefeld.de\/wp-content\/uploads\/WhatsApp-Image-2025-11-10-at-21.16.36-2-300x200.jpeg 300w, https:\/\/www.reitverein-ellefeld.de\/wp-content\/uploads\/WhatsApp-Image-2025-11-10-at-21.16.36-2-768x512.jpeg 768w, https:\/\/www.reitverein-ellefeld.de\/wp-content\/uploads\/WhatsApp-Image-2025-11-10-at-21.16.36-2-1536x1024.jpeg 1536w, https:\/\/www.reitverein-ellefeld.de\/wp-content\/uploads\/WhatsApp-Image-2025-11-10-at-21.16.36-2.jpeg 1600w\" sizes=\"(max-width: 1024px) 100vw, 1024px\" \/><\/a><\/figure>\n\n\n\n<figure class=\"wp-block-image size-large\"><a href=\"https:\/\/www.reitverein-ellefeld.de\/wp-content\/uploads\/WhatsApp-Image-2025-11-10-at-21.16.36.jpeg\"><img decoding=\"async\" loading=\"lazy\" width=\"1024\" height=\"682\" data-id=\"63526\"  src=\"https:\/\/www.reitverein-ellefeld.de\/wp-content\/uploads\/WhatsApp-Image-2025-11-10-at-21.16.36-1024x682.jpeg\" alt=\"\" class=\"wp-image-63526\" srcset=\"https:\/\/www.reitverein-ellefeld.de\/wp-content\/uploads\/WhatsApp-Image-2025-11-10-at-21.16.36-1024x682.jpeg 1024w, https:\/\/www.reitverein-ellefeld.de\/wp-content\/uploads\/WhatsApp-Image-2025-11-10-at-21.16.36-300x200.jpeg 300w, https:\/\/www.reitverein-ellefeld.de\/wp-content\/uploads\/WhatsApp-Image-2025-11-10-at-21.16.36-768x512.jpeg 768w, https:\/\/www.reitverein-ellefeld.de\/wp-content\/uploads\/WhatsApp-Image-2025-11-10-at-21.16.36-1536x1023.jpeg 1536w, https:\/\/www.reitverein-ellefeld.de\/wp-content\/uploads\/WhatsApp-Image-2025-11-10-at-21.16.36.jpeg 1600w\" sizes=\"(max-width: 1024px) 100vw, 1024px\" \/><\/a><\/figure>\n\n\n\n<figure class=\"wp-block-image size-large\"><a href=\"https:\/\/www.reitverein-ellefeld.de\/wp-content\/uploads\/WhatsApp-Image-2025-11-10-at-21.16.37-1.jpeg\"><img decoding=\"async\" loading=\"lazy\" width=\"1024\" height=\"683\" data-id=\"63576\"  src=\"https:\/\/www.reitverein-ellefeld.de\/wp-content\/uploads\/WhatsApp-Image-2025-11-10-at-21.16.37-1-1024x683.jpeg\" alt=\"\" class=\"wp-image-63576\" srcset=\"https:\/\/www.reitverein-ellefeld.de\/wp-content\/uploads\/WhatsApp-Image-2025-11-10-at-21.16.37-1-1024x683.jpeg 1024w, https:\/\/www.reitverein-ellefeld.de\/wp-content\/uploads\/WhatsApp-Image-2025-11-10-at-21.16.37-1-300x200.jpeg 300w, https:\/\/www.reitverein-ellefeld.de\/wp-content\/uploads\/WhatsApp-Image-2025-11-10-at-21.16.37-1-768x512.jpeg 768w, https:\/\/www.reitverein-ellefeld.de\/wp-content\/uploads\/WhatsApp-Image-2025-11-10-at-21.16.37-1-1536x1024.jpeg 1536w, https:\/\/www.reitverein-ellefeld.de\/wp-content\/uploads\/WhatsApp-Image-2025-11-10-at-21.16.37-1.jpeg 1600w\" sizes=\"(max-width: 1024px) 100vw, 1024px\" \/><\/a><\/figure>\n\n\n\n<figure class=\"wp-block-image size-large\"><a href=\"https:\/\/www.reitverein-ellefeld.de\/wp-content\/uploads\/WhatsApp-Image-2025-11-10-at-21.16.37-2.jpeg\"><img decoding=\"async\" loading=\"lazy\" width=\"682\" height=\"1024\" data-id=\"63527\"  src=\"https:\/\/www.reitverein-ellefeld.de\/wp-content\/uploads\/WhatsApp-Image-2025-11-10-at-21.16.37-2-682x1024.jpeg\" alt=\"\" class=\"wp-image-63527\" srcset=\"https:\/\/www.reitverein-ellefeld.de\/wp-content\/uploads\/WhatsApp-Image-2025-11-10-at-21.16.37-2-682x1024.jpeg 682w, https:\/\/www.reitverein-ellefeld.de\/wp-content\/uploads\/WhatsApp-Image-2025-11-10-at-21.16.37-2-200x300.jpeg 200w, https:\/\/www.reitverein-ellefeld.de\/wp-content\/uploads\/WhatsApp-Image-2025-11-10-at-21.16.37-2-768x1153.jpeg 768w, https:\/\/www.reitverein-ellefeld.de\/wp-content\/uploads\/WhatsApp-Image-2025-11-10-at-21.16.37-2-1023x1536.jpeg 1023w, https:\/\/www.reitverein-ellefeld.de\/wp-content\/uploads\/WhatsApp-Image-2025-11-10-at-21.16.37-2.jpeg 1066w\" sizes=\"(max-width: 682px) 100vw, 682px\" \/><\/a><\/figure>\n\n\n\n<figure class=\"wp-block-image size-large\"><a href=\"https:\/\/www.reitverein-ellefeld.de\/wp-content\/uploads\/WhatsApp-Image-2025-11-10-at-21.16.37-3.jpeg\"><img decoding=\"async\" loading=\"lazy\" width=\"682\" height=\"1024\" data-id=\"63582\"  src=\"https:\/\/www.reitverein-ellefeld.de\/wp-content\/uploads\/WhatsApp-Image-2025-11-10-at-21.16.37-3-682x1024.jpeg\" alt=\"\" class=\"wp-image-63582\" srcset=\"https:\/\/www.reitverein-ellefeld.de\/wp-content\/uploads\/WhatsApp-Image-2025-11-10-at-21.16.37-3-682x1024.jpeg 682w, https:\/\/www.reitverein-ellefeld.de\/wp-content\/uploads\/WhatsApp-Image-2025-11-10-at-21.16.37-3-200x300.jpeg 200w, https:\/\/www.reitverein-ellefeld.de\/wp-content\/uploads\/WhatsApp-Image-2025-11-10-at-21.16.37-3-768x1153.jpeg 768w, https:\/\/www.reitverein-ellefeld.de\/wp-content\/uploads\/WhatsApp-Image-2025-11-10-at-21.16.37-3-1023x1536.jpeg 1023w, https:\/\/www.reitverein-ellefeld.de\/wp-content\/uploads\/WhatsApp-Image-2025-11-10-at-21.16.37-3.jpeg 1066w\" sizes=\"(max-width: 682px) 100vw, 682px\" \/><\/a><\/figure>\n\n\n\n<figure class=\"wp-block-image size-large\"><a href=\"https:\/\/www.reitverein-ellefeld.de\/wp-content\/uploads\/WhatsApp-Image-2025-11-10-at-21.16.37-4.jpeg\"><img decoding=\"async\" loading=\"lazy\" width=\"682\" height=\"1024\" data-id=\"63525\"  src=\"https:\/\/www.reitverein-ellefeld.de\/wp-content\/uploads\/WhatsApp-Image-2025-11-10-at-21.16.37-4-682x1024.jpeg\" alt=\"\" class=\"wp-image-63525\" srcset=\"https:\/\/www.reitverein-ellefeld.de\/wp-content\/uploads\/WhatsApp-Image-2025-11-10-at-21.16.37-4-682x1024.jpeg 682w, https:\/\/www.reitverein-ellefeld.de\/wp-content\/uploads\/WhatsApp-Image-2025-11-10-at-21.16.37-4-200x300.jpeg 200w, https:\/\/www.reitverein-ellefeld.de\/wp-content\/uploads\/WhatsApp-Image-2025-11-10-at-21.16.37-4-768x1153.jpeg 768w, https:\/\/www.reitverein-ellefeld.de\/wp-content\/uploads\/WhatsApp-Image-2025-11-10-at-21.16.37-4-1023x1536.jpeg 1023w, https:\/\/www.reitverein-ellefeld.de\/wp-content\/uploads\/WhatsApp-Image-2025-11-10-at-21.16.37-4.jpeg 1066w\" sizes=\"(max-width: 682px) 100vw, 682px\" \/><\/a><\/figure>\n\n\n\n<figure class=\"wp-block-image size-large\"><a href=\"https:\/\/www.reitverein-ellefeld.de\/wp-content\/uploads\/WhatsApp-Image-2025-11-10-at-21.16.37.jpeg\"><img decoding=\"async\" loading=\"lazy\" width=\"1024\" height=\"683\" data-id=\"63570\"  src=\"https:\/\/www.reitverein-ellefeld.de\/wp-content\/uploads\/WhatsApp-Image-2025-11-10-at-21.16.37-1024x683.jpeg\" alt=\"\" class=\"wp-image-63570\" srcset=\"https:\/\/www.reitverein-ellefeld.de\/wp-content\/uploads\/WhatsApp-Image-2025-11-10-at-21.16.37-1024x683.jpeg 1024w, https:\/\/www.reitverein-ellefeld.de\/wp-content\/uploads\/WhatsApp-Image-2025-11-10-at-21.16.37-300x200.jpeg 300w, https:\/\/www.reitverein-ellefeld.de\/wp-content\/uploads\/WhatsApp-Image-2025-11-10-at-21.16.37-768x512.jpeg 768w, https:\/\/www.reitverein-ellefeld.de\/wp-content\/uploads\/WhatsApp-Image-2025-11-10-at-21.16.37-1536x1024.jpeg 1536w, https:\/\/www.reitverein-ellefeld.de\/wp-content\/uploads\/WhatsApp-Image-2025-11-10-at-21.16.37.jpeg 1600w\" sizes=\"(max-width: 1024px) 100vw, 1024px\" \/><\/a><\/figure>\n\n\n\n<figure class=\"wp-block-image size-large\"><a href=\"https:\/\/www.reitverein-ellefeld.de\/wp-content\/uploads\/WhatsApp-Image-2025-11-10-at-21.16.38.jpeg\"><img decoding=\"async\" loading=\"lazy\" width=\"682\" height=\"1024\" data-id=\"63510\"  src=\"https:\/\/www.reitverein-ellefeld.de\/wp-content\/uploads\/WhatsApp-Image-2025-11-10-at-21.16.38-682x1024.jpeg\" alt=\"\" class=\"wp-image-63510\" srcset=\"https:\/\/www.reitverein-ellefeld.de\/wp-content\/uploads\/WhatsApp-Image-2025-11-10-at-21.16.38-682x1024.jpeg 682w, https:\/\/www.reitverein-ellefeld.de\/wp-content\/uploads\/WhatsApp-Image-2025-11-10-at-21.16.38-200x300.jpeg 200w, https:\/\/www.reitverein-ellefeld.de\/wp-content\/uploads\/WhatsApp-Image-2025-11-10-at-21.16.38-768x1153.jpeg 768w, https:\/\/www.reitverein-ellefeld.de\/wp-content\/uploads\/WhatsApp-Image-2025-11-10-at-21.16.38-1023x1536.jpeg 1023w, https:\/\/www.reitverein-ellefeld.de\/wp-content\/uploads\/WhatsApp-Image-2025-11-10-at-21.16.38.jpeg 1066w\" sizes=\"(max-width: 682px) 100vw, 682px\" \/><\/a><\/figure>\n\n\n\n<figure class=\"wp-block-image size-large\"><a href=\"https:\/\/www.reitverein-ellefeld.de\/wp-content\/uploads\/WhatsApp-Image-2025-11-10-at-21.17.02-1.jpeg\"><img decoding=\"async\" loading=\"lazy\" width=\"1024\" height=\"682\" data-id=\"63499\"  src=\"https:\/\/www.reitverein-ellefeld.de\/wp-content\/uploads\/WhatsApp-Image-2025-11-10-at-21.17.02-1-1024x682.jpeg\" alt=\"\" class=\"wp-image-63499\" srcset=\"https:\/\/www.reitverein-ellefeld.de\/wp-content\/uploads\/WhatsApp-Image-2025-11-10-at-21.17.02-1-1024x682.jpeg 1024w, https:\/\/www.reitverein-ellefeld.de\/wp-content\/uploads\/WhatsApp-Image-2025-11-10-at-21.17.02-1-300x200.jpeg 300w, https:\/\/www.reitverein-ellefeld.de\/wp-content\/uploads\/WhatsApp-Image-2025-11-10-at-21.17.02-1-768x512.jpeg 768w, https:\/\/www.reitverein-ellefeld.de\/wp-content\/uploads\/WhatsApp-Image-2025-11-10-at-21.17.02-1-1536x1023.jpeg 1536w, https:\/\/www.reitverein-ellefeld.de\/wp-content\/uploads\/WhatsApp-Image-2025-11-10-at-21.17.02-1.jpeg 1600w\" sizes=\"(max-width: 1024px) 100vw, 1024px\" \/><\/a><\/figure>\n\n\n\n<figure class=\"wp-block-image size-large\"><a href=\"https:\/\/www.reitverein-ellefeld.de\/wp-content\/uploads\/WhatsApp-Image-2025-11-10-at-21.17.02.jpeg\"><img decoding=\"async\" loading=\"lazy\" width=\"1024\" height=\"682\" data-id=\"63607\"  src=\"https:\/\/www.reitverein-ellefeld.de\/wp-content\/uploads\/WhatsApp-Image-2025-11-10-at-21.17.02-1024x682.jpeg\" alt=\"\" class=\"wp-image-63607\" srcset=\"https:\/\/www.reitverein-ellefeld.de\/wp-content\/uploads\/WhatsApp-Image-2025-11-10-at-21.17.02-1024x682.jpeg 1024w, https:\/\/www.reitverein-ellefeld.de\/wp-content\/uploads\/WhatsApp-Image-2025-11-10-at-21.17.02-300x200.jpeg 300w, https:\/\/www.reitverein-ellefeld.de\/wp-content\/uploads\/WhatsApp-Image-2025-11-10-at-21.17.02-768x512.jpeg 768w, https:\/\/www.reitverein-ellefeld.de\/wp-content\/uploads\/WhatsApp-Image-2025-11-10-at-21.17.02-1536x1023.jpeg 1536w, https:\/\/www.reitverein-ellefeld.de\/wp-content\/uploads\/WhatsApp-Image-2025-11-10-at-21.17.02.jpeg 1600w\" sizes=\"(max-width: 1024px) 100vw, 1024px\" \/><\/a><\/figure>\n\n\n\n<figure class=\"wp-block-image size-large\"><a href=\"https:\/\/www.reitverein-ellefeld.de\/wp-content\/uploads\/WhatsApp-Image-2025-11-10-at-21.17.03-1.jpeg\"><img decoding=\"async\" loading=\"lazy\" width=\"1024\" height=\"683\" data-id=\"63606\"  src=\"https:\/\/www.reitverein-ellefeld.de\/wp-content\/uploads\/WhatsApp-Image-2025-11-10-at-21.17.03-1-1024x683.jpeg\" alt=\"\" class=\"wp-image-63606\" srcset=\"https:\/\/www.reitverein-ellefeld.de\/wp-content\/uploads\/WhatsApp-Image-2025-11-10-at-21.17.03-1-1024x683.jpeg 1024w, https:\/\/www.reitverein-ellefeld.de\/wp-content\/uploads\/WhatsApp-Image-2025-11-10-at-21.17.03-1-300x200.jpeg 300w, https:\/\/www.reitverein-ellefeld.de\/wp-content\/uploads\/WhatsApp-Image-2025-11-10-at-21.17.03-1-768x512.jpeg 768w, https:\/\/www.reitverein-ellefeld.de\/wp-content\/uploads\/WhatsApp-Image-2025-11-10-at-21.17.03-1-1536x1024.jpeg 1536w, https:\/\/www.reitverein-ellefeld.de\/wp-content\/uploads\/WhatsApp-Image-2025-11-10-at-21.17.03-1.jpeg 1600w\" sizes=\"(max-width: 1024px) 100vw, 1024px\" \/><\/a><\/figure>\n\n\n\n<figure class=\"wp-block-image size-large\"><a href=\"https:\/\/www.reitverein-ellefeld.de\/wp-content\/uploads\/WhatsApp-Image-2025-11-10-at-21.17.03-2.jpeg\"><img decoding=\"async\" loading=\"lazy\" width=\"682\" height=\"1024\" data-id=\"63538\"  src=\"https:\/\/www.reitverein-ellefeld.de\/wp-content\/uploads\/WhatsApp-Image-2025-11-10-at-21.17.03-2-682x1024.jpeg\" alt=\"\" class=\"wp-image-63538\" srcset=\"https:\/\/www.reitverein-ellefeld.de\/wp-content\/uploads\/WhatsApp-Image-2025-11-10-at-21.17.03-2-682x1024.jpeg 682w, https:\/\/www.reitverein-ellefeld.de\/wp-content\/uploads\/WhatsApp-Image-2025-11-10-at-21.17.03-2-200x300.jpeg 200w, https:\/\/www.reitverein-ellefeld.de\/wp-content\/uploads\/WhatsApp-Image-2025-11-10-at-21.17.03-2-768x1153.jpeg 768w, https:\/\/www.reitverein-ellefeld.de\/wp-content\/uploads\/WhatsApp-Image-2025-11-10-at-21.17.03-2-1023x1536.jpeg 1023w, https:\/\/www.reitverein-ellefeld.de\/wp-content\/uploads\/WhatsApp-Image-2025-11-10-at-21.17.03-2.jpeg 1066w\" sizes=\"(max-width: 682px) 100vw, 682px\" \/><\/a><\/figure>\n\n\n\n<figure class=\"wp-block-image size-large\"><a href=\"https:\/\/www.reitverein-ellefeld.de\/wp-content\/uploads\/WhatsApp-Image-2025-11-10-at-21.17.03-3.jpeg\"><img decoding=\"async\" loading=\"lazy\" width=\"682\" height=\"1024\" data-id=\"63504\"  src=\"https:\/\/www.reitverein-ellefeld.de\/wp-content\/uploads\/WhatsApp-Image-2025-11-10-at-21.17.03-3-682x1024.jpeg\" alt=\"\" class=\"wp-image-63504\" srcset=\"https:\/\/www.reitverein-ellefeld.de\/wp-content\/uploads\/WhatsApp-Image-2025-11-10-at-21.17.03-3-682x1024.jpeg 682w, https:\/\/www.reitverein-ellefeld.de\/wp-content\/uploads\/WhatsApp-Image-2025-11-10-at-21.17.03-3-200x300.jpeg 200w, https:\/\/www.reitverein-ellefeld.de\/wp-content\/uploads\/WhatsApp-Image-2025-11-10-at-21.17.03-3-768x1153.jpeg 768w, https:\/\/www.reitverein-ellefeld.de\/wp-content\/uploads\/WhatsApp-Image-2025-11-10-at-21.17.03-3-1023x1536.jpeg 1023w, https:\/\/www.reitverein-ellefeld.de\/wp-content\/uploads\/WhatsApp-Image-2025-11-10-at-21.17.03-3.jpeg 1066w\" sizes=\"(max-width: 682px) 100vw, 682px\" \/><\/a><\/figure>\n\n\n\n<figure class=\"wp-block-image size-large\"><a href=\"https:\/\/www.reitverein-ellefeld.de\/wp-content\/uploads\/WhatsApp-Image-2025-11-10-at-21.17.03.jpeg\"><img decoding=\"async\" loading=\"lazy\" width=\"1024\" height=\"683\" data-id=\"63563\"  src=\"https:\/\/www.reitverein-ellefeld.de\/wp-content\/uploads\/WhatsApp-Image-2025-11-10-at-21.17.03-1024x683.jpeg\" alt=\"\" class=\"wp-image-63563\" srcset=\"https:\/\/www.reitverein-ellefeld.de\/wp-content\/uploads\/WhatsApp-Image-2025-11-10-at-21.17.03-1024x683.jpeg 1024w, https:\/\/www.reitverein-ellefeld.de\/wp-content\/uploads\/WhatsApp-Image-2025-11-10-at-21.17.03-300x200.jpeg 300w, https:\/\/www.reitverein-ellefeld.de\/wp-content\/uploads\/WhatsApp-Image-2025-11-10-at-21.17.03-768x512.jpeg 768w, https:\/\/www.reitverein-ellefeld.de\/wp-content\/uploads\/WhatsApp-Image-2025-11-10-at-21.17.03-1536x1024.jpeg 1536w, https:\/\/www.reitverein-ellefeld.de\/wp-content\/uploads\/WhatsApp-Image-2025-11-10-at-21.17.03.jpeg 1600w\" sizes=\"(max-width: 1024px) 100vw, 1024px\" \/><\/a><\/figure>\n\n\n\n<figure class=\"wp-block-image size-large\"><a href=\"https:\/\/www.reitverein-ellefeld.de\/wp-content\/uploads\/WhatsApp-Image-2025-11-10-at-21.17.27-1.jpeg\"><img decoding=\"async\" loading=\"lazy\" width=\"1024\" height=\"682\" data-id=\"63512\"  src=\"https:\/\/www.reitverein-ellefeld.de\/wp-content\/uploads\/WhatsApp-Image-2025-11-10-at-21.17.27-1-1024x682.jpeg\" alt=\"\" class=\"wp-image-63512\" srcset=\"https:\/\/www.reitverein-ellefeld.de\/wp-content\/uploads\/WhatsApp-Image-2025-11-10-at-21.17.27-1-1024x682.jpeg 1024w, https:\/\/www.reitverein-ellefeld.de\/wp-content\/uploads\/WhatsApp-Image-2025-11-10-at-21.17.27-1-300x200.jpeg 300w, https:\/\/www.reitverein-ellefeld.de\/wp-content\/uploads\/WhatsApp-Image-2025-11-10-at-21.17.27-1-768x512.jpeg 768w, https:\/\/www.reitverein-ellefeld.de\/wp-content\/uploads\/WhatsApp-Image-2025-11-10-at-21.17.27-1-1536x1023.jpeg 1536w, https:\/\/www.reitverein-ellefeld.de\/wp-content\/uploads\/WhatsApp-Image-2025-11-10-at-21.17.27-1.jpeg 1600w\" sizes=\"(max-width: 1024px) 100vw, 1024px\" \/><\/a><\/figure>\n\n\n\n<figure class=\"wp-block-image size-large\"><a href=\"https:\/\/www.reitverein-ellefeld.de\/wp-content\/uploads\/WhatsApp-Image-2025-11-10-at-21.17.27-2.jpeg\"><img decoding=\"async\" loading=\"lazy\" width=\"1024\" height=\"683\" data-id=\"63552\"  src=\"https:\/\/www.reitverein-ellefeld.de\/wp-content\/uploads\/WhatsApp-Image-2025-11-10-at-21.17.27-2-1024x683.jpeg\" alt=\"\" class=\"wp-image-63552\" srcset=\"https:\/\/www.reitverein-ellefeld.de\/wp-content\/uploads\/WhatsApp-Image-2025-11-10-at-21.17.27-2-1024x683.jpeg 1024w, https:\/\/www.reitverein-ellefeld.de\/wp-content\/uploads\/WhatsApp-Image-2025-11-10-at-21.17.27-2-300x200.jpeg 300w, https:\/\/www.reitverein-ellefeld.de\/wp-content\/uploads\/WhatsApp-Image-2025-11-10-at-21.17.27-2-768x512.jpeg 768w, https:\/\/www.reitverein-ellefeld.de\/wp-content\/uploads\/WhatsApp-Image-2025-11-10-at-21.17.27-2-1536x1024.jpeg 1536w, https:\/\/www.reitverein-ellefeld.de\/wp-content\/uploads\/WhatsApp-Image-2025-11-10-at-21.17.27-2.jpeg 1600w\" sizes=\"(max-width: 1024px) 100vw, 1024px\" \/><\/a><\/figure>\n\n\n\n<figure class=\"wp-block-image size-large\"><a href=\"https:\/\/www.reitverein-ellefeld.de\/wp-content\/uploads\/WhatsApp-Image-2025-11-10-at-21.17.27-3.jpeg\"><img decoding=\"async\" loading=\"lazy\" width=\"1024\" height=\"683\" data-id=\"63608\"  src=\"https:\/\/www.reitverein-ellefeld.de\/wp-content\/uploads\/WhatsApp-Image-2025-11-10-at-21.17.27-3-1024x683.jpeg\" alt=\"\" class=\"wp-image-63608\" srcset=\"https:\/\/www.reitverein-ellefeld.de\/wp-content\/uploads\/WhatsApp-Image-2025-11-10-at-21.17.27-3-1024x683.jpeg 1024w, https:\/\/www.reitverein-ellefeld.de\/wp-content\/uploads\/WhatsApp-Image-2025-11-10-at-21.17.27-3-300x200.jpeg 300w, https:\/\/www.reitverein-ellefeld.de\/wp-content\/uploads\/WhatsApp-Image-2025-11-10-at-21.17.27-3-768x512.jpeg 768w, https:\/\/www.reitverein-ellefeld.de\/wp-content\/uploads\/WhatsApp-Image-2025-11-10-at-21.17.27-3-1536x1024.jpeg 1536w, https:\/\/www.reitverein-ellefeld.de\/wp-content\/uploads\/WhatsApp-Image-2025-11-10-at-21.17.27-3.jpeg 1600w\" sizes=\"(max-width: 1024px) 100vw, 1024px\" \/><\/a><\/figure>\n\n\n\n<figure class=\"wp-block-image size-large\"><a href=\"https:\/\/www.reitverein-ellefeld.de\/wp-content\/uploads\/WhatsApp-Image-2025-11-10-at-21.17.27-4.jpeg\"><img decoding=\"async\" loading=\"lazy\" width=\"1024\" height=\"682\" data-id=\"63513\"  src=\"https:\/\/www.reitverein-ellefeld.de\/wp-content\/uploads\/WhatsApp-Image-2025-11-10-at-21.17.27-4-1024x682.jpeg\" alt=\"\" class=\"wp-image-63513\" srcset=\"https:\/\/www.reitverein-ellefeld.de\/wp-content\/uploads\/WhatsApp-Image-2025-11-10-at-21.17.27-4-1024x682.jpeg 1024w, https:\/\/www.reitverein-ellefeld.de\/wp-content\/uploads\/WhatsApp-Image-2025-11-10-at-21.17.27-4-300x200.jpeg 300w, https:\/\/www.reitverein-ellefeld.de\/wp-content\/uploads\/WhatsApp-Image-2025-11-10-at-21.17.27-4-768x512.jpeg 768w, https:\/\/www.reitverein-ellefeld.de\/wp-content\/uploads\/WhatsApp-Image-2025-11-10-at-21.17.27-4-1536x1023.jpeg 1536w, https:\/\/www.reitverein-ellefeld.de\/wp-content\/uploads\/WhatsApp-Image-2025-11-10-at-21.17.27-4.jpeg 1600w\" sizes=\"(max-width: 1024px) 100vw, 1024px\" \/><\/a><\/figure>\n\n\n\n<figure class=\"wp-block-image size-large\"><a href=\"https:\/\/www.reitverein-ellefeld.de\/wp-content\/uploads\/WhatsApp-Image-2025-11-10-at-21.17.27.jpeg\"><img decoding=\"async\" loading=\"lazy\" width=\"1024\" height=\"682\" data-id=\"63503\"  src=\"https:\/\/www.reitverein-ellefeld.de\/wp-content\/uploads\/WhatsApp-Image-2025-11-10-at-21.17.27-1024x682.jpeg\" alt=\"\" class=\"wp-image-63503\" srcset=\"https:\/\/www.reitverein-ellefeld.de\/wp-content\/uploads\/WhatsApp-Image-2025-11-10-at-21.17.27-1024x682.jpeg 1024w, https:\/\/www.reitverein-ellefeld.de\/wp-content\/uploads\/WhatsApp-Image-2025-11-10-at-21.17.27-300x200.jpeg 300w, https:\/\/www.reitverein-ellefeld.de\/wp-content\/uploads\/WhatsApp-Image-2025-11-10-at-21.17.27-768x512.jpeg 768w, https:\/\/www.reitverein-ellefeld.de\/wp-content\/uploads\/WhatsApp-Image-2025-11-10-at-21.17.27-1536x1023.jpeg 1536w, https:\/\/www.reitverein-ellefeld.de\/wp-content\/uploads\/WhatsApp-Image-2025-11-10-at-21.17.27.jpeg 1600w\" sizes=\"(max-width: 1024px) 100vw, 1024px\" \/><\/a><\/figure>\n\n\n\n<figure class=\"wp-block-image size-large\"><a href=\"https:\/\/www.reitverein-ellefeld.de\/wp-content\/uploads\/WhatsApp-Image-2025-11-10-at-21.17.28-1.jpeg\"><img decoding=\"async\" loading=\"lazy\" width=\"768\" height=\"1024\" data-id=\"63554\"  src=\"https:\/\/www.reitverein-ellefeld.de\/wp-content\/uploads\/WhatsApp-Image-2025-11-10-at-21.17.28-1-768x1024.jpeg\" alt=\"\" class=\"wp-image-63554\" srcset=\"https:\/\/www.reitverein-ellefeld.de\/wp-content\/uploads\/WhatsApp-Image-2025-11-10-at-21.17.28-1-768x1024.jpeg 768w, https:\/\/www.reitverein-ellefeld.de\/wp-content\/uploads\/WhatsApp-Image-2025-11-10-at-21.17.28-1-225x300.jpeg 225w, https:\/\/www.reitverein-ellefeld.de\/wp-content\/uploads\/WhatsApp-Image-2025-11-10-at-21.17.28-1-1152x1536.jpeg 1152w, https:\/\/www.reitverein-ellefeld.de\/wp-content\/uploads\/WhatsApp-Image-2025-11-10-at-21.17.28-1.jpeg 1200w\" sizes=\"(max-width: 768px) 100vw, 768px\" \/><\/a><\/figure>\n\n\n\n<figure class=\"wp-block-image size-large\"><a href=\"https:\/\/www.reitverein-ellefeld.de\/wp-content\/uploads\/WhatsApp-Image-2025-11-10-at-21.17.28.jpeg\"><img decoding=\"async\" loading=\"lazy\" width=\"682\" height=\"1024\" data-id=\"63545\"  src=\"https:\/\/www.reitverein-ellefeld.de\/wp-content\/uploads\/WhatsApp-Image-2025-11-10-at-21.17.28-682x1024.jpeg\" alt=\"\" class=\"wp-image-63545\" srcset=\"https:\/\/www.reitverein-ellefeld.de\/wp-content\/uploads\/WhatsApp-Image-2025-11-10-at-21.17.28-682x1024.jpeg 682w, https:\/\/www.reitverein-ellefeld.de\/wp-content\/uploads\/WhatsApp-Image-2025-11-10-at-21.17.28-200x300.jpeg 200w, https:\/\/www.reitverein-ellefeld.de\/wp-content\/uploads\/WhatsApp-Image-2025-11-10-at-21.17.28-768x1153.jpeg 768w, https:\/\/www.reitverein-ellefeld.de\/wp-content\/uploads\/WhatsApp-Image-2025-11-10-at-21.17.28-1023x1536.jpeg 1023w, https:\/\/www.reitverein-ellefeld.de\/wp-content\/uploads\/WhatsApp-Image-2025-11-10-at-21.17.28.jpeg 1066w\" sizes=\"(max-width: 682px) 100vw, 682px\" \/><\/a><\/figure>\n\n\n\n<figure class=\"wp-block-image size-large\"><a href=\"https:\/\/www.reitverein-ellefeld.de\/wp-content\/uploads\/WhatsApp-Image-2025-11-10-at-21.17.51-1.jpeg\"><img decoding=\"async\" loading=\"lazy\" width=\"1024\" height=\"683\" data-id=\"63546\"  src=\"https:\/\/www.reitverein-ellefeld.de\/wp-content\/uploads\/WhatsApp-Image-2025-11-10-at-21.17.51-1-1024x683.jpeg\" alt=\"\" class=\"wp-image-63546\" srcset=\"https:\/\/www.reitverein-ellefeld.de\/wp-content\/uploads\/WhatsApp-Image-2025-11-10-at-21.17.51-1-1024x683.jpeg 1024w, https:\/\/www.reitverein-ellefeld.de\/wp-content\/uploads\/WhatsApp-Image-2025-11-10-at-21.17.51-1-300x200.jpeg 300w, https:\/\/www.reitverein-ellefeld.de\/wp-content\/uploads\/WhatsApp-Image-2025-11-10-at-21.17.51-1-768x512.jpeg 768w, https:\/\/www.reitverein-ellefeld.de\/wp-content\/uploads\/WhatsApp-Image-2025-11-10-at-21.17.51-1-1536x1024.jpeg 1536w, https:\/\/www.reitverein-ellefeld.de\/wp-content\/uploads\/WhatsApp-Image-2025-11-10-at-21.17.51-1.jpeg 1600w\" sizes=\"(max-width: 1024px) 100vw, 1024px\" \/><\/a><\/figure>\n\n\n\n<figure class=\"wp-block-image size-large\"><a href=\"https:\/\/www.reitverein-ellefeld.de\/wp-content\/uploads\/WhatsApp-Image-2025-11-10-at-21.17.51-2.jpeg\"><img decoding=\"async\" loading=\"lazy\" width=\"1024\" height=\"682\" data-id=\"63560\"  src=\"https:\/\/www.reitverein-ellefeld.de\/wp-content\/uploads\/WhatsApp-Image-2025-11-10-at-21.17.51-2-1024x682.jpeg\" alt=\"\" class=\"wp-image-63560\" srcset=\"https:\/\/www.reitverein-ellefeld.de\/wp-content\/uploads\/WhatsApp-Image-2025-11-10-at-21.17.51-2-1024x682.jpeg 1024w, https:\/\/www.reitverein-ellefeld.de\/wp-content\/uploads\/WhatsApp-Image-2025-11-10-at-21.17.51-2-300x200.jpeg 300w, https:\/\/www.reitverein-ellefeld.de\/wp-content\/uploads\/WhatsApp-Image-2025-11-10-at-21.17.51-2-768x511.jpeg 768w, https:\/\/www.reitverein-ellefeld.de\/wp-content\/uploads\/WhatsApp-Image-2025-11-10-at-21.17.51-2-1536x1022.jpeg 1536w, https:\/\/www.reitverein-ellefeld.de\/wp-content\/uploads\/WhatsApp-Image-2025-11-10-at-21.17.51-2.jpeg 1600w\" sizes=\"(max-width: 1024px) 100vw, 1024px\" \/><\/a><\/figure>\n\n\n\n<figure class=\"wp-block-image size-large\"><a href=\"https:\/\/www.reitverein-ellefeld.de\/wp-content\/uploads\/WhatsApp-Image-2025-11-10-at-21.17.51.jpeg\"><img decoding=\"async\" loading=\"lazy\" width=\"1024\" height=\"682\" data-id=\"63497\"  src=\"https:\/\/www.reitverein-ellefeld.de\/wp-content\/uploads\/WhatsApp-Image-2025-11-10-at-21.17.51-1024x682.jpeg\" alt=\"\" class=\"wp-image-63497\" srcset=\"https:\/\/www.reitverein-ellefeld.de\/wp-content\/uploads\/WhatsApp-Image-2025-11-10-at-21.17.51-1024x682.jpeg 1024w, https:\/\/www.reitverein-ellefeld.de\/wp-content\/uploads\/WhatsApp-Image-2025-11-10-at-21.17.51-300x200.jpeg 300w, https:\/\/www.reitverein-ellefeld.de\/wp-content\/uploads\/WhatsApp-Image-2025-11-10-at-21.17.51-768x512.jpeg 768w, https:\/\/www.reitverein-ellefeld.de\/wp-content\/uploads\/WhatsApp-Image-2025-11-10-at-21.17.51-1536x1023.jpeg 1536w, https:\/\/www.reitverein-ellefeld.de\/wp-content\/uploads\/WhatsApp-Image-2025-11-10-at-21.17.51.jpeg 1600w\" sizes=\"(max-width: 1024px) 100vw, 1024px\" \/><\/a><\/figure>\n\n\n\n<figure class=\"wp-block-image size-large\"><a href=\"https:\/\/www.reitverein-ellefeld.de\/wp-content\/uploads\/WhatsApp-Image-2025-11-10-at-21.17.52-1.jpeg\"><img decoding=\"async\" loading=\"lazy\" width=\"1024\" height=\"683\" data-id=\"63550\"  src=\"https:\/\/www.reitverein-ellefeld.de\/wp-content\/uploads\/WhatsApp-Image-2025-11-10-at-21.17.52-1-1024x683.jpeg\" alt=\"\" class=\"wp-image-63550\" srcset=\"https:\/\/www.reitverein-ellefeld.de\/wp-content\/uploads\/WhatsApp-Image-2025-11-10-at-21.17.52-1-1024x683.jpeg 1024w, https:\/\/www.reitverein-ellefeld.de\/wp-content\/uploads\/WhatsApp-Image-2025-11-10-at-21.17.52-1-300x200.jpeg 300w, https:\/\/www.reitverein-ellefeld.de\/wp-content\/uploads\/WhatsApp-Image-2025-11-10-at-21.17.52-1-768x512.jpeg 768w, https:\/\/www.reitverein-ellefeld.de\/wp-content\/uploads\/WhatsApp-Image-2025-11-10-at-21.17.52-1-1536x1024.jpeg 1536w, https:\/\/www.reitverein-ellefeld.de\/wp-content\/uploads\/WhatsApp-Image-2025-11-10-at-21.17.52-1.jpeg 1600w\" sizes=\"(max-width: 1024px) 100vw, 1024px\" \/><\/a><\/figure>\n\n\n\n<figure class=\"wp-block-image size-large\"><a href=\"https:\/\/www.reitverein-ellefeld.de\/wp-content\/uploads\/WhatsApp-Image-2025-11-10-at-21.17.52.jpeg\"><img decoding=\"async\" loading=\"lazy\" width=\"1024\" height=\"683\" data-id=\"63600\"  src=\"https:\/\/www.reitverein-ellefeld.de\/wp-content\/uploads\/WhatsApp-Image-2025-11-10-at-21.17.52-1024x683.jpeg\" alt=\"\" class=\"wp-image-63600\" srcset=\"https:\/\/www.reitverein-ellefeld.de\/wp-content\/uploads\/WhatsApp-Image-2025-11-10-at-21.17.52-1024x683.jpeg 1024w, https:\/\/www.reitverein-ellefeld.de\/wp-content\/uploads\/WhatsApp-Image-2025-11-10-at-21.17.52-300x200.jpeg 300w, https:\/\/www.reitverein-ellefeld.de\/wp-content\/uploads\/WhatsApp-Image-2025-11-10-at-21.17.52-768x512.jpeg 768w, https:\/\/www.reitverein-ellefeld.de\/wp-content\/uploads\/WhatsApp-Image-2025-11-10-at-21.17.52-1536x1024.jpeg 1536w, https:\/\/www.reitverein-ellefeld.de\/wp-content\/uploads\/WhatsApp-Image-2025-11-10-at-21.17.52.jpeg 1600w\" sizes=\"(max-width: 1024px) 100vw, 1024px\" \/><\/a><\/figure>\n\n\n\n<figure class=\"wp-block-image size-large\"><a href=\"https:\/\/www.reitverein-ellefeld.de\/wp-content\/uploads\/WhatsApp-Image-2025-11-10-at-21.17.53.jpeg\"><img decoding=\"async\" loading=\"lazy\" width=\"1024\" height=\"682\" data-id=\"63488\"  src=\"https:\/\/www.reitverein-ellefeld.de\/wp-content\/uploads\/WhatsApp-Image-2025-11-10-at-21.17.53-1024x682.jpeg\" alt=\"\" class=\"wp-image-63488\" srcset=\"https:\/\/www.reitverein-ellefeld.de\/wp-content\/uploads\/WhatsApp-Image-2025-11-10-at-21.17.53-1024x682.jpeg 1024w, https:\/\/www.reitverein-ellefeld.de\/wp-content\/uploads\/WhatsApp-Image-2025-11-10-at-21.17.53-300x200.jpeg 300w, https:\/\/www.reitverein-ellefeld.de\/wp-content\/uploads\/WhatsApp-Image-2025-11-10-at-21.17.53-768x512.jpeg 768w, https:\/\/www.reitverein-ellefeld.de\/wp-content\/uploads\/WhatsApp-Image-2025-11-10-at-21.17.53-1536x1023.jpeg 1536w, https:\/\/www.reitverein-ellefeld.de\/wp-content\/uploads\/WhatsApp-Image-2025-11-10-at-21.17.53.jpeg 1600w\" sizes=\"(max-width: 1024px) 100vw, 1024px\" \/><\/a><\/figure>\n\n\n\n<figure class=\"wp-block-image size-large\"><a href=\"https:\/\/www.reitverein-ellefeld.de\/wp-content\/uploads\/WhatsApp-Image-2025-11-10-at-21.18.42-1.jpeg\"><img decoding=\"async\" loading=\"lazy\" width=\"1024\" height=\"682\" data-id=\"63577\"  src=\"https:\/\/www.reitverein-ellefeld.de\/wp-content\/uploads\/WhatsApp-Image-2025-11-10-at-21.18.42-1-1024x682.jpeg\" alt=\"\" class=\"wp-image-63577\" srcset=\"https:\/\/www.reitverein-ellefeld.de\/wp-content\/uploads\/WhatsApp-Image-2025-11-10-at-21.18.42-1-1024x682.jpeg 1024w, https:\/\/www.reitverein-ellefeld.de\/wp-content\/uploads\/WhatsApp-Image-2025-11-10-at-21.18.42-1-300x200.jpeg 300w, https:\/\/www.reitverein-ellefeld.de\/wp-content\/uploads\/WhatsApp-Image-2025-11-10-at-21.18.42-1-768x511.jpeg 768w, https:\/\/www.reitverein-ellefeld.de\/wp-content\/uploads\/WhatsApp-Image-2025-11-10-at-21.18.42-1-1536x1022.jpeg 1536w, https:\/\/www.reitverein-ellefeld.de\/wp-content\/uploads\/WhatsApp-Image-2025-11-10-at-21.18.42-1.jpeg 1600w\" sizes=\"(max-width: 1024px) 100vw, 1024px\" \/><\/a><\/figure>\n\n\n\n<figure class=\"wp-block-image size-large\"><a href=\"https:\/\/www.reitverein-ellefeld.de\/wp-content\/uploads\/WhatsApp-Image-2025-11-10-at-21.18.42-2.jpeg\"><img decoding=\"async\" loading=\"lazy\" width=\"1024\" height=\"682\" data-id=\"63580\"  src=\"https:\/\/www.reitverein-ellefeld.de\/wp-content\/uploads\/WhatsApp-Image-2025-11-10-at-21.18.42-2-1024x682.jpeg\" alt=\"\" class=\"wp-image-63580\" srcset=\"https:\/\/www.reitverein-ellefeld.de\/wp-content\/uploads\/WhatsApp-Image-2025-11-10-at-21.18.42-2-1024x682.jpeg 1024w, https:\/\/www.reitverein-ellefeld.de\/wp-content\/uploads\/WhatsApp-Image-2025-11-10-at-21.18.42-2-300x200.jpeg 300w, https:\/\/www.reitverein-ellefeld.de\/wp-content\/uploads\/WhatsApp-Image-2025-11-10-at-21.18.42-2-768x511.jpeg 768w, https:\/\/www.reitverein-ellefeld.de\/wp-content\/uploads\/WhatsApp-Image-2025-11-10-at-21.18.42-2-1536x1022.jpeg 1536w, https:\/\/www.reitverein-ellefeld.de\/wp-content\/uploads\/WhatsApp-Image-2025-11-10-at-21.18.42-2.jpeg 1600w\" sizes=\"(max-width: 1024px) 100vw, 1024px\" \/><\/a><\/figure>\n\n\n\n<figure class=\"wp-block-image size-large\"><a href=\"https:\/\/www.reitverein-ellefeld.de\/wp-content\/uploads\/WhatsApp-Image-2025-11-10-at-21.18.42-3.jpeg\"><img decoding=\"async\" loading=\"lazy\" width=\"1024\" height=\"683\" data-id=\"63565\"  src=\"https:\/\/www.reitverein-ellefeld.de\/wp-content\/uploads\/WhatsApp-Image-2025-11-10-at-21.18.42-3-1024x683.jpeg\" alt=\"\" class=\"wp-image-63565\" srcset=\"https:\/\/www.reitverein-ellefeld.de\/wp-content\/uploads\/WhatsApp-Image-2025-11-10-at-21.18.42-3-1024x683.jpeg 1024w, https:\/\/www.reitverein-ellefeld.de\/wp-content\/uploads\/WhatsApp-Image-2025-11-10-at-21.18.42-3-300x200.jpeg 300w, https:\/\/www.reitverein-ellefeld.de\/wp-content\/uploads\/WhatsApp-Image-2025-11-10-at-21.18.42-3-768x512.jpeg 768w, https:\/\/www.reitverein-ellefeld.de\/wp-content\/uploads\/WhatsApp-Image-2025-11-10-at-21.18.42-3-1536x1024.jpeg 1536w, https:\/\/www.reitverein-ellefeld.de\/wp-content\/uploads\/WhatsApp-Image-2025-11-10-at-21.18.42-3.jpeg 1600w\" sizes=\"(max-width: 1024px) 100vw, 1024px\" \/><\/a><\/figure>\n\n\n\n<figure class=\"wp-block-image size-large\"><a href=\"https:\/\/www.reitverein-ellefeld.de\/wp-content\/uploads\/WhatsApp-Image-2025-11-10-at-21.18.42-4.jpeg\"><img decoding=\"async\" loading=\"lazy\" width=\"1024\" height=\"682\" data-id=\"63573\"  src=\"https:\/\/www.reitverein-ellefeld.de\/wp-content\/uploads\/WhatsApp-Image-2025-11-10-at-21.18.42-4-1024x682.jpeg\" alt=\"\" class=\"wp-image-63573\" srcset=\"https:\/\/www.reitverein-ellefeld.de\/wp-content\/uploads\/WhatsApp-Image-2025-11-10-at-21.18.42-4-1024x682.jpeg 1024w, https:\/\/www.reitverein-ellefeld.de\/wp-content\/uploads\/WhatsApp-Image-2025-11-10-at-21.18.42-4-300x200.jpeg 300w, https:\/\/www.reitverein-ellefeld.de\/wp-content\/uploads\/WhatsApp-Image-2025-11-10-at-21.18.42-4-768x512.jpeg 768w, https:\/\/www.reitverein-ellefeld.de\/wp-content\/uploads\/WhatsApp-Image-2025-11-10-at-21.18.42-4-1536x1023.jpeg 1536w, https:\/\/www.reitverein-ellefeld.de\/wp-content\/uploads\/WhatsApp-Image-2025-11-10-at-21.18.42-4.jpeg 1600w\" sizes=\"(max-width: 1024px) 100vw, 1024px\" \/><\/a><\/figure>\n\n\n\n<figure class=\"wp-block-image size-large\"><a href=\"https:\/\/www.reitverein-ellefeld.de\/wp-content\/uploads\/WhatsApp-Image-2025-11-10-at-21.18.42.jpeg\"><img decoding=\"async\" loading=\"lazy\" width=\"1024\" height=\"682\" data-id=\"63520\"  src=\"https:\/\/www.reitverein-ellefeld.de\/wp-content\/uploads\/WhatsApp-Image-2025-11-10-at-21.18.42-1024x682.jpeg\" alt=\"\" class=\"wp-image-63520\" srcset=\"https:\/\/www.reitverein-ellefeld.de\/wp-content\/uploads\/WhatsApp-Image-2025-11-10-at-21.18.42-1024x682.jpeg 1024w, https:\/\/www.reitverein-ellefeld.de\/wp-content\/uploads\/WhatsApp-Image-2025-11-10-at-21.18.42-300x200.jpeg 300w, https:\/\/www.reitverein-ellefeld.de\/wp-content\/uploads\/WhatsApp-Image-2025-11-10-at-21.18.42-768x512.jpeg 768w, https:\/\/www.reitverein-ellefeld.de\/wp-content\/uploads\/WhatsApp-Image-2025-11-10-at-21.18.42-1536x1023.jpeg 1536w, https:\/\/www.reitverein-ellefeld.de\/wp-content\/uploads\/WhatsApp-Image-2025-11-10-at-21.18.42.jpeg 1600w\" sizes=\"(max-width: 1024px) 100vw, 1024px\" \/><\/a><\/figure>\n\n\n\n<figure class=\"wp-block-image size-large\"><a href=\"https:\/\/www.reitverein-ellefeld.de\/wp-content\/uploads\/WhatsApp-Image-2025-11-10-at-21.18.43-1.jpeg\"><img decoding=\"async\" loading=\"lazy\" width=\"682\" height=\"1024\" data-id=\"63556\"  src=\"https:\/\/www.reitverein-ellefeld.de\/wp-content\/uploads\/WhatsApp-Image-2025-11-10-at-21.18.43-1-682x1024.jpeg\" alt=\"\" class=\"wp-image-63556\" srcset=\"https:\/\/www.reitverein-ellefeld.de\/wp-content\/uploads\/WhatsApp-Image-2025-11-10-at-21.18.43-1-682x1024.jpeg 682w, https:\/\/www.reitverein-ellefeld.de\/wp-content\/uploads\/WhatsApp-Image-2025-11-10-at-21.18.43-1-200x300.jpeg 200w, https:\/\/www.reitverein-ellefeld.de\/wp-content\/uploads\/WhatsApp-Image-2025-11-10-at-21.18.43-1-768x1153.jpeg 768w, https:\/\/www.reitverein-ellefeld.de\/wp-content\/uploads\/WhatsApp-Image-2025-11-10-at-21.18.43-1-1023x1536.jpeg 1023w, https:\/\/www.reitverein-ellefeld.de\/wp-content\/uploads\/WhatsApp-Image-2025-11-10-at-21.18.43-1.jpeg 1066w\" sizes=\"(max-width: 682px) 100vw, 682px\" \/><\/a><\/figure>\n\n\n\n<figure class=\"wp-block-image size-large\"><a href=\"https:\/\/www.reitverein-ellefeld.de\/wp-content\/uploads\/WhatsApp-Image-2025-11-10-at-21.18.43-2.jpeg\"><img decoding=\"async\" loading=\"lazy\" width=\"682\" height=\"1024\" data-id=\"63533\"  src=\"https:\/\/www.reitverein-ellefeld.de\/wp-content\/uploads\/WhatsApp-Image-2025-11-10-at-21.18.43-2-682x1024.jpeg\" alt=\"\" class=\"wp-image-63533\" srcset=\"https:\/\/www.reitverein-ellefeld.de\/wp-content\/uploads\/WhatsApp-Image-2025-11-10-at-21.18.43-2-682x1024.jpeg 682w, https:\/\/www.reitverein-ellefeld.de\/wp-content\/uploads\/WhatsApp-Image-2025-11-10-at-21.18.43-2-200x300.jpeg 200w, https:\/\/www.reitverein-ellefeld.de\/wp-content\/uploads\/WhatsApp-Image-2025-11-10-at-21.18.43-2-768x1153.jpeg 768w, https:\/\/www.reitverein-ellefeld.de\/wp-content\/uploads\/WhatsApp-Image-2025-11-10-at-21.18.43-2-1023x1536.jpeg 1023w, https:\/\/www.reitverein-ellefeld.de\/wp-content\/uploads\/WhatsApp-Image-2025-11-10-at-21.18.43-2.jpeg 1066w\" sizes=\"(max-width: 682px) 100vw, 682px\" \/><\/a><\/figure>\n\n\n\n<figure class=\"wp-block-image size-large\"><a href=\"https:\/\/www.reitverein-ellefeld.de\/wp-content\/uploads\/WhatsApp-Image-2025-11-10-at-21.18.43-3.jpeg\"><img decoding=\"async\" loading=\"lazy\" width=\"682\" height=\"1024\" data-id=\"63566\"  src=\"https:\/\/www.reitverein-ellefeld.de\/wp-content\/uploads\/WhatsApp-Image-2025-11-10-at-21.18.43-3-682x1024.jpeg\" alt=\"\" class=\"wp-image-63566\" srcset=\"https:\/\/www.reitverein-ellefeld.de\/wp-content\/uploads\/WhatsApp-Image-2025-11-10-at-21.18.43-3-682x1024.jpeg 682w, https:\/\/www.reitverein-ellefeld.de\/wp-content\/uploads\/WhatsApp-Image-2025-11-10-at-21.18.43-3-200x300.jpeg 200w, https:\/\/www.reitverein-ellefeld.de\/wp-content\/uploads\/WhatsApp-Image-2025-11-10-at-21.18.43-3-768x1153.jpeg 768w, https:\/\/www.reitverein-ellefeld.de\/wp-content\/uploads\/WhatsApp-Image-2025-11-10-at-21.18.43-3-1023x1536.jpeg 1023w, https:\/\/www.reitverein-ellefeld.de\/wp-content\/uploads\/WhatsApp-Image-2025-11-10-at-21.18.43-3.jpeg 1066w\" sizes=\"(max-width: 682px) 100vw, 682px\" \/><\/a><\/figure>\n\n\n\n<figure class=\"wp-block-image size-large\"><a href=\"https:\/\/www.reitverein-ellefeld.de\/wp-content\/uploads\/WhatsApp-Image-2025-11-10-at-21.18.43.jpeg\"><img decoding=\"async\" loading=\"lazy\" width=\"1024\" height=\"682\" data-id=\"63579\"  src=\"https:\/\/www.reitverein-ellefeld.de\/wp-content\/uploads\/WhatsApp-Image-2025-11-10-at-21.18.43-1024x682.jpeg\" alt=\"\" class=\"wp-image-63579\" srcset=\"https:\/\/www.reitverein-ellefeld.de\/wp-content\/uploads\/WhatsApp-Image-2025-11-10-at-21.18.43-1024x682.jpeg 1024w, https:\/\/www.reitverein-ellefeld.de\/wp-content\/uploads\/WhatsApp-Image-2025-11-10-at-21.18.43-300x200.jpeg 300w, https:\/\/www.reitverein-ellefeld.de\/wp-content\/uploads\/WhatsApp-Image-2025-11-10-at-21.18.43-768x512.jpeg 768w, https:\/\/www.reitverein-ellefeld.de\/wp-content\/uploads\/WhatsApp-Image-2025-11-10-at-21.18.43-1536x1023.jpeg 1536w, https:\/\/www.reitverein-ellefeld.de\/wp-content\/uploads\/WhatsApp-Image-2025-11-10-at-21.18.43.jpeg 1600w\" sizes=\"(max-width: 1024px) 100vw, 1024px\" \/><\/a><\/figure>\n\n\n\n<figure class=\"wp-block-image size-large\"><a href=\"https:\/\/www.reitverein-ellefeld.de\/wp-content\/uploads\/WhatsApp-Image-2025-11-10-at-21.19.16-1.jpeg\"><img decoding=\"async\" loading=\"lazy\" width=\"1024\" height=\"682\" data-id=\"63522\"  src=\"https:\/\/www.reitverein-ellefeld.de\/wp-content\/uploads\/WhatsApp-Image-2025-11-10-at-21.19.16-1-1024x682.jpeg\" alt=\"\" class=\"wp-image-63522\" srcset=\"https:\/\/www.reitverein-ellefeld.de\/wp-content\/uploads\/WhatsApp-Image-2025-11-10-at-21.19.16-1-1024x682.jpeg 1024w, https:\/\/www.reitverein-ellefeld.de\/wp-content\/uploads\/WhatsApp-Image-2025-11-10-at-21.19.16-1-300x200.jpeg 300w, https:\/\/www.reitverein-ellefeld.de\/wp-content\/uploads\/WhatsApp-Image-2025-11-10-at-21.19.16-1-768x512.jpeg 768w, https:\/\/www.reitverein-ellefeld.de\/wp-content\/uploads\/WhatsApp-Image-2025-11-10-at-21.19.16-1-1536x1023.jpeg 1536w, https:\/\/www.reitverein-ellefeld.de\/wp-content\/uploads\/WhatsApp-Image-2025-11-10-at-21.19.16-1.jpeg 1600w\" sizes=\"(max-width: 1024px) 100vw, 1024px\" \/><\/a><\/figure>\n\n\n\n<figure class=\"wp-block-image size-large\"><a href=\"https:\/\/www.reitverein-ellefeld.de\/wp-content\/uploads\/WhatsApp-Image-2025-11-10-at-21.19.16-2.jpeg\"><img decoding=\"async\" loading=\"lazy\" width=\"1024\" height=\"682\" data-id=\"63500\"  src=\"https:\/\/www.reitverein-ellefeld.de\/wp-content\/uploads\/WhatsApp-Image-2025-11-10-at-21.19.16-2-1024x682.jpeg\" alt=\"\" class=\"wp-image-63500\" srcset=\"https:\/\/www.reitverein-ellefeld.de\/wp-content\/uploads\/WhatsApp-Image-2025-11-10-at-21.19.16-2-1024x682.jpeg 1024w, https:\/\/www.reitverein-ellefeld.de\/wp-content\/uploads\/WhatsApp-Image-2025-11-10-at-21.19.16-2-300x200.jpeg 300w, https:\/\/www.reitverein-ellefeld.de\/wp-content\/uploads\/WhatsApp-Image-2025-11-10-at-21.19.16-2-768x512.jpeg 768w, https:\/\/www.reitverein-ellefeld.de\/wp-content\/uploads\/WhatsApp-Image-2025-11-10-at-21.19.16-2-1536x1023.jpeg 1536w, https:\/\/www.reitverein-ellefeld.de\/wp-content\/uploads\/WhatsApp-Image-2025-11-10-at-21.19.16-2.jpeg 1600w\" sizes=\"(max-width: 1024px) 100vw, 1024px\" \/><\/a><\/figure>\n\n\n\n<figure class=\"wp-block-image size-large\"><a href=\"https:\/\/www.reitverein-ellefeld.de\/wp-content\/uploads\/WhatsApp-Image-2025-11-10-at-21.19.16-3.jpeg\"><img decoding=\"async\" loading=\"lazy\" width=\"1024\" height=\"682\" data-id=\"63534\"  src=\"https:\/\/www.reitverein-ellefeld.de\/wp-content\/uploads\/WhatsApp-Image-2025-11-10-at-21.19.16-3-1024x682.jpeg\" alt=\"\" class=\"wp-image-63534\" srcset=\"https:\/\/www.reitverein-ellefeld.de\/wp-content\/uploads\/WhatsApp-Image-2025-11-10-at-21.19.16-3-1024x682.jpeg 1024w, https:\/\/www.reitverein-ellefeld.de\/wp-content\/uploads\/WhatsApp-Image-2025-11-10-at-21.19.16-3-300x200.jpeg 300w, https:\/\/www.reitverein-ellefeld.de\/wp-content\/uploads\/WhatsApp-Image-2025-11-10-at-21.19.16-3-768x512.jpeg 768w, https:\/\/www.reitverein-ellefeld.de\/wp-content\/uploads\/WhatsApp-Image-2025-11-10-at-21.19.16-3-1536x1023.jpeg 1536w, https:\/\/www.reitverein-ellefeld.de\/wp-content\/uploads\/WhatsApp-Image-2025-11-10-at-21.19.16-3.jpeg 1600w\" sizes=\"(max-width: 1024px) 100vw, 1024px\" \/><\/a><\/figure>\n\n\n\n<figure class=\"wp-block-image size-large\"><a href=\"https:\/\/www.reitverein-ellefeld.de\/wp-content\/uploads\/WhatsApp-Image-2025-11-10-at-21.19.16-4.jpeg\"><img decoding=\"async\" loading=\"lazy\" width=\"1024\" height=\"682\" data-id=\"63530\"  src=\"https:\/\/www.reitverein-ellefeld.de\/wp-content\/uploads\/WhatsApp-Image-2025-11-10-at-21.19.16-4-1024x682.jpeg\" alt=\"\" class=\"wp-image-63530\" srcset=\"https:\/\/www.reitverein-ellefeld.de\/wp-content\/uploads\/WhatsApp-Image-2025-11-10-at-21.19.16-4-1024x682.jpeg 1024w, https:\/\/www.reitverein-ellefeld.de\/wp-content\/uploads\/WhatsApp-Image-2025-11-10-at-21.19.16-4-300x200.jpeg 300w, https:\/\/www.reitverein-ellefeld.de\/wp-content\/uploads\/WhatsApp-Image-2025-11-10-at-21.19.16-4-768x512.jpeg 768w, https:\/\/www.reitverein-ellefeld.de\/wp-content\/uploads\/WhatsApp-Image-2025-11-10-at-21.19.16-4-1536x1023.jpeg 1536w, https:\/\/www.reitverein-ellefeld.de\/wp-content\/uploads\/WhatsApp-Image-2025-11-10-at-21.19.16-4.jpeg 1600w\" sizes=\"(max-width: 1024px) 100vw, 1024px\" \/><\/a><\/figure>\n\n\n\n<figure class=\"wp-block-image size-large\"><a href=\"https:\/\/www.reitverein-ellefeld.de\/wp-content\/uploads\/WhatsApp-Image-2025-11-10-at-21.19.16-5.jpeg\"><img decoding=\"async\" loading=\"lazy\" width=\"1024\" height=\"683\" data-id=\"63614\"  src=\"https:\/\/www.reitverein-ellefeld.de\/wp-content\/uploads\/WhatsApp-Image-2025-11-10-at-21.19.16-5-1024x683.jpeg\" alt=\"\" class=\"wp-image-63614\" srcset=\"https:\/\/www.reitverein-ellefeld.de\/wp-content\/uploads\/WhatsApp-Image-2025-11-10-at-21.19.16-5-1024x683.jpeg 1024w, https:\/\/www.reitverein-ellefeld.de\/wp-content\/uploads\/WhatsApp-Image-2025-11-10-at-21.19.16-5-300x200.jpeg 300w, https:\/\/www.reitverein-ellefeld.de\/wp-content\/uploads\/WhatsApp-Image-2025-11-10-at-21.19.16-5-768x512.jpeg 768w, https:\/\/www.reitverein-ellefeld.de\/wp-content\/uploads\/WhatsApp-Image-2025-11-10-at-21.19.16-5-1536x1024.jpeg 1536w, https:\/\/www.reitverein-ellefeld.de\/wp-content\/uploads\/WhatsApp-Image-2025-11-10-at-21.19.16-5.jpeg 1600w\" sizes=\"(max-width: 1024px) 100vw, 1024px\" \/><\/a><\/figure>\n\n\n\n<figure class=\"wp-block-image size-large\"><a href=\"https:\/\/www.reitverein-ellefeld.de\/wp-content\/uploads\/WhatsApp-Image-2025-11-10-at-21.19.16.jpeg\"><img decoding=\"async\" loading=\"lazy\" width=\"1024\" height=\"682\" data-id=\"63531\"  src=\"https:\/\/www.reitverein-ellefeld.de\/wp-content\/uploads\/WhatsApp-Image-2025-11-10-at-21.19.16-1024x682.jpeg\" alt=\"\" class=\"wp-image-63531\" srcset=\"https:\/\/www.reitverein-ellefeld.de\/wp-content\/uploads\/WhatsApp-Image-2025-11-10-at-21.19.16-1024x682.jpeg 1024w, https:\/\/www.reitverein-ellefeld.de\/wp-content\/uploads\/WhatsApp-Image-2025-11-10-at-21.19.16-300x200.jpeg 300w, https:\/\/www.reitverein-ellefeld.de\/wp-content\/uploads\/WhatsApp-Image-2025-11-10-at-21.19.16-768x512.jpeg 768w, https:\/\/www.reitverein-ellefeld.de\/wp-content\/uploads\/WhatsApp-Image-2025-11-10-at-21.19.16-1536x1023.jpeg 1536w, https:\/\/www.reitverein-ellefeld.de\/wp-content\/uploads\/WhatsApp-Image-2025-11-10-at-21.19.16.jpeg 1600w\" sizes=\"(max-width: 1024px) 100vw, 1024px\" \/><\/a><\/figure>\n\n\n\n<figure class=\"wp-block-image size-large\"><a href=\"https:\/\/www.reitverein-ellefeld.de\/wp-content\/uploads\/WhatsApp-Image-2025-11-10-at-21.19.17-1.jpeg\"><img decoding=\"async\" loading=\"lazy\" width=\"1024\" height=\"683\" data-id=\"63539\"  src=\"https:\/\/www.reitverein-ellefeld.de\/wp-content\/uploads\/WhatsApp-Image-2025-11-10-at-21.19.17-1-1024x683.jpeg\" alt=\"\" class=\"wp-image-63539\" srcset=\"https:\/\/www.reitverein-ellefeld.de\/wp-content\/uploads\/WhatsApp-Image-2025-11-10-at-21.19.17-1-1024x683.jpeg 1024w, https:\/\/www.reitverein-ellefeld.de\/wp-content\/uploads\/WhatsApp-Image-2025-11-10-at-21.19.17-1-300x200.jpeg 300w, https:\/\/www.reitverein-ellefeld.de\/wp-content\/uploads\/WhatsApp-Image-2025-11-10-at-21.19.17-1-768x512.jpeg 768w, https:\/\/www.reitverein-ellefeld.de\/wp-content\/uploads\/WhatsApp-Image-2025-11-10-at-21.19.17-1-1536x1024.jpeg 1536w, https:\/\/www.reitverein-ellefeld.de\/wp-content\/uploads\/WhatsApp-Image-2025-11-10-at-21.19.17-1.jpeg 1600w\" sizes=\"(max-width: 1024px) 100vw, 1024px\" \/><\/a><\/figure>\n\n\n\n<figure class=\"wp-block-image size-large\"><a href=\"https:\/\/www.reitverein-ellefeld.de\/wp-content\/uploads\/WhatsApp-Image-2025-11-10-at-21.19.17-2.jpeg\"><img decoding=\"async\" loading=\"lazy\" width=\"1024\" height=\"682\" data-id=\"63603\"  src=\"https:\/\/www.reitverein-ellefeld.de\/wp-content\/uploads\/WhatsApp-Image-2025-11-10-at-21.19.17-2-1024x682.jpeg\" alt=\"\" class=\"wp-image-63603\" srcset=\"https:\/\/www.reitverein-ellefeld.de\/wp-content\/uploads\/WhatsApp-Image-2025-11-10-at-21.19.17-2-1024x682.jpeg 1024w, https:\/\/www.reitverein-ellefeld.de\/wp-content\/uploads\/WhatsApp-Image-2025-11-10-at-21.19.17-2-300x200.jpeg 300w, https:\/\/www.reitverein-ellefeld.de\/wp-content\/uploads\/WhatsApp-Image-2025-11-10-at-21.19.17-2-768x512.jpeg 768w, https:\/\/www.reitverein-ellefeld.de\/wp-content\/uploads\/WhatsApp-Image-2025-11-10-at-21.19.17-2-1536x1023.jpeg 1536w, https:\/\/www.reitverein-ellefeld.de\/wp-content\/uploads\/WhatsApp-Image-2025-11-10-at-21.19.17-2.jpeg 1600w\" sizes=\"(max-width: 1024px) 100vw, 1024px\" \/><\/a><\/figure>\n\n\n\n<figure class=\"wp-block-image size-large\"><a href=\"https:\/\/www.reitverein-ellefeld.de\/wp-content\/uploads\/WhatsApp-Image-2025-11-10-at-21.19.17-3.jpeg\"><img decoding=\"async\" loading=\"lazy\" width=\"1024\" height=\"682\" data-id=\"63509\"  src=\"https:\/\/www.reitverein-ellefeld.de\/wp-content\/uploads\/WhatsApp-Image-2025-11-10-at-21.19.17-3-1024x682.jpeg\" alt=\"\" class=\"wp-image-63509\" srcset=\"https:\/\/www.reitverein-ellefeld.de\/wp-content\/uploads\/WhatsApp-Image-2025-11-10-at-21.19.17-3-1024x682.jpeg 1024w, https:\/\/www.reitverein-ellefeld.de\/wp-content\/uploads\/WhatsApp-Image-2025-11-10-at-21.19.17-3-300x200.jpeg 300w, https:\/\/www.reitverein-ellefeld.de\/wp-content\/uploads\/WhatsApp-Image-2025-11-10-at-21.19.17-3-768x512.jpeg 768w, https:\/\/www.reitverein-ellefeld.de\/wp-content\/uploads\/WhatsApp-Image-2025-11-10-at-21.19.17-3-1536x1023.jpeg 1536w, https:\/\/www.reitverein-ellefeld.de\/wp-content\/uploads\/WhatsApp-Image-2025-11-10-at-21.19.17-3.jpeg 1600w\" sizes=\"(max-width: 1024px) 100vw, 1024px\" \/><\/a><\/figure>\n\n\n\n<figure class=\"wp-block-image size-large\"><a href=\"https:\/\/www.reitverein-ellefeld.de\/wp-content\/uploads\/WhatsApp-Image-2025-11-10-at-21.19.17-4.jpeg\"><img decoding=\"async\" loading=\"lazy\" width=\"682\" height=\"1024\" data-id=\"63569\"  src=\"https:\/\/www.reitverein-ellefeld.de\/wp-content\/uploads\/WhatsApp-Image-2025-11-10-at-21.19.17-4-682x1024.jpeg\" alt=\"\" class=\"wp-image-63569\" srcset=\"https:\/\/www.reitverein-ellefeld.de\/wp-content\/uploads\/WhatsApp-Image-2025-11-10-at-21.19.17-4-682x1024.jpeg 682w, https:\/\/www.reitverein-ellefeld.de\/wp-content\/uploads\/WhatsApp-Image-2025-11-10-at-21.19.17-4-200x300.jpeg 200w, https:\/\/www.reitverein-ellefeld.de\/wp-content\/uploads\/WhatsApp-Image-2025-11-10-at-21.19.17-4-768x1153.jpeg 768w, https:\/\/www.reitverein-ellefeld.de\/wp-content\/uploads\/WhatsApp-Image-2025-11-10-at-21.19.17-4-1023x1536.jpeg 1023w, https:\/\/www.reitverein-ellefeld.de\/wp-content\/uploads\/WhatsApp-Image-2025-11-10-at-21.19.17-4.jpeg 1066w\" sizes=\"(max-width: 682px) 100vw, 682px\" \/><\/a><\/figure>\n\n\n\n<figure class=\"wp-block-image size-large\"><a href=\"https:\/\/www.reitverein-ellefeld.de\/wp-content\/uploads\/WhatsApp-Image-2025-11-10-at-21.19.17-5.jpeg\"><img decoding=\"async\" loading=\"lazy\" width=\"1024\" height=\"682\" data-id=\"63587\"  src=\"https:\/\/www.reitverein-ellefeld.de\/wp-content\/uploads\/WhatsApp-Image-2025-11-10-at-21.19.17-5-1024x682.jpeg\" alt=\"\" class=\"wp-image-63587\" srcset=\"https:\/\/www.reitverein-ellefeld.de\/wp-content\/uploads\/WhatsApp-Image-2025-11-10-at-21.19.17-5-1024x682.jpeg 1024w, https:\/\/www.reitverein-ellefeld.de\/wp-content\/uploads\/WhatsApp-Image-2025-11-10-at-21.19.17-5-300x200.jpeg 300w, https:\/\/www.reitverein-ellefeld.de\/wp-content\/uploads\/WhatsApp-Image-2025-11-10-at-21.19.17-5-768x512.jpeg 768w, https:\/\/www.reitverein-ellefeld.de\/wp-content\/uploads\/WhatsApp-Image-2025-11-10-at-21.19.17-5-1536x1023.jpeg 1536w, https:\/\/www.reitverein-ellefeld.de\/wp-content\/uploads\/WhatsApp-Image-2025-11-10-at-21.19.17-5.jpeg 1600w\" sizes=\"(max-width: 1024px) 100vw, 1024px\" \/><\/a><\/figure>\n\n\n\n<figure class=\"wp-block-image size-large\"><a href=\"https:\/\/www.reitverein-ellefeld.de\/wp-content\/uploads\/WhatsApp-Image-2025-11-10-at-21.19.17.jpeg\"><img decoding=\"async\" loading=\"lazy\" width=\"1024\" height=\"683\" data-id=\"63575\"  src=\"https:\/\/www.reitverein-ellefeld.de\/wp-content\/uploads\/WhatsApp-Image-2025-11-10-at-21.19.17-1024x683.jpeg\" alt=\"\" class=\"wp-image-63575\" srcset=\"https:\/\/www.reitverein-ellefeld.de\/wp-content\/uploads\/WhatsApp-Image-2025-11-10-at-21.19.17-1024x683.jpeg 1024w, https:\/\/www.reitverein-ellefeld.de\/wp-content\/uploads\/WhatsApp-Image-2025-11-10-at-21.19.17-300x200.jpeg 300w, https:\/\/www.reitverein-ellefeld.de\/wp-content\/uploads\/WhatsApp-Image-2025-11-10-at-21.19.17-768x512.jpeg 768w, https:\/\/www.reitverein-ellefeld.de\/wp-content\/uploads\/WhatsApp-Image-2025-11-10-at-21.19.17-1536x1024.jpeg 1536w, https:\/\/www.reitverein-ellefeld.de\/wp-content\/uploads\/WhatsApp-Image-2025-11-10-at-21.19.17.jpeg 1600w\" sizes=\"(max-width: 1024px) 100vw, 1024px\" \/><\/a><\/figure>\n\n\n\n<figure class=\"wp-block-image size-large\"><a href=\"https:\/\/www.reitverein-ellefeld.de\/wp-content\/uploads\/WhatsApp-Image-2025-11-10-at-21.19.30-1.jpeg\"><img decoding=\"async\" loading=\"lazy\" width=\"1024\" height=\"682\" data-id=\"63498\"  src=\"https:\/\/www.reitverein-ellefeld.de\/wp-content\/uploads\/WhatsApp-Image-2025-11-10-at-21.19.30-1-1024x682.jpeg\" alt=\"\" class=\"wp-image-63498\" srcset=\"https:\/\/www.reitverein-ellefeld.de\/wp-content\/uploads\/WhatsApp-Image-2025-11-10-at-21.19.30-1-1024x682.jpeg 1024w, https:\/\/www.reitverein-ellefeld.de\/wp-content\/uploads\/WhatsApp-Image-2025-11-10-at-21.19.30-1-300x200.jpeg 300w, https:\/\/www.reitverein-ellefeld.de\/wp-content\/uploads\/WhatsApp-Image-2025-11-10-at-21.19.30-1-768x512.jpeg 768w, https:\/\/www.reitverein-ellefeld.de\/wp-content\/uploads\/WhatsApp-Image-2025-11-10-at-21.19.30-1-1536x1023.jpeg 1536w, https:\/\/www.reitverein-ellefeld.de\/wp-content\/uploads\/WhatsApp-Image-2025-11-10-at-21.19.30-1.jpeg 1600w\" sizes=\"(max-width: 1024px) 100vw, 1024px\" \/><\/a><\/figure>\n\n\n\n<figure class=\"wp-block-image size-large\"><a href=\"https:\/\/www.reitverein-ellefeld.de\/wp-content\/uploads\/WhatsApp-Image-2025-11-10-at-21.19.30-2.jpeg\"><img decoding=\"async\" loading=\"lazy\" width=\"1024\" height=\"682\" data-id=\"63592\"  src=\"https:\/\/www.reitverein-ellefeld.de\/wp-content\/uploads\/WhatsApp-Image-2025-11-10-at-21.19.30-2-1024x682.jpeg\" alt=\"\" class=\"wp-image-63592\" srcset=\"https:\/\/www.reitverein-ellefeld.de\/wp-content\/uploads\/WhatsApp-Image-2025-11-10-at-21.19.30-2-1024x682.jpeg 1024w, https:\/\/www.reitverein-ellefeld.de\/wp-content\/uploads\/WhatsApp-Image-2025-11-10-at-21.19.30-2-300x200.jpeg 300w, https:\/\/www.reitverein-ellefeld.de\/wp-content\/uploads\/WhatsApp-Image-2025-11-10-at-21.19.30-2-768x511.jpeg 768w, https:\/\/www.reitverein-ellefeld.de\/wp-content\/uploads\/WhatsApp-Image-2025-11-10-at-21.19.30-2-1536x1022.jpeg 1536w, https:\/\/www.reitverein-ellefeld.de\/wp-content\/uploads\/WhatsApp-Image-2025-11-10-at-21.19.30-2.jpeg 1600w\" sizes=\"(max-width: 1024px) 100vw, 1024px\" \/><\/a><\/figure>\n\n\n\n<figure class=\"wp-block-image size-large\"><a href=\"https:\/\/www.reitverein-ellefeld.de\/wp-content\/uploads\/WhatsApp-Image-2025-11-10-at-21.19.30.jpeg\"><img decoding=\"async\" loading=\"lazy\" width=\"1024\" height=\"682\" data-id=\"63602\"  src=\"https:\/\/www.reitverein-ellefeld.de\/wp-content\/uploads\/WhatsApp-Image-2025-11-10-at-21.19.30-1024x682.jpeg\" alt=\"\" class=\"wp-image-63602\" srcset=\"https:\/\/www.reitverein-ellefeld.de\/wp-content\/uploads\/WhatsApp-Image-2025-11-10-at-21.19.30-1024x682.jpeg 1024w, https:\/\/www.reitverein-ellefeld.de\/wp-content\/uploads\/WhatsApp-Image-2025-11-10-at-21.19.30-300x200.jpeg 300w, https:\/\/www.reitverein-ellefeld.de\/wp-content\/uploads\/WhatsApp-Image-2025-11-10-at-21.19.30-768x511.jpeg 768w, https:\/\/www.reitverein-ellefeld.de\/wp-content\/uploads\/WhatsApp-Image-2025-11-10-at-21.19.30-1536x1022.jpeg 1536w, https:\/\/www.reitverein-ellefeld.de\/wp-content\/uploads\/WhatsApp-Image-2025-11-10-at-21.19.30.jpeg 1600w\" sizes=\"(max-width: 1024px) 100vw, 1024px\" \/><\/a><\/figure>\n\n\n\n<figure class=\"wp-block-image size-large\"><a href=\"https:\/\/www.reitverein-ellefeld.de\/wp-content\/uploads\/WhatsApp-Image-2025-11-10-at-21.19.31-1.jpeg\"><img decoding=\"async\" loading=\"lazy\" width=\"1024\" height=\"683\" data-id=\"63578\"  src=\"https:\/\/www.reitverein-ellefeld.de\/wp-content\/uploads\/WhatsApp-Image-2025-11-10-at-21.19.31-1-1024x683.jpeg\" alt=\"\" class=\"wp-image-63578\" srcset=\"https:\/\/www.reitverein-ellefeld.de\/wp-content\/uploads\/WhatsApp-Image-2025-11-10-at-21.19.31-1-1024x683.jpeg 1024w, https:\/\/www.reitverein-ellefeld.de\/wp-content\/uploads\/WhatsApp-Image-2025-11-10-at-21.19.31-1-300x200.jpeg 300w, https:\/\/www.reitverein-ellefeld.de\/wp-content\/uploads\/WhatsApp-Image-2025-11-10-at-21.19.31-1-768x512.jpeg 768w, https:\/\/www.reitverein-ellefeld.de\/wp-content\/uploads\/WhatsApp-Image-2025-11-10-at-21.19.31-1-1536x1024.jpeg 1536w, https:\/\/www.reitverein-ellefeld.de\/wp-content\/uploads\/WhatsApp-Image-2025-11-10-at-21.19.31-1.jpeg 1600w\" sizes=\"(max-width: 1024px) 100vw, 1024px\" \/><\/a><\/figure>\n\n\n\n<figure class=\"wp-block-image size-large\"><a href=\"https:\/\/www.reitverein-ellefeld.de\/wp-content\/uploads\/WhatsApp-Image-2025-11-10-at-21.19.31-2.jpeg\"><img decoding=\"async\" loading=\"lazy\" width=\"1024\" height=\"683\" data-id=\"63553\"  src=\"https:\/\/www.reitverein-ellefeld.de\/wp-content\/uploads\/WhatsApp-Image-2025-11-10-at-21.19.31-2-1024x683.jpeg\" alt=\"\" class=\"wp-image-63553\" srcset=\"https:\/\/www.reitverein-ellefeld.de\/wp-content\/uploads\/WhatsApp-Image-2025-11-10-at-21.19.31-2-1024x683.jpeg 1024w, https:\/\/www.reitverein-ellefeld.de\/wp-content\/uploads\/WhatsApp-Image-2025-11-10-at-21.19.31-2-300x200.jpeg 300w, https:\/\/www.reitverein-ellefeld.de\/wp-content\/uploads\/WhatsApp-Image-2025-11-10-at-21.19.31-2-768x512.jpeg 768w, https:\/\/www.reitverein-ellefeld.de\/wp-content\/uploads\/WhatsApp-Image-2025-11-10-at-21.19.31-2-1536x1024.jpeg 1536w, https:\/\/www.reitverein-ellefeld.de\/wp-content\/uploads\/WhatsApp-Image-2025-11-10-at-21.19.31-2.jpeg 1600w\" sizes=\"(max-width: 1024px) 100vw, 1024px\" \/><\/a><\/figure>\n\n\n\n<figure class=\"wp-block-image size-large\"><a href=\"https:\/\/www.reitverein-ellefeld.de\/wp-content\/uploads\/WhatsApp-Image-2025-11-10-at-21.19.31.jpeg\"><img decoding=\"async\" loading=\"lazy\" width=\"1024\" height=\"683\" data-id=\"63604\"  src=\"https:\/\/www.reitverein-ellefeld.de\/wp-content\/uploads\/WhatsApp-Image-2025-11-10-at-21.19.31-1024x683.jpeg\" alt=\"\" class=\"wp-image-63604\" srcset=\"https:\/\/www.reitverein-ellefeld.de\/wp-content\/uploads\/WhatsApp-Image-2025-11-10-at-21.19.31-1024x683.jpeg 1024w, https:\/\/www.reitverein-ellefeld.de\/wp-content\/uploads\/WhatsApp-Image-2025-11-10-at-21.19.31-300x200.jpeg 300w, https:\/\/www.reitverein-ellefeld.de\/wp-content\/uploads\/WhatsApp-Image-2025-11-10-at-21.19.31-768x512.jpeg 768w, https:\/\/www.reitverein-ellefeld.de\/wp-content\/uploads\/WhatsApp-Image-2025-11-10-at-21.19.31-1536x1024.jpeg 1536w, https:\/\/www.reitverein-ellefeld.de\/wp-content\/uploads\/WhatsApp-Image-2025-11-10-at-21.19.31.jpeg 1600w\" sizes=\"(max-width: 1024px) 100vw, 1024px\" \/><\/a><\/figure>\n\n\n\n<figure class=\"wp-block-image size-large\"><a href=\"https:\/\/www.reitverein-ellefeld.de\/wp-content\/uploads\/WhatsApp-Image-2025-11-10-at-21.19.32.jpeg\"><img decoding=\"async\" loading=\"lazy\" width=\"1024\" height=\"682\" data-id=\"63505\"  src=\"https:\/\/www.reitverein-ellefeld.de\/wp-content\/uploads\/WhatsApp-Image-2025-11-10-at-21.19.32-1024x682.jpeg\" alt=\"\" class=\"wp-image-63505\" srcset=\"https:\/\/www.reitverein-ellefeld.de\/wp-content\/uploads\/WhatsApp-Image-2025-11-10-at-21.19.32-1024x682.jpeg 1024w, https:\/\/www.reitverein-ellefeld.de\/wp-content\/uploads\/WhatsApp-Image-2025-11-10-at-21.19.32-300x200.jpeg 300w, https:\/\/www.reitverein-ellefeld.de\/wp-content\/uploads\/WhatsApp-Image-2025-11-10-at-21.19.32-768x512.jpeg 768w, https:\/\/www.reitverein-ellefeld.de\/wp-content\/uploads\/WhatsApp-Image-2025-11-10-at-21.19.32-1536x1023.jpeg 1536w, https:\/\/www.reitverein-ellefeld.de\/wp-content\/uploads\/WhatsApp-Image-2025-11-10-at-21.19.32.jpeg 1600w\" sizes=\"(max-width: 1024px) 100vw, 1024px\" \/><\/a><\/figure>\n\n\n\n<figure class=\"wp-block-image size-large\"><a href=\"https:\/\/www.reitverein-ellefeld.de\/wp-content\/uploads\/WhatsApp-Image-2025-11-10-at-21.20.23-1.jpeg\"><img decoding=\"async\" loading=\"lazy\" width=\"1024\" height=\"682\" data-id=\"63519\"  src=\"https:\/\/www.reitverein-ellefeld.de\/wp-content\/uploads\/WhatsApp-Image-2025-11-10-at-21.20.23-1-1024x682.jpeg\" alt=\"\" class=\"wp-image-63519\" srcset=\"https:\/\/www.reitverein-ellefeld.de\/wp-content\/uploads\/WhatsApp-Image-2025-11-10-at-21.20.23-1-1024x682.jpeg 1024w, https:\/\/www.reitverein-ellefeld.de\/wp-content\/uploads\/WhatsApp-Image-2025-11-10-at-21.20.23-1-300x200.jpeg 300w, https:\/\/www.reitverein-ellefeld.de\/wp-content\/uploads\/WhatsApp-Image-2025-11-10-at-21.20.23-1-768x512.jpeg 768w, https:\/\/www.reitverein-ellefeld.de\/wp-content\/uploads\/WhatsApp-Image-2025-11-10-at-21.20.23-1-1536x1023.jpeg 1536w, https:\/\/www.reitverein-ellefeld.de\/wp-content\/uploads\/WhatsApp-Image-2025-11-10-at-21.20.23-1.jpeg 1600w\" sizes=\"(max-width: 1024px) 100vw, 1024px\" \/><\/a><\/figure>\n\n\n\n<figure class=\"wp-block-image size-large\"><a href=\"https:\/\/www.reitverein-ellefeld.de\/wp-content\/uploads\/WhatsApp-Image-2025-11-10-at-21.20.23-2.jpeg\"><img decoding=\"async\" loading=\"lazy\" width=\"1024\" height=\"682\" data-id=\"63611\"  src=\"https:\/\/www.reitverein-ellefeld.de\/wp-content\/uploads\/WhatsApp-Image-2025-11-10-at-21.20.23-2-1024x682.jpeg\" alt=\"\" class=\"wp-image-63611\" srcset=\"https:\/\/www.reitverein-ellefeld.de\/wp-content\/uploads\/WhatsApp-Image-2025-11-10-at-21.20.23-2-1024x682.jpeg 1024w, https:\/\/www.reitverein-ellefeld.de\/wp-content\/uploads\/WhatsApp-Image-2025-11-10-at-21.20.23-2-300x200.jpeg 300w, https:\/\/www.reitverein-ellefeld.de\/wp-content\/uploads\/WhatsApp-Image-2025-11-10-at-21.20.23-2-768x512.jpeg 768w, https:\/\/www.reitverein-ellefeld.de\/wp-content\/uploads\/WhatsApp-Image-2025-11-10-at-21.20.23-2-1536x1023.jpeg 1536w, https:\/\/www.reitverein-ellefeld.de\/wp-content\/uploads\/WhatsApp-Image-2025-11-10-at-21.20.23-2.jpeg 1600w\" sizes=\"(max-width: 1024px) 100vw, 1024px\" \/><\/a><\/figure>\n\n\n\n<figure class=\"wp-block-image size-large\"><a href=\"https:\/\/www.reitverein-ellefeld.de\/wp-content\/uploads\/WhatsApp-Image-2025-11-10-at-21.20.23-3.jpeg\"><img decoding=\"async\" loading=\"lazy\" width=\"1024\" height=\"682\" data-id=\"63599\"  src=\"https:\/\/www.reitverein-ellefeld.de\/wp-content\/uploads\/WhatsApp-Image-2025-11-10-at-21.20.23-3-1024x682.jpeg\" alt=\"\" class=\"wp-image-63599\" srcset=\"https:\/\/www.reitverein-ellefeld.de\/wp-content\/uploads\/WhatsApp-Image-2025-11-10-at-21.20.23-3-1024x682.jpeg 1024w, https:\/\/www.reitverein-ellefeld.de\/wp-content\/uploads\/WhatsApp-Image-2025-11-10-at-21.20.23-3-300x200.jpeg 300w, https:\/\/www.reitverein-ellefeld.de\/wp-content\/uploads\/WhatsApp-Image-2025-11-10-at-21.20.23-3-768x511.jpeg 768w, https:\/\/www.reitverein-ellefeld.de\/wp-content\/uploads\/WhatsApp-Image-2025-11-10-at-21.20.23-3-1536x1022.jpeg 1536w, https:\/\/www.reitverein-ellefeld.de\/wp-content\/uploads\/WhatsApp-Image-2025-11-10-at-21.20.23-3.jpeg 1600w\" sizes=\"(max-width: 1024px) 100vw, 1024px\" \/><\/a><\/figure>\n\n\n\n<figure class=\"wp-block-image size-large\"><a href=\"https:\/\/www.reitverein-ellefeld.de\/wp-content\/uploads\/WhatsApp-Image-2025-11-10-at-21.20.23-4.jpeg\"><img decoding=\"async\" loading=\"lazy\" width=\"1024\" height=\"682\" data-id=\"63590\"  src=\"https:\/\/www.reitverein-ellefeld.de\/wp-content\/uploads\/WhatsApp-Image-2025-11-10-at-21.20.23-4-1024x682.jpeg\" alt=\"\" class=\"wp-image-63590\" srcset=\"https:\/\/www.reitverein-ellefeld.de\/wp-content\/uploads\/WhatsApp-Image-2025-11-10-at-21.20.23-4-1024x682.jpeg 1024w, https:\/\/www.reitverein-ellefeld.de\/wp-content\/uploads\/WhatsApp-Image-2025-11-10-at-21.20.23-4-300x200.jpeg 300w, https:\/\/www.reitverein-ellefeld.de\/wp-content\/uploads\/WhatsApp-Image-2025-11-10-at-21.20.23-4-768x511.jpeg 768w, https:\/\/www.reitverein-ellefeld.de\/wp-content\/uploads\/WhatsApp-Image-2025-11-10-at-21.20.23-4-1536x1022.jpeg 1536w, https:\/\/www.reitverein-ellefeld.de\/wp-content\/uploads\/WhatsApp-Image-2025-11-10-at-21.20.23-4.jpeg 1600w\" sizes=\"(max-width: 1024px) 100vw, 1024px\" \/><\/a><\/figure>\n\n\n\n<figure class=\"wp-block-image size-large\"><a href=\"https:\/\/www.reitverein-ellefeld.de\/wp-content\/uploads\/WhatsApp-Image-2025-11-10-at-21.20.23-5.jpeg\"><img decoding=\"async\" loading=\"lazy\" width=\"682\" height=\"1024\" data-id=\"63541\"  src=\"https:\/\/www.reitverein-ellefeld.de\/wp-content\/uploads\/WhatsApp-Image-2025-11-10-at-21.20.23-5-682x1024.jpeg\" alt=\"\" class=\"wp-image-63541\" srcset=\"https:\/\/www.reitverein-ellefeld.de\/wp-content\/uploads\/WhatsApp-Image-2025-11-10-at-21.20.23-5-682x1024.jpeg 682w, https:\/\/www.reitverein-ellefeld.de\/wp-content\/uploads\/WhatsApp-Image-2025-11-10-at-21.20.23-5-200x300.jpeg 200w, https:\/\/www.reitverein-ellefeld.de\/wp-content\/uploads\/WhatsApp-Image-2025-11-10-at-21.20.23-5-768x1153.jpeg 768w, https:\/\/www.reitverein-ellefeld.de\/wp-content\/uploads\/WhatsApp-Image-2025-11-10-at-21.20.23-5-1023x1536.jpeg 1023w, https:\/\/www.reitverein-ellefeld.de\/wp-content\/uploads\/WhatsApp-Image-2025-11-10-at-21.20.23-5.jpeg 1066w\" sizes=\"(max-width: 682px) 100vw, 682px\" \/><\/a><\/figure>\n\n\n\n<figure class=\"wp-block-image size-large\"><a href=\"https:\/\/www.reitverein-ellefeld.de\/wp-content\/uploads\/WhatsApp-Image-2025-11-10-at-21.20.23-6.jpeg\"><img decoding=\"async\" loading=\"lazy\" width=\"1024\" height=\"683\" data-id=\"63562\"  src=\"https:\/\/www.reitverein-ellefeld.de\/wp-content\/uploads\/WhatsApp-Image-2025-11-10-at-21.20.23-6-1024x683.jpeg\" alt=\"\" class=\"wp-image-63562\" srcset=\"https:\/\/www.reitverein-ellefeld.de\/wp-content\/uploads\/WhatsApp-Image-2025-11-10-at-21.20.23-6-1024x683.jpeg 1024w, https:\/\/www.reitverein-ellefeld.de\/wp-content\/uploads\/WhatsApp-Image-2025-11-10-at-21.20.23-6-300x200.jpeg 300w, https:\/\/www.reitverein-ellefeld.de\/wp-content\/uploads\/WhatsApp-Image-2025-11-10-at-21.20.23-6-768x512.jpeg 768w, https:\/\/www.reitverein-ellefeld.de\/wp-content\/uploads\/WhatsApp-Image-2025-11-10-at-21.20.23-6-1536x1024.jpeg 1536w, https:\/\/www.reitverein-ellefeld.de\/wp-content\/uploads\/WhatsApp-Image-2025-11-10-at-21.20.23-6.jpeg 1600w\" sizes=\"(max-width: 1024px) 100vw, 1024px\" \/><\/a><\/figure>\n\n\n\n<figure class=\"wp-block-image size-large\"><a href=\"https:\/\/www.reitverein-ellefeld.de\/wp-content\/uploads\/WhatsApp-Image-2025-11-10-at-21.20.23-7.jpeg\"><img decoding=\"async\" loading=\"lazy\" width=\"1024\" height=\"683\" data-id=\"63583\"  src=\"https:\/\/www.reitverein-ellefeld.de\/wp-content\/uploads\/WhatsApp-Image-2025-11-10-at-21.20.23-7-1024x683.jpeg\" alt=\"\" class=\"wp-image-63583\" srcset=\"https:\/\/www.reitverein-ellefeld.de\/wp-content\/uploads\/WhatsApp-Image-2025-11-10-at-21.20.23-7-1024x683.jpeg 1024w, https:\/\/www.reitverein-ellefeld.de\/wp-content\/uploads\/WhatsApp-Image-2025-11-10-at-21.20.23-7-300x200.jpeg 300w, https:\/\/www.reitverein-ellefeld.de\/wp-content\/uploads\/WhatsApp-Image-2025-11-10-at-21.20.23-7-768x512.jpeg 768w, https:\/\/www.reitverein-ellefeld.de\/wp-content\/uploads\/WhatsApp-Image-2025-11-10-at-21.20.23-7-1536x1024.jpeg 1536w, https:\/\/www.reitverein-ellefeld.de\/wp-content\/uploads\/WhatsApp-Image-2025-11-10-at-21.20.23-7.jpeg 1600w\" sizes=\"(max-width: 1024px) 100vw, 1024px\" \/><\/a><\/figure>\n\n\n\n<figure class=\"wp-block-image size-large\"><a href=\"https:\/\/www.reitverein-ellefeld.de\/wp-content\/uploads\/WhatsApp-Image-2025-11-10-at-21.20.23.jpeg\"><img decoding=\"async\" loading=\"lazy\" width=\"1024\" height=\"682\" data-id=\"63514\"  src=\"https:\/\/www.reitverein-ellefeld.de\/wp-content\/uploads\/WhatsApp-Image-2025-11-10-at-21.20.23-1024x682.jpeg\" alt=\"\" class=\"wp-image-63514\" srcset=\"https:\/\/www.reitverein-ellefeld.de\/wp-content\/uploads\/WhatsApp-Image-2025-11-10-at-21.20.23-1024x682.jpeg 1024w, https:\/\/www.reitverein-ellefeld.de\/wp-content\/uploads\/WhatsApp-Image-2025-11-10-at-21.20.23-300x200.jpeg 300w, https:\/\/www.reitverein-ellefeld.de\/wp-content\/uploads\/WhatsApp-Image-2025-11-10-at-21.20.23-768x512.jpeg 768w, https:\/\/www.reitverein-ellefeld.de\/wp-content\/uploads\/WhatsApp-Image-2025-11-10-at-21.20.23-1536x1023.jpeg 1536w, https:\/\/www.reitverein-ellefeld.de\/wp-content\/uploads\/WhatsApp-Image-2025-11-10-at-21.20.23.jpeg 1600w\" sizes=\"(max-width: 1024px) 100vw, 1024px\" \/><\/a><\/figure>\n\n\n\n<figure class=\"wp-block-image size-large\"><a href=\"https:\/\/www.reitverein-ellefeld.de\/wp-content\/uploads\/WhatsApp-Image-2025-11-10-at-21.20.24-1.jpeg\"><img decoding=\"async\" loading=\"lazy\" width=\"682\" height=\"1024\" data-id=\"63521\"  src=\"https:\/\/www.reitverein-ellefeld.de\/wp-content\/uploads\/WhatsApp-Image-2025-11-10-at-21.20.24-1-682x1024.jpeg\" alt=\"\" class=\"wp-image-63521\" srcset=\"https:\/\/www.reitverein-ellefeld.de\/wp-content\/uploads\/WhatsApp-Image-2025-11-10-at-21.20.24-1-682x1024.jpeg 682w, https:\/\/www.reitverein-ellefeld.de\/wp-content\/uploads\/WhatsApp-Image-2025-11-10-at-21.20.24-1-200x300.jpeg 200w, https:\/\/www.reitverein-ellefeld.de\/wp-content\/uploads\/WhatsApp-Image-2025-11-10-at-21.20.24-1-768x1153.jpeg 768w, https:\/\/www.reitverein-ellefeld.de\/wp-content\/uploads\/WhatsApp-Image-2025-11-10-at-21.20.24-1-1023x1536.jpeg 1023w, https:\/\/www.reitverein-ellefeld.de\/wp-content\/uploads\/WhatsApp-Image-2025-11-10-at-21.20.24-1.jpeg 1066w\" sizes=\"(max-width: 682px) 100vw, 682px\" \/><\/a><\/figure>\n\n\n\n<figure class=\"wp-block-image size-large\"><a href=\"https:\/\/www.reitverein-ellefeld.de\/wp-content\/uploads\/WhatsApp-Image-2025-11-10-at-21.20.24.jpeg\"><img decoding=\"async\" loading=\"lazy\" width=\"1024\" height=\"682\" data-id=\"63532\"  src=\"https:\/\/www.reitverein-ellefeld.de\/wp-content\/uploads\/WhatsApp-Image-2025-11-10-at-21.20.24-1024x682.jpeg\" alt=\"\" class=\"wp-image-63532\" srcset=\"https:\/\/www.reitverein-ellefeld.de\/wp-content\/uploads\/WhatsApp-Image-2025-11-10-at-21.20.24-1024x682.jpeg 1024w, https:\/\/www.reitverein-ellefeld.de\/wp-content\/uploads\/WhatsApp-Image-2025-11-10-at-21.20.24-300x200.jpeg 300w, https:\/\/www.reitverein-ellefeld.de\/wp-content\/uploads\/WhatsApp-Image-2025-11-10-at-21.20.24-768x512.jpeg 768w, https:\/\/www.reitverein-ellefeld.de\/wp-content\/uploads\/WhatsApp-Image-2025-11-10-at-21.20.24-1536x1023.jpeg 1536w, https:\/\/www.reitverein-ellefeld.de\/wp-content\/uploads\/WhatsApp-Image-2025-11-10-at-21.20.24.jpeg 1600w\" sizes=\"(max-width: 1024px) 100vw, 1024px\" \/><\/a><\/figure>\n\n\n\n<figure class=\"wp-block-image size-large\"><a href=\"https:\/\/www.reitverein-ellefeld.de\/wp-content\/uploads\/WhatsApp-Image-2025-11-10-at-21.20.40-1.jpeg\"><img decoding=\"async\" loading=\"lazy\" width=\"1024\" height=\"682\" data-id=\"63515\"  src=\"https:\/\/www.reitverein-ellefeld.de\/wp-content\/uploads\/WhatsApp-Image-2025-11-10-at-21.20.40-1-1024x682.jpeg\" alt=\"\" class=\"wp-image-63515\" srcset=\"https:\/\/www.reitverein-ellefeld.de\/wp-content\/uploads\/WhatsApp-Image-2025-11-10-at-21.20.40-1-1024x682.jpeg 1024w, https:\/\/www.reitverein-ellefeld.de\/wp-content\/uploads\/WhatsApp-Image-2025-11-10-at-21.20.40-1-300x200.jpeg 300w, https:\/\/www.reitverein-ellefeld.de\/wp-content\/uploads\/WhatsApp-Image-2025-11-10-at-21.20.40-1-768x512.jpeg 768w, https:\/\/www.reitverein-ellefeld.de\/wp-content\/uploads\/WhatsApp-Image-2025-11-10-at-21.20.40-1-1536x1023.jpeg 1536w, https:\/\/www.reitverein-ellefeld.de\/wp-content\/uploads\/WhatsApp-Image-2025-11-10-at-21.20.40-1.jpeg 1600w\" sizes=\"(max-width: 1024px) 100vw, 1024px\" \/><\/a><\/figure>\n\n\n\n<figure class=\"wp-block-image size-large\"><a href=\"https:\/\/www.reitverein-ellefeld.de\/wp-content\/uploads\/WhatsApp-Image-2025-11-10-at-21.20.40-2.jpeg\"><img decoding=\"async\" loading=\"lazy\" width=\"1024\" height=\"682\" data-id=\"63555\"  src=\"https:\/\/www.reitverein-ellefeld.de\/wp-content\/uploads\/WhatsApp-Image-2025-11-10-at-21.20.40-2-1024x682.jpeg\" alt=\"\" class=\"wp-image-63555\" srcset=\"https:\/\/www.reitverein-ellefeld.de\/wp-content\/uploads\/WhatsApp-Image-2025-11-10-at-21.20.40-2-1024x682.jpeg 1024w, https:\/\/www.reitverein-ellefeld.de\/wp-content\/uploads\/WhatsApp-Image-2025-11-10-at-21.20.40-2-300x200.jpeg 300w, https:\/\/www.reitverein-ellefeld.de\/wp-content\/uploads\/WhatsApp-Image-2025-11-10-at-21.20.40-2-768x511.jpeg 768w, https:\/\/www.reitverein-ellefeld.de\/wp-content\/uploads\/WhatsApp-Image-2025-11-10-at-21.20.40-2-1536x1022.jpeg 1536w, https:\/\/www.reitverein-ellefeld.de\/wp-content\/uploads\/WhatsApp-Image-2025-11-10-at-21.20.40-2.jpeg 1600w\" sizes=\"(max-width: 1024px) 100vw, 1024px\" \/><\/a><\/figure>\n\n\n\n<figure class=\"wp-block-image size-large\"><a href=\"https:\/\/www.reitverein-ellefeld.de\/wp-content\/uploads\/WhatsApp-Image-2025-11-10-at-21.20.40-3.jpeg\"><img decoding=\"async\" loading=\"lazy\" width=\"1024\" height=\"683\" data-id=\"63558\"  src=\"https:\/\/www.reitverein-ellefeld.de\/wp-content\/uploads\/WhatsApp-Image-2025-11-10-at-21.20.40-3-1024x683.jpeg\" alt=\"\" class=\"wp-image-63558\" srcset=\"https:\/\/www.reitverein-ellefeld.de\/wp-content\/uploads\/WhatsApp-Image-2025-11-10-at-21.20.40-3-1024x683.jpeg 1024w, https:\/\/www.reitverein-ellefeld.de\/wp-content\/uploads\/WhatsApp-Image-2025-11-10-at-21.20.40-3-300x200.jpeg 300w, https:\/\/www.reitverein-ellefeld.de\/wp-content\/uploads\/WhatsApp-Image-2025-11-10-at-21.20.40-3-768x512.jpeg 768w, https:\/\/www.reitverein-ellefeld.de\/wp-content\/uploads\/WhatsApp-Image-2025-11-10-at-21.20.40-3-1536x1024.jpeg 1536w, https:\/\/www.reitverein-ellefeld.de\/wp-content\/uploads\/WhatsApp-Image-2025-11-10-at-21.20.40-3.jpeg 1600w\" sizes=\"(max-width: 1024px) 100vw, 1024px\" \/><\/a><\/figure>\n\n\n\n<figure class=\"wp-block-image size-large\"><a href=\"https:\/\/www.reitverein-ellefeld.de\/wp-content\/uploads\/WhatsApp-Image-2025-11-10-at-21.20.40-4.jpeg\"><img decoding=\"async\" loading=\"lazy\" width=\"1024\" height=\"683\" data-id=\"63547\"  src=\"https:\/\/www.reitverein-ellefeld.de\/wp-content\/uploads\/WhatsApp-Image-2025-11-10-at-21.20.40-4-1024x683.jpeg\" alt=\"\" class=\"wp-image-63547\" srcset=\"https:\/\/www.reitverein-ellefeld.de\/wp-content\/uploads\/WhatsApp-Image-2025-11-10-at-21.20.40-4-1024x683.jpeg 1024w, https:\/\/www.reitverein-ellefeld.de\/wp-content\/uploads\/WhatsApp-Image-2025-11-10-at-21.20.40-4-300x200.jpeg 300w, https:\/\/www.reitverein-ellefeld.de\/wp-content\/uploads\/WhatsApp-Image-2025-11-10-at-21.20.40-4-768x512.jpeg 768w, https:\/\/www.reitverein-ellefeld.de\/wp-content\/uploads\/WhatsApp-Image-2025-11-10-at-21.20.40-4-1536x1024.jpeg 1536w, https:\/\/www.reitverein-ellefeld.de\/wp-content\/uploads\/WhatsApp-Image-2025-11-10-at-21.20.40-4.jpeg 1600w\" sizes=\"(max-width: 1024px) 100vw, 1024px\" \/><\/a><\/figure>\n\n\n\n<figure class=\"wp-block-image size-large\"><a href=\"https:\/\/www.reitverein-ellefeld.de\/wp-content\/uploads\/WhatsApp-Image-2025-11-10-at-21.20.40-5.jpeg\"><img decoding=\"async\" loading=\"lazy\" width=\"1024\" height=\"682\" data-id=\"63591\"  src=\"https:\/\/www.reitverein-ellefeld.de\/wp-content\/uploads\/WhatsApp-Image-2025-11-10-at-21.20.40-5-1024x682.jpeg\" alt=\"\" class=\"wp-image-63591\" srcset=\"https:\/\/www.reitverein-ellefeld.de\/wp-content\/uploads\/WhatsApp-Image-2025-11-10-at-21.20.40-5-1024x682.jpeg 1024w, https:\/\/www.reitverein-ellefeld.de\/wp-content\/uploads\/WhatsApp-Image-2025-11-10-at-21.20.40-5-300x200.jpeg 300w, https:\/\/www.reitverein-ellefeld.de\/wp-content\/uploads\/WhatsApp-Image-2025-11-10-at-21.20.40-5-768x511.jpeg 768w, https:\/\/www.reitverein-ellefeld.de\/wp-content\/uploads\/WhatsApp-Image-2025-11-10-at-21.20.40-5-1536x1022.jpeg 1536w, https:\/\/www.reitverein-ellefeld.de\/wp-content\/uploads\/WhatsApp-Image-2025-11-10-at-21.20.40-5.jpeg 1600w\" sizes=\"(max-width: 1024px) 100vw, 1024px\" \/><\/a><\/figure>\n\n\n\n<figure class=\"wp-block-image size-large\"><a href=\"https:\/\/www.reitverein-ellefeld.de\/wp-content\/uploads\/WhatsApp-Image-2025-11-10-at-21.20.40-6.jpeg\"><img decoding=\"async\" loading=\"lazy\" width=\"1024\" height=\"683\" data-id=\"63559\"  src=\"https:\/\/www.reitverein-ellefeld.de\/wp-content\/uploads\/WhatsApp-Image-2025-11-10-at-21.20.40-6-1024x683.jpeg\" alt=\"\" class=\"wp-image-63559\" srcset=\"https:\/\/www.reitverein-ellefeld.de\/wp-content\/uploads\/WhatsApp-Image-2025-11-10-at-21.20.40-6-1024x683.jpeg 1024w, https:\/\/www.reitverein-ellefeld.de\/wp-content\/uploads\/WhatsApp-Image-2025-11-10-at-21.20.40-6-300x200.jpeg 300w, https:\/\/www.reitverein-ellefeld.de\/wp-content\/uploads\/WhatsApp-Image-2025-11-10-at-21.20.40-6-768x512.jpeg 768w, https:\/\/www.reitverein-ellefeld.de\/wp-content\/uploads\/WhatsApp-Image-2025-11-10-at-21.20.40-6-1536x1024.jpeg 1536w, https:\/\/www.reitverein-ellefeld.de\/wp-content\/uploads\/WhatsApp-Image-2025-11-10-at-21.20.40-6.jpeg 1600w\" sizes=\"(max-width: 1024px) 100vw, 1024px\" \/><\/a><\/figure>\n\n\n\n<figure class=\"wp-block-image size-large\"><a href=\"https:\/\/www.reitverein-ellefeld.de\/wp-content\/uploads\/WhatsApp-Image-2025-11-10-at-21.20.40-7.jpeg\"><img decoding=\"async\" loading=\"lazy\" width=\"1024\" height=\"682\" data-id=\"63529\"  src=\"https:\/\/www.reitverein-ellefeld.de\/wp-content\/uploads\/WhatsApp-Image-2025-11-10-at-21.20.40-7-1024x682.jpeg\" alt=\"\" class=\"wp-image-63529\" srcset=\"https:\/\/www.reitverein-ellefeld.de\/wp-content\/uploads\/WhatsApp-Image-2025-11-10-at-21.20.40-7-1024x682.jpeg 1024w, https:\/\/www.reitverein-ellefeld.de\/wp-content\/uploads\/WhatsApp-Image-2025-11-10-at-21.20.40-7-300x200.jpeg 300w, https:\/\/www.reitverein-ellefeld.de\/wp-content\/uploads\/WhatsApp-Image-2025-11-10-at-21.20.40-7-768x512.jpeg 768w, https:\/\/www.reitverein-ellefeld.de\/wp-content\/uploads\/WhatsApp-Image-2025-11-10-at-21.20.40-7-1536x1023.jpeg 1536w, https:\/\/www.reitverein-ellefeld.de\/wp-content\/uploads\/WhatsApp-Image-2025-11-10-at-21.20.40-7.jpeg 1600w\" sizes=\"(max-width: 1024px) 100vw, 1024px\" \/><\/a><\/figure>\n\n\n\n<figure class=\"wp-block-image size-large\"><a href=\"https:\/\/www.reitverein-ellefeld.de\/wp-content\/uploads\/WhatsApp-Image-2025-11-10-at-21.20.40.jpeg\"><img decoding=\"async\" loading=\"lazy\" width=\"1024\" height=\"682\" data-id=\"63516\"  src=\"https:\/\/www.reitverein-ellefeld.de\/wp-content\/uploads\/WhatsApp-Image-2025-11-10-at-21.20.40-1024x682.jpeg\" alt=\"\" class=\"wp-image-63516\" srcset=\"https:\/\/www.reitverein-ellefeld.de\/wp-content\/uploads\/WhatsApp-Image-2025-11-10-at-21.20.40-1024x682.jpeg 1024w, https:\/\/www.reitverein-ellefeld.de\/wp-content\/uploads\/WhatsApp-Image-2025-11-10-at-21.20.40-300x200.jpeg 300w, https:\/\/www.reitverein-ellefeld.de\/wp-content\/uploads\/WhatsApp-Image-2025-11-10-at-21.20.40-768x512.jpeg 768w, https:\/\/www.reitverein-ellefeld.de\/wp-content\/uploads\/WhatsApp-Image-2025-11-10-at-21.20.40-1536x1023.jpeg 1536w, https:\/\/www.reitverein-ellefeld.de\/wp-content\/uploads\/WhatsApp-Image-2025-11-10-at-21.20.40.jpeg 1600w\" sizes=\"(max-width: 1024px) 100vw, 1024px\" \/><\/a><\/figure>\n\n\n\n<figure class=\"wp-block-image size-large\"><a href=\"https:\/\/www.reitverein-ellefeld.de\/wp-content\/uploads\/WhatsApp-Image-2025-11-10-at-21.20.41.jpeg\"><img decoding=\"async\" loading=\"lazy\" width=\"682\" height=\"1024\" data-id=\"63564\"  src=\"https:\/\/www.reitverein-ellefeld.de\/wp-content\/uploads\/WhatsApp-Image-2025-11-10-at-21.20.41-682x1024.jpeg\" alt=\"\" class=\"wp-image-63564\" srcset=\"https:\/\/www.reitverein-ellefeld.de\/wp-content\/uploads\/WhatsApp-Image-2025-11-10-at-21.20.41-682x1024.jpeg 682w, https:\/\/www.reitverein-ellefeld.de\/wp-content\/uploads\/WhatsApp-Image-2025-11-10-at-21.20.41-200x300.jpeg 200w, https:\/\/www.reitverein-ellefeld.de\/wp-content\/uploads\/WhatsApp-Image-2025-11-10-at-21.20.41-768x1153.jpeg 768w, https:\/\/www.reitverein-ellefeld.de\/wp-content\/uploads\/WhatsApp-Image-2025-11-10-at-21.20.41-1023x1536.jpeg 1023w, https:\/\/www.reitverein-ellefeld.de\/wp-content\/uploads\/WhatsApp-Image-2025-11-10-at-21.20.41.jpeg 1066w\" sizes=\"(max-width: 682px) 100vw, 682px\" \/><\/a><\/figure>\n\n\n\n<figure class=\"wp-block-image size-large\"><a href=\"https:\/\/www.reitverein-ellefeld.de\/wp-content\/uploads\/WhatsApp-Image-2025-11-10-at-21.21.21-1.jpeg\"><img decoding=\"async\" loading=\"lazy\" width=\"1024\" height=\"682\" data-id=\"63524\"  src=\"https:\/\/www.reitverein-ellefeld.de\/wp-content\/uploads\/WhatsApp-Image-2025-11-10-at-21.21.21-1-1024x682.jpeg\" alt=\"\" class=\"wp-image-63524\" srcset=\"https:\/\/www.reitverein-ellefeld.de\/wp-content\/uploads\/WhatsApp-Image-2025-11-10-at-21.21.21-1-1024x682.jpeg 1024w, https:\/\/www.reitverein-ellefeld.de\/wp-content\/uploads\/WhatsApp-Image-2025-11-10-at-21.21.21-1-300x200.jpeg 300w, https:\/\/www.reitverein-ellefeld.de\/wp-content\/uploads\/WhatsApp-Image-2025-11-10-at-21.21.21-1-768x512.jpeg 768w, https:\/\/www.reitverein-ellefeld.de\/wp-content\/uploads\/WhatsApp-Image-2025-11-10-at-21.21.21-1-1536x1023.jpeg 1536w, https:\/\/www.reitverein-ellefeld.de\/wp-content\/uploads\/WhatsApp-Image-2025-11-10-at-21.21.21-1.jpeg 1600w\" sizes=\"(max-width: 1024px) 100vw, 1024px\" \/><\/a><\/figure>\n\n\n\n<figure class=\"wp-block-image size-large\"><a href=\"https:\/\/www.reitverein-ellefeld.de\/wp-content\/uploads\/WhatsApp-Image-2025-11-10-at-21.21.21-2.jpeg\"><img decoding=\"async\" loading=\"lazy\" width=\"1024\" height=\"682\" data-id=\"63542\"  src=\"https:\/\/www.reitverein-ellefeld.de\/wp-content\/uploads\/WhatsApp-Image-2025-11-10-at-21.21.21-2-1024x682.jpeg\" alt=\"\" class=\"wp-image-63542\" srcset=\"https:\/\/www.reitverein-ellefeld.de\/wp-content\/uploads\/WhatsApp-Image-2025-11-10-at-21.21.21-2-1024x682.jpeg 1024w, https:\/\/www.reitverein-ellefeld.de\/wp-content\/uploads\/WhatsApp-Image-2025-11-10-at-21.21.21-2-300x200.jpeg 300w, https:\/\/www.reitverein-ellefeld.de\/wp-content\/uploads\/WhatsApp-Image-2025-11-10-at-21.21.21-2-768x512.jpeg 768w, https:\/\/www.reitverein-ellefeld.de\/wp-content\/uploads\/WhatsApp-Image-2025-11-10-at-21.21.21-2-1536x1023.jpeg 1536w, https:\/\/www.reitverein-ellefeld.de\/wp-content\/uploads\/WhatsApp-Image-2025-11-10-at-21.21.21-2.jpeg 1600w\" sizes=\"(max-width: 1024px) 100vw, 1024px\" \/><\/a><\/figure>\n\n\n\n<figure class=\"wp-block-image size-large\"><a href=\"https:\/\/www.reitverein-ellefeld.de\/wp-content\/uploads\/WhatsApp-Image-2025-11-10-at-21.21.21.jpeg\"><img decoding=\"async\" loading=\"lazy\" width=\"1024\" height=\"682\" data-id=\"63605\"  src=\"https:\/\/www.reitverein-ellefeld.de\/wp-content\/uploads\/WhatsApp-Image-2025-11-10-at-21.21.21-1024x682.jpeg\" alt=\"\" class=\"wp-image-63605\" srcset=\"https:\/\/www.reitverein-ellefeld.de\/wp-content\/uploads\/WhatsApp-Image-2025-11-10-at-21.21.21-1024x682.jpeg 1024w, https:\/\/www.reitverein-ellefeld.de\/wp-content\/uploads\/WhatsApp-Image-2025-11-10-at-21.21.21-300x200.jpeg 300w, https:\/\/www.reitverein-ellefeld.de\/wp-content\/uploads\/WhatsApp-Image-2025-11-10-at-21.21.21-768x512.jpeg 768w, https:\/\/www.reitverein-ellefeld.de\/wp-content\/uploads\/WhatsApp-Image-2025-11-10-at-21.21.21-1536x1023.jpeg 1536w, https:\/\/www.reitverein-ellefeld.de\/wp-content\/uploads\/WhatsApp-Image-2025-11-10-at-21.21.21.jpeg 1600w\" sizes=\"(max-width: 1024px) 100vw, 1024px\" \/><\/a><\/figure>\n\n\n\n<figure class=\"wp-block-image size-large\"><a href=\"https:\/\/www.reitverein-ellefeld.de\/wp-content\/uploads\/WhatsApp-Image-2025-11-10-at-21.21.22-1.jpeg\"><img decoding=\"async\" loading=\"lazy\" width=\"682\" height=\"1024\" data-id=\"63638\"  src=\"https:\/\/www.reitverein-ellefeld.de\/wp-content\/uploads\/WhatsApp-Image-2025-11-10-at-21.21.22-1-682x1024.jpeg\" alt=\"\" class=\"wp-image-63638\" srcset=\"https:\/\/www.reitverein-ellefeld.de\/wp-content\/uploads\/WhatsApp-Image-2025-11-10-at-21.21.22-1-682x1024.jpeg 682w, https:\/\/www.reitverein-ellefeld.de\/wp-content\/uploads\/WhatsApp-Image-2025-11-10-at-21.21.22-1-200x300.jpeg 200w, https:\/\/www.reitverein-ellefeld.de\/wp-content\/uploads\/WhatsApp-Image-2025-11-10-at-21.21.22-1-768x1153.jpeg 768w, https:\/\/www.reitverein-ellefeld.de\/wp-content\/uploads\/WhatsApp-Image-2025-11-10-at-21.21.22-1-1023x1536.jpeg 1023w, https:\/\/www.reitverein-ellefeld.de\/wp-content\/uploads\/WhatsApp-Image-2025-11-10-at-21.21.22-1.jpeg 1066w\" sizes=\"(max-width: 682px) 100vw, 682px\" \/><\/a><\/figure>\n\n\n\n<figure class=\"wp-block-image size-large\"><a href=\"https:\/\/www.reitverein-ellefeld.de\/wp-content\/uploads\/WhatsApp-Image-2025-11-10-at-21.21.22-2.jpeg\"><img decoding=\"async\" loading=\"lazy\" width=\"1024\" height=\"683\" data-id=\"63643\"  src=\"https:\/\/www.reitverein-ellefeld.de\/wp-content\/uploads\/WhatsApp-Image-2025-11-10-at-21.21.22-2-1024x683.jpeg\" alt=\"\" class=\"wp-image-63643\" srcset=\"https:\/\/www.reitverein-ellefeld.de\/wp-content\/uploads\/WhatsApp-Image-2025-11-10-at-21.21.22-2-1024x683.jpeg 1024w, https:\/\/www.reitverein-ellefeld.de\/wp-content\/uploads\/WhatsApp-Image-2025-11-10-at-21.21.22-2-300x200.jpeg 300w, https:\/\/www.reitverein-ellefeld.de\/wp-content\/uploads\/WhatsApp-Image-2025-11-10-at-21.21.22-2-768x512.jpeg 768w, https:\/\/www.reitverein-ellefeld.de\/wp-content\/uploads\/WhatsApp-Image-2025-11-10-at-21.21.22-2-1536x1024.jpeg 1536w, https:\/\/www.reitverein-ellefeld.de\/wp-content\/uploads\/WhatsApp-Image-2025-11-10-at-21.21.22-2.jpeg 1600w\" sizes=\"(max-width: 1024px) 100vw, 1024px\" \/><\/a><\/figure>\n\n\n\n<figure class=\"wp-block-image size-large\"><a href=\"https:\/\/www.reitverein-ellefeld.de\/wp-content\/uploads\/WhatsApp-Image-2025-11-10-at-21.21.22-3.jpeg\"><img decoding=\"async\" loading=\"lazy\" width=\"1024\" height=\"683\" data-id=\"63637\"  src=\"https:\/\/www.reitverein-ellefeld.de\/wp-content\/uploads\/WhatsApp-Image-2025-11-10-at-21.21.22-3-1024x683.jpeg\" alt=\"\" class=\"wp-image-63637\" srcset=\"https:\/\/www.reitverein-ellefeld.de\/wp-content\/uploads\/WhatsApp-Image-2025-11-10-at-21.21.22-3-1024x683.jpeg 1024w, https:\/\/www.reitverein-ellefeld.de\/wp-content\/uploads\/WhatsApp-Image-2025-11-10-at-21.21.22-3-300x200.jpeg 300w, https:\/\/www.reitverein-ellefeld.de\/wp-content\/uploads\/WhatsApp-Image-2025-11-10-at-21.21.22-3-768x512.jpeg 768w, https:\/\/www.reitverein-ellefeld.de\/wp-content\/uploads\/WhatsApp-Image-2025-11-10-at-21.21.22-3-1536x1024.jpeg 1536w, https:\/\/www.reitverein-ellefeld.de\/wp-content\/uploads\/WhatsApp-Image-2025-11-10-at-21.21.22-3.jpeg 1600w\" sizes=\"(max-width: 1024px) 100vw, 1024px\" \/><\/a><\/figure>\n\n\n\n<figure class=\"wp-block-image size-large\"><a href=\"https:\/\/www.reitverein-ellefeld.de\/wp-content\/uploads\/WhatsApp-Image-2025-11-10-at-21.21.22-4.jpeg\"><img decoding=\"async\" loading=\"lazy\" width=\"1024\" height=\"682\" data-id=\"63640\"  src=\"https:\/\/www.reitverein-ellefeld.de\/wp-content\/uploads\/WhatsApp-Image-2025-11-10-at-21.21.22-4-1024x682.jpeg\" alt=\"\" class=\"wp-image-63640\" srcset=\"https:\/\/www.reitverein-ellefeld.de\/wp-content\/uploads\/WhatsApp-Image-2025-11-10-at-21.21.22-4-1024x682.jpeg 1024w, https:\/\/www.reitverein-ellefeld.de\/wp-content\/uploads\/WhatsApp-Image-2025-11-10-at-21.21.22-4-300x200.jpeg 300w, https:\/\/www.reitverein-ellefeld.de\/wp-content\/uploads\/WhatsApp-Image-2025-11-10-at-21.21.22-4-768x512.jpeg 768w, https:\/\/www.reitverein-ellefeld.de\/wp-content\/uploads\/WhatsApp-Image-2025-11-10-at-21.21.22-4-1536x1023.jpeg 1536w, https:\/\/www.reitverein-ellefeld.de\/wp-content\/uploads\/WhatsApp-Image-2025-11-10-at-21.21.22-4.jpeg 1600w\" sizes=\"(max-width: 1024px) 100vw, 1024px\" \/><\/a><\/figure>\n\n\n\n<figure class=\"wp-block-image size-large\"><a href=\"https:\/\/www.reitverein-ellefeld.de\/wp-content\/uploads\/WhatsApp-Image-2025-11-10-at-21.21.22-5.jpeg\"><img decoding=\"async\" loading=\"lazy\" width=\"682\" height=\"1024\" data-id=\"63636\"  src=\"https:\/\/www.reitverein-ellefeld.de\/wp-content\/uploads\/WhatsApp-Image-2025-11-10-at-21.21.22-5-682x1024.jpeg\" alt=\"\" class=\"wp-image-63636\" srcset=\"https:\/\/www.reitverein-ellefeld.de\/wp-content\/uploads\/WhatsApp-Image-2025-11-10-at-21.21.22-5-682x1024.jpeg 682w, https:\/\/www.reitverein-ellefeld.de\/wp-content\/uploads\/WhatsApp-Image-2025-11-10-at-21.21.22-5-200x300.jpeg 200w, https:\/\/www.reitverein-ellefeld.de\/wp-content\/uploads\/WhatsApp-Image-2025-11-10-at-21.21.22-5-768x1153.jpeg 768w, https:\/\/www.reitverein-ellefeld.de\/wp-content\/uploads\/WhatsApp-Image-2025-11-10-at-21.21.22-5-1023x1536.jpeg 1023w, https:\/\/www.reitverein-ellefeld.de\/wp-content\/uploads\/WhatsApp-Image-2025-11-10-at-21.21.22-5.jpeg 1066w\" sizes=\"(max-width: 682px) 100vw, 682px\" \/><\/a><\/figure>\n\n\n\n<figure class=\"wp-block-image size-large\"><a href=\"https:\/\/www.reitverein-ellefeld.de\/wp-content\/uploads\/WhatsApp-Image-2025-11-10-at-21.21.22.jpeg\"><img decoding=\"async\" loading=\"lazy\" width=\"1024\" height=\"683\" data-id=\"63631\"  src=\"https:\/\/www.reitverein-ellefeld.de\/wp-content\/uploads\/WhatsApp-Image-2025-11-10-at-21.21.22-1024x683.jpeg\" alt=\"\" class=\"wp-image-63631\" srcset=\"https:\/\/www.reitverein-ellefeld.de\/wp-content\/uploads\/WhatsApp-Image-2025-11-10-at-21.21.22-1024x683.jpeg 1024w, https:\/\/www.reitverein-ellefeld.de\/wp-content\/uploads\/WhatsApp-Image-2025-11-10-at-21.21.22-300x200.jpeg 300w, https:\/\/www.reitverein-ellefeld.de\/wp-content\/uploads\/WhatsApp-Image-2025-11-10-at-21.21.22-768x512.jpeg 768w, https:\/\/www.reitverein-ellefeld.de\/wp-content\/uploads\/WhatsApp-Image-2025-11-10-at-21.21.22-1536x1024.jpeg 1536w, https:\/\/www.reitverein-ellefeld.de\/wp-content\/uploads\/WhatsApp-Image-2025-11-10-at-21.21.22.jpeg 1600w\" sizes=\"(max-width: 1024px) 100vw, 1024px\" \/><\/a><\/figure>\n\n\n\n<figure class=\"wp-block-image size-large\"><a href=\"https:\/\/www.reitverein-ellefeld.de\/wp-content\/uploads\/WhatsApp-Image-2025-11-10-at-21.21.33.jpeg\"><img decoding=\"async\" loading=\"lazy\" width=\"1024\" height=\"682\" data-id=\"63616\"  src=\"https:\/\/www.reitverein-ellefeld.de\/wp-content\/uploads\/WhatsApp-Image-2025-11-10-at-21.21.33-1024x682.jpeg\" alt=\"\" class=\"wp-image-63616\" srcset=\"https:\/\/www.reitverein-ellefeld.de\/wp-content\/uploads\/WhatsApp-Image-2025-11-10-at-21.21.33-1024x682.jpeg 1024w, https:\/\/www.reitverein-ellefeld.de\/wp-content\/uploads\/WhatsApp-Image-2025-11-10-at-21.21.33-300x200.jpeg 300w, https:\/\/www.reitverein-ellefeld.de\/wp-content\/uploads\/WhatsApp-Image-2025-11-10-at-21.21.33-768x512.jpeg 768w, https:\/\/www.reitverein-ellefeld.de\/wp-content\/uploads\/WhatsApp-Image-2025-11-10-at-21.21.33-1536x1023.jpeg 1536w, https:\/\/www.reitverein-ellefeld.de\/wp-content\/uploads\/WhatsApp-Image-2025-11-10-at-21.21.33.jpeg 1600w\" sizes=\"(max-width: 1024px) 100vw, 1024px\" \/><\/a><\/figure>\n\n\n\n<figure class=\"wp-block-image size-large\"><a href=\"https:\/\/www.reitverein-ellefeld.de\/wp-content\/uploads\/WhatsApp-Image-2025-11-10-at-21.21.34-1.jpeg\"><img decoding=\"async\" loading=\"lazy\" width=\"682\" height=\"1024\" data-id=\"63651\"  src=\"https:\/\/www.reitverein-ellefeld.de\/wp-content\/uploads\/WhatsApp-Image-2025-11-10-at-21.21.34-1-682x1024.jpeg\" alt=\"\" class=\"wp-image-63651\" srcset=\"https:\/\/www.reitverein-ellefeld.de\/wp-content\/uploads\/WhatsApp-Image-2025-11-10-at-21.21.34-1-682x1024.jpeg 682w, https:\/\/www.reitverein-ellefeld.de\/wp-content\/uploads\/WhatsApp-Image-2025-11-10-at-21.21.34-1-200x300.jpeg 200w, https:\/\/www.reitverein-ellefeld.de\/wp-content\/uploads\/WhatsApp-Image-2025-11-10-at-21.21.34-1-768x1153.jpeg 768w, https:\/\/www.reitverein-ellefeld.de\/wp-content\/uploads\/WhatsApp-Image-2025-11-10-at-21.21.34-1-1023x1536.jpeg 1023w, https:\/\/www.reitverein-ellefeld.de\/wp-content\/uploads\/WhatsApp-Image-2025-11-10-at-21.21.34-1.jpeg 1066w\" sizes=\"(max-width: 682px) 100vw, 682px\" \/><\/a><\/figure>\n\n\n\n<figure class=\"wp-block-image size-large\"><a href=\"https:\/\/www.reitverein-ellefeld.de\/wp-content\/uploads\/WhatsApp-Image-2025-11-10-at-21.21.34-2.jpeg\"><img decoding=\"async\" loading=\"lazy\" width=\"682\" height=\"1024\" data-id=\"63666\"  src=\"https:\/\/www.reitverein-ellefeld.de\/wp-content\/uploads\/WhatsApp-Image-2025-11-10-at-21.21.34-2-682x1024.jpeg\" alt=\"\" class=\"wp-image-63666\" srcset=\"https:\/\/www.reitverein-ellefeld.de\/wp-content\/uploads\/WhatsApp-Image-2025-11-10-at-21.21.34-2-682x1024.jpeg 682w, https:\/\/www.reitverein-ellefeld.de\/wp-content\/uploads\/WhatsApp-Image-2025-11-10-at-21.21.34-2-200x300.jpeg 200w, https:\/\/www.reitverein-ellefeld.de\/wp-content\/uploads\/WhatsApp-Image-2025-11-10-at-21.21.34-2-768x1153.jpeg 768w, https:\/\/www.reitverein-ellefeld.de\/wp-content\/uploads\/WhatsApp-Image-2025-11-10-at-21.21.34-2-1023x1536.jpeg 1023w, https:\/\/www.reitverein-ellefeld.de\/wp-content\/uploads\/WhatsApp-Image-2025-11-10-at-21.21.34-2.jpeg 1066w\" sizes=\"(max-width: 682px) 100vw, 682px\" \/><\/a><\/figure>\n\n\n\n<figure class=\"wp-block-image size-large\"><a href=\"https:\/\/www.reitverein-ellefeld.de\/wp-content\/uploads\/WhatsApp-Image-2025-11-10-at-21.21.34-3.jpeg\"><img decoding=\"async\" loading=\"lazy\" width=\"1024\" height=\"683\" data-id=\"63648\"  src=\"https:\/\/www.reitverein-ellefeld.de\/wp-content\/uploads\/WhatsApp-Image-2025-11-10-at-21.21.34-3-1024x683.jpeg\" alt=\"\" class=\"wp-image-63648\" srcset=\"https:\/\/www.reitverein-ellefeld.de\/wp-content\/uploads\/WhatsApp-Image-2025-11-10-at-21.21.34-3-1024x683.jpeg 1024w, https:\/\/www.reitverein-ellefeld.de\/wp-content\/uploads\/WhatsApp-Image-2025-11-10-at-21.21.34-3-300x200.jpeg 300w, https:\/\/www.reitverein-ellefeld.de\/wp-content\/uploads\/WhatsApp-Image-2025-11-10-at-21.21.34-3-768x512.jpeg 768w, https:\/\/www.reitverein-ellefeld.de\/wp-content\/uploads\/WhatsApp-Image-2025-11-10-at-21.21.34-3-1536x1024.jpeg 1536w, https:\/\/www.reitverein-ellefeld.de\/wp-content\/uploads\/WhatsApp-Image-2025-11-10-at-21.21.34-3.jpeg 1600w\" sizes=\"(max-width: 1024px) 100vw, 1024px\" \/><\/a><\/figure>\n\n\n\n<figure class=\"wp-block-image size-large\"><a href=\"https:\/\/www.reitverein-ellefeld.de\/wp-content\/uploads\/WhatsApp-Image-2025-11-10-at-21.21.34-4.jpeg\"><img decoding=\"async\" loading=\"lazy\" width=\"768\" height=\"1024\" data-id=\"63613\"  src=\"https:\/\/www.reitverein-ellefeld.de\/wp-content\/uploads\/WhatsApp-Image-2025-11-10-at-21.21.34-4-768x1024.jpeg\" alt=\"\" class=\"wp-image-63613\" srcset=\"https:\/\/www.reitverein-ellefeld.de\/wp-content\/uploads\/WhatsApp-Image-2025-11-10-at-21.21.34-4-768x1024.jpeg 768w, https:\/\/www.reitverein-ellefeld.de\/wp-content\/uploads\/WhatsApp-Image-2025-11-10-at-21.21.34-4-225x300.jpeg 225w, https:\/\/www.reitverein-ellefeld.de\/wp-content\/uploads\/WhatsApp-Image-2025-11-10-at-21.21.34-4-1152x1536.jpeg 1152w, https:\/\/www.reitverein-ellefeld.de\/wp-content\/uploads\/WhatsApp-Image-2025-11-10-at-21.21.34-4.jpeg 1200w\" sizes=\"(max-width: 768px) 100vw, 768px\" \/><\/a><\/figure>\n\n\n\n<figure class=\"wp-block-image size-large\"><a href=\"https:\/\/www.reitverein-ellefeld.de\/wp-content\/uploads\/WhatsApp-Image-2025-11-10-at-21.21.34.jpeg\"><img decoding=\"async\" loading=\"lazy\" width=\"1024\" height=\"682\" data-id=\"63620\"  src=\"https:\/\/www.reitverein-ellefeld.de\/wp-content\/uploads\/WhatsApp-Image-2025-11-10-at-21.21.34-1024x682.jpeg\" alt=\"\" class=\"wp-image-63620\" srcset=\"https:\/\/www.reitverein-ellefeld.de\/wp-content\/uploads\/WhatsApp-Image-2025-11-10-at-21.21.34-1024x682.jpeg 1024w, https:\/\/www.reitverein-ellefeld.de\/wp-content\/uploads\/WhatsApp-Image-2025-11-10-at-21.21.34-300x200.jpeg 300w, https:\/\/www.reitverein-ellefeld.de\/wp-content\/uploads\/WhatsApp-Image-2025-11-10-at-21.21.34-768x512.jpeg 768w, https:\/\/www.reitverein-ellefeld.de\/wp-content\/uploads\/WhatsApp-Image-2025-11-10-at-21.21.34-1536x1023.jpeg 1536w, https:\/\/www.reitverein-ellefeld.de\/wp-content\/uploads\/WhatsApp-Image-2025-11-10-at-21.21.34.jpeg 1600w\" sizes=\"(max-width: 1024px) 100vw, 1024px\" \/><\/a><\/figure>\n\n\n\n<figure class=\"wp-block-image size-large\"><a href=\"https:\/\/www.reitverein-ellefeld.de\/wp-content\/uploads\/WhatsApp-Image-2025-11-10-at-21.21.58-1.jpeg\"><img decoding=\"async\" loading=\"lazy\" width=\"1024\" height=\"682\" data-id=\"63625\"  src=\"https:\/\/www.reitverein-ellefeld.de\/wp-content\/uploads\/WhatsApp-Image-2025-11-10-at-21.21.58-1-1024x682.jpeg\" alt=\"\" class=\"wp-image-63625\" srcset=\"https:\/\/www.reitverein-ellefeld.de\/wp-content\/uploads\/WhatsApp-Image-2025-11-10-at-21.21.58-1-1024x682.jpeg 1024w, https:\/\/www.reitverein-ellefeld.de\/wp-content\/uploads\/WhatsApp-Image-2025-11-10-at-21.21.58-1-300x200.jpeg 300w, https:\/\/www.reitverein-ellefeld.de\/wp-content\/uploads\/WhatsApp-Image-2025-11-10-at-21.21.58-1-768x512.jpeg 768w, https:\/\/www.reitverein-ellefeld.de\/wp-content\/uploads\/WhatsApp-Image-2025-11-10-at-21.21.58-1-1536x1023.jpeg 1536w, https:\/\/www.reitverein-ellefeld.de\/wp-content\/uploads\/WhatsApp-Image-2025-11-10-at-21.21.58-1.jpeg 1600w\" sizes=\"(max-width: 1024px) 100vw, 1024px\" \/><\/a><\/figure>\n\n\n\n<figure class=\"wp-block-image size-large\"><a href=\"https:\/\/www.reitverein-ellefeld.de\/wp-content\/uploads\/WhatsApp-Image-2025-11-10-at-21.21.58-2.jpeg\"><img decoding=\"async\" loading=\"lazy\" width=\"1024\" height=\"682\" data-id=\"63655\"  src=\"https:\/\/www.reitverein-ellefeld.de\/wp-content\/uploads\/WhatsApp-Image-2025-11-10-at-21.21.58-2-1024x682.jpeg\" alt=\"\" class=\"wp-image-63655\" srcset=\"https:\/\/www.reitverein-ellefeld.de\/wp-content\/uploads\/WhatsApp-Image-2025-11-10-at-21.21.58-2-1024x682.jpeg 1024w, https:\/\/www.reitverein-ellefeld.de\/wp-content\/uploads\/WhatsApp-Image-2025-11-10-at-21.21.58-2-300x200.jpeg 300w, https:\/\/www.reitverein-ellefeld.de\/wp-content\/uploads\/WhatsApp-Image-2025-11-10-at-21.21.58-2-768x511.jpeg 768w, https:\/\/www.reitverein-ellefeld.de\/wp-content\/uploads\/WhatsApp-Image-2025-11-10-at-21.21.58-2-1536x1022.jpeg 1536w, https:\/\/www.reitverein-ellefeld.de\/wp-content\/uploads\/WhatsApp-Image-2025-11-10-at-21.21.58-2.jpeg 1600w\" sizes=\"(max-width: 1024px) 100vw, 1024px\" \/><\/a><\/figure>\n\n\n\n<figure class=\"wp-block-image size-large\"><a href=\"https:\/\/www.reitverein-ellefeld.de\/wp-content\/uploads\/WhatsApp-Image-2025-11-10-at-21.21.58-3.jpeg\"><img decoding=\"async\" loading=\"lazy\" width=\"1024\" height=\"682\" data-id=\"63668\"  src=\"https:\/\/www.reitverein-ellefeld.de\/wp-content\/uploads\/WhatsApp-Image-2025-11-10-at-21.21.58-3-1024x682.jpeg\" alt=\"\" class=\"wp-image-63668\" srcset=\"https:\/\/www.reitverein-ellefeld.de\/wp-content\/uploads\/WhatsApp-Image-2025-11-10-at-21.21.58-3-1024x682.jpeg 1024w, https:\/\/www.reitverein-ellefeld.de\/wp-content\/uploads\/WhatsApp-Image-2025-11-10-at-21.21.58-3-300x200.jpeg 300w, https:\/\/www.reitverein-ellefeld.de\/wp-content\/uploads\/WhatsApp-Image-2025-11-10-at-21.21.58-3-768x511.jpeg 768w, https:\/\/www.reitverein-ellefeld.de\/wp-content\/uploads\/WhatsApp-Image-2025-11-10-at-21.21.58-3-1536x1022.jpeg 1536w, https:\/\/www.reitverein-ellefeld.de\/wp-content\/uploads\/WhatsApp-Image-2025-11-10-at-21.21.58-3.jpeg 1600w\" sizes=\"(max-width: 1024px) 100vw, 1024px\" \/><\/a><\/figure>\n\n\n\n<figure class=\"wp-block-image size-large\"><a href=\"https:\/\/www.reitverein-ellefeld.de\/wp-content\/uploads\/WhatsApp-Image-2025-11-10-at-21.21.58.jpeg\"><img decoding=\"async\" loading=\"lazy\" width=\"1024\" height=\"682\" data-id=\"63633\"  src=\"https:\/\/www.reitverein-ellefeld.de\/wp-content\/uploads\/WhatsApp-Image-2025-11-10-at-21.21.58-1024x682.jpeg\" alt=\"\" class=\"wp-image-63633\" srcset=\"https:\/\/www.reitverein-ellefeld.de\/wp-content\/uploads\/WhatsApp-Image-2025-11-10-at-21.21.58-1024x682.jpeg 1024w, https:\/\/www.reitverein-ellefeld.de\/wp-content\/uploads\/WhatsApp-Image-2025-11-10-at-21.21.58-300x200.jpeg 300w, https:\/\/www.reitverein-ellefeld.de\/wp-content\/uploads\/WhatsApp-Image-2025-11-10-at-21.21.58-768x512.jpeg 768w, https:\/\/www.reitverein-ellefeld.de\/wp-content\/uploads\/WhatsApp-Image-2025-11-10-at-21.21.58-1536x1023.jpeg 1536w, https:\/\/www.reitverein-ellefeld.de\/wp-content\/uploads\/WhatsApp-Image-2025-11-10-at-21.21.58.jpeg 1600w\" sizes=\"(max-width: 1024px) 100vw, 1024px\" \/><\/a><\/figure>\n\n\n\n<figure class=\"wp-block-image size-large\"><a href=\"https:\/\/www.reitverein-ellefeld.de\/wp-content\/uploads\/WhatsApp-Image-2025-11-10-at-21.21.59.jpeg\"><img decoding=\"async\" loading=\"lazy\" width=\"682\" height=\"1024\" data-id=\"63663\"  src=\"https:\/\/www.reitverein-ellefeld.de\/wp-content\/uploads\/WhatsApp-Image-2025-11-10-at-21.21.59-682x1024.jpeg\" alt=\"\" class=\"wp-image-63663\" srcset=\"https:\/\/www.reitverein-ellefeld.de\/wp-content\/uploads\/WhatsApp-Image-2025-11-10-at-21.21.59-682x1024.jpeg 682w, https:\/\/www.reitverein-ellefeld.de\/wp-content\/uploads\/WhatsApp-Image-2025-11-10-at-21.21.59-200x300.jpeg 200w, https:\/\/www.reitverein-ellefeld.de\/wp-content\/uploads\/WhatsApp-Image-2025-11-10-at-21.21.59-768x1153.jpeg 768w, https:\/\/www.reitverein-ellefeld.de\/wp-content\/uploads\/WhatsApp-Image-2025-11-10-at-21.21.59-1023x1536.jpeg 1023w, https:\/\/www.reitverein-ellefeld.de\/wp-content\/uploads\/WhatsApp-Image-2025-11-10-at-21.21.59.jpeg 1066w\" sizes=\"(max-width: 682px) 100vw, 682px\" \/><\/a><\/figure>\n\n\n\n<figure class=\"wp-block-image size-large\"><a href=\"https:\/\/www.reitverein-ellefeld.de\/wp-content\/uploads\/WhatsApp-Image-2025-11-10-at-21.22.22-1.jpeg\"><img decoding=\"async\" loading=\"lazy\" width=\"1024\" height=\"682\" data-id=\"63624\"  src=\"https:\/\/www.reitverein-ellefeld.de\/wp-content\/uploads\/WhatsApp-Image-2025-11-10-at-21.22.22-1-1024x682.jpeg\" alt=\"\" class=\"wp-image-63624\" srcset=\"https:\/\/www.reitverein-ellefeld.de\/wp-content\/uploads\/WhatsApp-Image-2025-11-10-at-21.22.22-1-1024x682.jpeg 1024w, https:\/\/www.reitverein-ellefeld.de\/wp-content\/uploads\/WhatsApp-Image-2025-11-10-at-21.22.22-1-300x200.jpeg 300w, https:\/\/www.reitverein-ellefeld.de\/wp-content\/uploads\/WhatsApp-Image-2025-11-10-at-21.22.22-1-768x512.jpeg 768w, https:\/\/www.reitverein-ellefeld.de\/wp-content\/uploads\/WhatsApp-Image-2025-11-10-at-21.22.22-1-1536x1023.jpeg 1536w, https:\/\/www.reitverein-ellefeld.de\/wp-content\/uploads\/WhatsApp-Image-2025-11-10-at-21.22.22-1.jpeg 1600w\" sizes=\"(max-width: 1024px) 100vw, 1024px\" \/><\/a><\/figure>\n\n\n\n<figure class=\"wp-block-image size-large\"><a href=\"https:\/\/www.reitverein-ellefeld.de\/wp-content\/uploads\/WhatsApp-Image-2025-11-10-at-21.22.22-2.jpeg\"><img decoding=\"async\" loading=\"lazy\" width=\"1024\" height=\"683\" data-id=\"63647\"  src=\"https:\/\/www.reitverein-ellefeld.de\/wp-content\/uploads\/WhatsApp-Image-2025-11-10-at-21.22.22-2-1024x683.jpeg\" alt=\"\" class=\"wp-image-63647\" srcset=\"https:\/\/www.reitverein-ellefeld.de\/wp-content\/uploads\/WhatsApp-Image-2025-11-10-at-21.22.22-2-1024x683.jpeg 1024w, https:\/\/www.reitverein-ellefeld.de\/wp-content\/uploads\/WhatsApp-Image-2025-11-10-at-21.22.22-2-300x200.jpeg 300w, https:\/\/www.reitverein-ellefeld.de\/wp-content\/uploads\/WhatsApp-Image-2025-11-10-at-21.22.22-2-768x512.jpeg 768w, https:\/\/www.reitverein-ellefeld.de\/wp-content\/uploads\/WhatsApp-Image-2025-11-10-at-21.22.22-2-1536x1024.jpeg 1536w, https:\/\/www.reitverein-ellefeld.de\/wp-content\/uploads\/WhatsApp-Image-2025-11-10-at-21.22.22-2.jpeg 1600w\" sizes=\"(max-width: 1024px) 100vw, 1024px\" \/><\/a><\/figure>\n\n\n\n<figure class=\"wp-block-image size-large\"><a href=\"https:\/\/www.reitverein-ellefeld.de\/wp-content\/uploads\/WhatsApp-Image-2025-11-10-at-21.22.22-3.jpeg\"><img decoding=\"async\" loading=\"lazy\" width=\"1024\" height=\"683\" data-id=\"63654\"  src=\"https:\/\/www.reitverein-ellefeld.de\/wp-content\/uploads\/WhatsApp-Image-2025-11-10-at-21.22.22-3-1024x683.jpeg\" alt=\"\" class=\"wp-image-63654\" srcset=\"https:\/\/www.reitverein-ellefeld.de\/wp-content\/uploads\/WhatsApp-Image-2025-11-10-at-21.22.22-3-1024x683.jpeg 1024w, https:\/\/www.reitverein-ellefeld.de\/wp-content\/uploads\/WhatsApp-Image-2025-11-10-at-21.22.22-3-300x200.jpeg 300w, https:\/\/www.reitverein-ellefeld.de\/wp-content\/uploads\/WhatsApp-Image-2025-11-10-at-21.22.22-3-768x512.jpeg 768w, https:\/\/www.reitverein-ellefeld.de\/wp-content\/uploads\/WhatsApp-Image-2025-11-10-at-21.22.22-3-1536x1024.jpeg 1536w, https:\/\/www.reitverein-ellefeld.de\/wp-content\/uploads\/WhatsApp-Image-2025-11-10-at-21.22.22-3.jpeg 1600w\" sizes=\"(max-width: 1024px) 100vw, 1024px\" \/><\/a><\/figure>\n\n\n\n<figure class=\"wp-block-image size-large\"><a href=\"https:\/\/www.reitverein-ellefeld.de\/wp-content\/uploads\/WhatsApp-Image-2025-11-10-at-21.22.22.jpeg\"><img decoding=\"async\" loading=\"lazy\" width=\"1024\" height=\"682\" data-id=\"63619\"  src=\"https:\/\/www.reitverein-ellefeld.de\/wp-content\/uploads\/WhatsApp-Image-2025-11-10-at-21.22.22-1024x682.jpeg\" alt=\"\" class=\"wp-image-63619\" srcset=\"https:\/\/www.reitverein-ellefeld.de\/wp-content\/uploads\/WhatsApp-Image-2025-11-10-at-21.22.22-1024x682.jpeg 1024w, https:\/\/www.reitverein-ellefeld.de\/wp-content\/uploads\/WhatsApp-Image-2025-11-10-at-21.22.22-300x200.jpeg 300w, https:\/\/www.reitverein-ellefeld.de\/wp-content\/uploads\/WhatsApp-Image-2025-11-10-at-21.22.22-768x512.jpeg 768w, https:\/\/www.reitverein-ellefeld.de\/wp-content\/uploads\/WhatsApp-Image-2025-11-10-at-21.22.22-1536x1023.jpeg 1536w, https:\/\/www.reitverein-ellefeld.de\/wp-content\/uploads\/WhatsApp-Image-2025-11-10-at-21.22.22.jpeg 1600w\" sizes=\"(max-width: 1024px) 100vw, 1024px\" \/><\/a><\/figure>\n\n\n\n<figure class=\"wp-block-image size-large\"><a href=\"https:\/\/www.reitverein-ellefeld.de\/wp-content\/uploads\/WhatsApp-Image-2025-11-10-at-21.22.23-1.jpeg\"><img decoding=\"async\" loading=\"lazy\" width=\"1024\" height=\"682\" data-id=\"63622\"  src=\"https:\/\/www.reitverein-ellefeld.de\/wp-content\/uploads\/WhatsApp-Image-2025-11-10-at-21.22.23-1-1024x682.jpeg\" alt=\"\" class=\"wp-image-63622\" srcset=\"https:\/\/www.reitverein-ellefeld.de\/wp-content\/uploads\/WhatsApp-Image-2025-11-10-at-21.22.23-1-1024x682.jpeg 1024w, https:\/\/www.reitverein-ellefeld.de\/wp-content\/uploads\/WhatsApp-Image-2025-11-10-at-21.22.23-1-300x200.jpeg 300w, https:\/\/www.reitverein-ellefeld.de\/wp-content\/uploads\/WhatsApp-Image-2025-11-10-at-21.22.23-1-768x512.jpeg 768w, https:\/\/www.reitverein-ellefeld.de\/wp-content\/uploads\/WhatsApp-Image-2025-11-10-at-21.22.23-1-1536x1023.jpeg 1536w, https:\/\/www.reitverein-ellefeld.de\/wp-content\/uploads\/WhatsApp-Image-2025-11-10-at-21.22.23-1.jpeg 1600w\" sizes=\"(max-width: 1024px) 100vw, 1024px\" \/><\/a><\/figure>\n\n\n\n<figure class=\"wp-block-image size-large\"><a href=\"https:\/\/www.reitverein-ellefeld.de\/wp-content\/uploads\/WhatsApp-Image-2025-11-10-at-21.22.23.jpeg\"><img decoding=\"async\" loading=\"lazy\" width=\"682\" height=\"1024\" data-id=\"63670\"  src=\"https:\/\/www.reitverein-ellefeld.de\/wp-content\/uploads\/WhatsApp-Image-2025-11-10-at-21.22.23-682x1024.jpeg\" alt=\"\" class=\"wp-image-63670\" srcset=\"https:\/\/www.reitverein-ellefeld.de\/wp-content\/uploads\/WhatsApp-Image-2025-11-10-at-21.22.23-682x1024.jpeg 682w, https:\/\/www.reitverein-ellefeld.de\/wp-content\/uploads\/WhatsApp-Image-2025-11-10-at-21.22.23-200x300.jpeg 200w, https:\/\/www.reitverein-ellefeld.de\/wp-content\/uploads\/WhatsApp-Image-2025-11-10-at-21.22.23-768x1153.jpeg 768w, https:\/\/www.reitverein-ellefeld.de\/wp-content\/uploads\/WhatsApp-Image-2025-11-10-at-21.22.23-1023x1536.jpeg 1023w, https:\/\/www.reitverein-ellefeld.de\/wp-content\/uploads\/WhatsApp-Image-2025-11-10-at-21.22.23.jpeg 1066w\" sizes=\"(max-width: 682px) 100vw, 682px\" \/><\/a><\/figure>\n\n\n\n<figure class=\"wp-block-image size-large\"><a href=\"https:\/\/www.reitverein-ellefeld.de\/wp-content\/uploads\/WhatsApp-Image-2025-11-10-at-21.23.54-2.jpeg\"><img decoding=\"async\" loading=\"lazy\" width=\"1024\" height=\"682\" data-id=\"63628\"  src=\"https:\/\/www.reitverein-ellefeld.de\/wp-content\/uploads\/WhatsApp-Image-2025-11-10-at-21.23.54-2-1024x682.jpeg\" alt=\"\" class=\"wp-image-63628\" srcset=\"https:\/\/www.reitverein-ellefeld.de\/wp-content\/uploads\/WhatsApp-Image-2025-11-10-at-21.23.54-2-1024x682.jpeg 1024w, https:\/\/www.reitverein-ellefeld.de\/wp-content\/uploads\/WhatsApp-Image-2025-11-10-at-21.23.54-2-300x200.jpeg 300w, https:\/\/www.reitverein-ellefeld.de\/wp-content\/uploads\/WhatsApp-Image-2025-11-10-at-21.23.54-2-768x512.jpeg 768w, https:\/\/www.reitverein-ellefeld.de\/wp-content\/uploads\/WhatsApp-Image-2025-11-10-at-21.23.54-2-1536x1023.jpeg 1536w, https:\/\/www.reitverein-ellefeld.de\/wp-content\/uploads\/WhatsApp-Image-2025-11-10-at-21.23.54-2.jpeg 1600w\" sizes=\"(max-width: 1024px) 100vw, 1024px\" \/><\/a><\/figure>\n\n\n\n<figure class=\"wp-block-image size-large\"><a href=\"https:\/\/www.reitverein-ellefeld.de\/wp-content\/uploads\/WhatsApp-Image-2025-11-10-at-21.23.54-3.jpeg\"><img decoding=\"async\" loading=\"lazy\" width=\"1024\" height=\"682\" data-id=\"63621\"  src=\"https:\/\/www.reitverein-ellefeld.de\/wp-content\/uploads\/WhatsApp-Image-2025-11-10-at-21.23.54-3-1024x682.jpeg\" alt=\"\" class=\"wp-image-63621\" srcset=\"https:\/\/www.reitverein-ellefeld.de\/wp-content\/uploads\/WhatsApp-Image-2025-11-10-at-21.23.54-3-1024x682.jpeg 1024w, https:\/\/www.reitverein-ellefeld.de\/wp-content\/uploads\/WhatsApp-Image-2025-11-10-at-21.23.54-3-300x200.jpeg 300w, https:\/\/www.reitverein-ellefeld.de\/wp-content\/uploads\/WhatsApp-Image-2025-11-10-at-21.23.54-3-768x512.jpeg 768w, https:\/\/www.reitverein-ellefeld.de\/wp-content\/uploads\/WhatsApp-Image-2025-11-10-at-21.23.54-3-1536x1023.jpeg 1536w, https:\/\/www.reitverein-ellefeld.de\/wp-content\/uploads\/WhatsApp-Image-2025-11-10-at-21.23.54-3.jpeg 1600w\" sizes=\"(max-width: 1024px) 100vw, 1024px\" \/><\/a><\/figure>\n\n\n\n<figure class=\"wp-block-image size-large\"><a href=\"https:\/\/www.reitverein-ellefeld.de\/wp-content\/uploads\/WhatsApp-Image-2025-11-10-at-21.23.30.jpeg\"><img decoding=\"async\" loading=\"lazy\" width=\"1024\" height=\"682\" data-id=\"63630\"  src=\"https:\/\/www.reitverein-ellefeld.de\/wp-content\/uploads\/WhatsApp-Image-2025-11-10-at-21.23.30-1024x682.jpeg\" alt=\"\" class=\"wp-image-63630\" srcset=\"https:\/\/www.reitverein-ellefeld.de\/wp-content\/uploads\/WhatsApp-Image-2025-11-10-at-21.23.30-1024x682.jpeg 1024w, https:\/\/www.reitverein-ellefeld.de\/wp-content\/uploads\/WhatsApp-Image-2025-11-10-at-21.23.30-300x200.jpeg 300w, https:\/\/www.reitverein-ellefeld.de\/wp-content\/uploads\/WhatsApp-Image-2025-11-10-at-21.23.30-768x512.jpeg 768w, https:\/\/www.reitverein-ellefeld.de\/wp-content\/uploads\/WhatsApp-Image-2025-11-10-at-21.23.30-1536x1023.jpeg 1536w, https:\/\/www.reitverein-ellefeld.de\/wp-content\/uploads\/WhatsApp-Image-2025-11-10-at-21.23.30.jpeg 1600w\" sizes=\"(max-width: 1024px) 100vw, 1024px\" \/><\/a><\/figure>\n\n\n\n<figure class=\"wp-block-image size-large\"><a href=\"https:\/\/www.reitverein-ellefeld.de\/wp-content\/uploads\/WhatsApp-Image-2025-11-10-at-21.23.54-1.jpeg\"><img decoding=\"async\" loading=\"lazy\" width=\"1024\" height=\"682\" data-id=\"63632\"  src=\"https:\/\/www.reitverein-ellefeld.de\/wp-content\/uploads\/WhatsApp-Image-2025-11-10-at-21.23.54-1-1024x682.jpeg\" alt=\"\" class=\"wp-image-63632\" srcset=\"https:\/\/www.reitverein-ellefeld.de\/wp-content\/uploads\/WhatsApp-Image-2025-11-10-at-21.23.54-1-1024x682.jpeg 1024w, https:\/\/www.reitverein-ellefeld.de\/wp-content\/uploads\/WhatsApp-Image-2025-11-10-at-21.23.54-1-300x200.jpeg 300w, https:\/\/www.reitverein-ellefeld.de\/wp-content\/uploads\/WhatsApp-Image-2025-11-10-at-21.23.54-1-768x512.jpeg 768w, https:\/\/www.reitverein-ellefeld.de\/wp-content\/uploads\/WhatsApp-Image-2025-11-10-at-21.23.54-1-1536x1023.jpeg 1536w, https:\/\/www.reitverein-ellefeld.de\/wp-content\/uploads\/WhatsApp-Image-2025-11-10-at-21.23.54-1.jpeg 1600w\" sizes=\"(max-width: 1024px) 100vw, 1024px\" \/><\/a><\/figure>\n\n\n\n<figure class=\"wp-block-image size-large\"><a href=\"https:\/\/www.reitverein-ellefeld.de\/wp-content\/uploads\/WhatsApp-Image-2025-11-10-at-21.23.54.jpeg\"><img decoding=\"async\" loading=\"lazy\" width=\"1024\" height=\"682\" data-id=\"63626\"  src=\"https:\/\/www.reitverein-ellefeld.de\/wp-content\/uploads\/WhatsApp-Image-2025-11-10-at-21.23.54-1024x682.jpeg\" alt=\"\" class=\"wp-image-63626\" srcset=\"https:\/\/www.reitverein-ellefeld.de\/wp-content\/uploads\/WhatsApp-Image-2025-11-10-at-21.23.54-1024x682.jpeg 1024w, https:\/\/www.reitverein-ellefeld.de\/wp-content\/uploads\/WhatsApp-Image-2025-11-10-at-21.23.54-300x200.jpeg 300w, https:\/\/www.reitverein-ellefeld.de\/wp-content\/uploads\/WhatsApp-Image-2025-11-10-at-21.23.54-768x512.jpeg 768w, https:\/\/www.reitverein-ellefeld.de\/wp-content\/uploads\/WhatsApp-Image-2025-11-10-at-21.23.54-1536x1023.jpeg 1536w, https:\/\/www.reitverein-ellefeld.de\/wp-content\/uploads\/WhatsApp-Image-2025-11-10-at-21.23.54.jpeg 1600w\" sizes=\"(max-width: 1024px) 100vw, 1024px\" \/><\/a><\/figure>\n\n\n\n<figure class=\"wp-block-image size-large\"><a href=\"https:\/\/www.reitverein-ellefeld.de\/wp-content\/uploads\/WhatsApp-Image-2025-11-10-at-21.23.55-1.jpeg\"><img decoding=\"async\" loading=\"lazy\" width=\"1024\" height=\"682\" data-id=\"63629\"  src=\"https:\/\/www.reitverein-ellefeld.de\/wp-content\/uploads\/WhatsApp-Image-2025-11-10-at-21.23.55-1-1024x682.jpeg\" alt=\"\" class=\"wp-image-63629\" srcset=\"https:\/\/www.reitverein-ellefeld.de\/wp-content\/uploads\/WhatsApp-Image-2025-11-10-at-21.23.55-1-1024x682.jpeg 1024w, https:\/\/www.reitverein-ellefeld.de\/wp-content\/uploads\/WhatsApp-Image-2025-11-10-at-21.23.55-1-300x200.jpeg 300w, https:\/\/www.reitverein-ellefeld.de\/wp-content\/uploads\/WhatsApp-Image-2025-11-10-at-21.23.55-1-768x512.jpeg 768w, https:\/\/www.reitverein-ellefeld.de\/wp-content\/uploads\/WhatsApp-Image-2025-11-10-at-21.23.55-1-1536x1023.jpeg 1536w, https:\/\/www.reitverein-ellefeld.de\/wp-content\/uploads\/WhatsApp-Image-2025-11-10-at-21.23.55-1.jpeg 1600w\" sizes=\"(max-width: 1024px) 100vw, 1024px\" \/><\/a><\/figure>\n\n\n\n<figure class=\"wp-block-image size-large\"><a href=\"https:\/\/www.reitverein-ellefeld.de\/wp-content\/uploads\/WhatsApp-Image-2025-11-10-at-21.23.55-2.jpeg\"><img decoding=\"async\" loading=\"lazy\" width=\"1024\" height=\"682\" data-id=\"63705\"  src=\"https:\/\/www.reitverein-ellefeld.de\/wp-content\/uploads\/WhatsApp-Image-2025-11-10-at-21.23.55-2-1024x682.jpeg\" alt=\"\" class=\"wp-image-63705\" srcset=\"https:\/\/www.reitverein-ellefeld.de\/wp-content\/uploads\/WhatsApp-Image-2025-11-10-at-21.23.55-2-1024x682.jpeg 1024w, https:\/\/www.reitverein-ellefeld.de\/wp-content\/uploads\/WhatsApp-Image-2025-11-10-at-21.23.55-2-300x200.jpeg 300w, https:\/\/www.reitverein-ellefeld.de\/wp-content\/uploads\/WhatsApp-Image-2025-11-10-at-21.23.55-2-768x511.jpeg 768w, https:\/\/www.reitverein-ellefeld.de\/wp-content\/uploads\/WhatsApp-Image-2025-11-10-at-21.23.55-2-1536x1022.jpeg 1536w, https:\/\/www.reitverein-ellefeld.de\/wp-content\/uploads\/WhatsApp-Image-2025-11-10-at-21.23.55-2.jpeg 1600w\" sizes=\"(max-width: 1024px) 100vw, 1024px\" \/><\/a><\/figure>\n\n\n\n<figure class=\"wp-block-image size-large\"><a href=\"https:\/\/www.reitverein-ellefeld.de\/wp-content\/uploads\/WhatsApp-Image-2025-11-10-at-21.23.55-3.jpeg\"><img decoding=\"async\" loading=\"lazy\" width=\"1024\" height=\"682\" data-id=\"63675\"  src=\"https:\/\/www.reitverein-ellefeld.de\/wp-content\/uploads\/WhatsApp-Image-2025-11-10-at-21.23.55-3-1024x682.jpeg\" alt=\"\" class=\"wp-image-63675\" srcset=\"https:\/\/www.reitverein-ellefeld.de\/wp-content\/uploads\/WhatsApp-Image-2025-11-10-at-21.23.55-3-1024x682.jpeg 1024w, https:\/\/www.reitverein-ellefeld.de\/wp-content\/uploads\/WhatsApp-Image-2025-11-10-at-21.23.55-3-300x200.jpeg 300w, https:\/\/www.reitverein-ellefeld.de\/wp-content\/uploads\/WhatsApp-Image-2025-11-10-at-21.23.55-3-768x511.jpeg 768w, https:\/\/www.reitverein-ellefeld.de\/wp-content\/uploads\/WhatsApp-Image-2025-11-10-at-21.23.55-3-1536x1022.jpeg 1536w, https:\/\/www.reitverein-ellefeld.de\/wp-content\/uploads\/WhatsApp-Image-2025-11-10-at-21.23.55-3.jpeg 1600w\" sizes=\"(max-width: 1024px) 100vw, 1024px\" \/><\/a><\/figure>\n\n\n\n<figure class=\"wp-block-image size-large\"><a href=\"https:\/\/www.reitverein-ellefeld.de\/wp-content\/uploads\/WhatsApp-Image-2025-11-10-at-21.23.55-4.jpeg\"><img decoding=\"async\" loading=\"lazy\" width=\"1024\" height=\"682\" data-id=\"63660\"  src=\"https:\/\/www.reitverein-ellefeld.de\/wp-content\/uploads\/WhatsApp-Image-2025-11-10-at-21.23.55-4-1024x682.jpeg\" alt=\"\" class=\"wp-image-63660\" srcset=\"https:\/\/www.reitverein-ellefeld.de\/wp-content\/uploads\/WhatsApp-Image-2025-11-10-at-21.23.55-4-1024x682.jpeg 1024w, https:\/\/www.reitverein-ellefeld.de\/wp-content\/uploads\/WhatsApp-Image-2025-11-10-at-21.23.55-4-300x200.jpeg 300w, https:\/\/www.reitverein-ellefeld.de\/wp-content\/uploads\/WhatsApp-Image-2025-11-10-at-21.23.55-4-768x512.jpeg 768w, https:\/\/www.reitverein-ellefeld.de\/wp-content\/uploads\/WhatsApp-Image-2025-11-10-at-21.23.55-4-1536x1023.jpeg 1536w, https:\/\/www.reitverein-ellefeld.de\/wp-content\/uploads\/WhatsApp-Image-2025-11-10-at-21.23.55-4.jpeg 1600w\" sizes=\"(max-width: 1024px) 100vw, 1024px\" \/><\/a><\/figure>\n\n\n\n<figure class=\"wp-block-image size-large\"><a href=\"https:\/\/www.reitverein-ellefeld.de\/wp-content\/uploads\/WhatsApp-Image-2025-11-10-at-21.23.55-5.jpeg\"><img decoding=\"async\" loading=\"lazy\" width=\"1024\" height=\"682\" data-id=\"63687\"  src=\"https:\/\/www.reitverein-ellefeld.de\/wp-content\/uploads\/WhatsApp-Image-2025-11-10-at-21.23.55-5-1024x682.jpeg\" alt=\"\" class=\"wp-image-63687\" srcset=\"https:\/\/www.reitverein-ellefeld.de\/wp-content\/uploads\/WhatsApp-Image-2025-11-10-at-21.23.55-5-1024x682.jpeg 1024w, https:\/\/www.reitverein-ellefeld.de\/wp-content\/uploads\/WhatsApp-Image-2025-11-10-at-21.23.55-5-300x200.jpeg 300w, https:\/\/www.reitverein-ellefeld.de\/wp-content\/uploads\/WhatsApp-Image-2025-11-10-at-21.23.55-5-768x511.jpeg 768w, https:\/\/www.reitverein-ellefeld.de\/wp-content\/uploads\/WhatsApp-Image-2025-11-10-at-21.23.55-5-1536x1022.jpeg 1536w, https:\/\/www.reitverein-ellefeld.de\/wp-content\/uploads\/WhatsApp-Image-2025-11-10-at-21.23.55-5.jpeg 1600w\" sizes=\"(max-width: 1024px) 100vw, 1024px\" \/><\/a><\/figure>\n\n\n\n<figure class=\"wp-block-image size-large\"><a href=\"https:\/\/www.reitverein-ellefeld.de\/wp-content\/uploads\/WhatsApp-Image-2025-11-10-at-21.23.55.jpeg\"><img decoding=\"async\" loading=\"lazy\" width=\"1024\" height=\"682\" data-id=\"63641\"  src=\"https:\/\/www.reitverein-ellefeld.de\/wp-content\/uploads\/WhatsApp-Image-2025-11-10-at-21.23.55-1024x682.jpeg\" alt=\"\" class=\"wp-image-63641\" srcset=\"https:\/\/www.reitverein-ellefeld.de\/wp-content\/uploads\/WhatsApp-Image-2025-11-10-at-21.23.55-1024x682.jpeg 1024w, https:\/\/www.reitverein-ellefeld.de\/wp-content\/uploads\/WhatsApp-Image-2025-11-10-at-21.23.55-300x200.jpeg 300w, https:\/\/www.reitverein-ellefeld.de\/wp-content\/uploads\/WhatsApp-Image-2025-11-10-at-21.23.55-768x512.jpeg 768w, https:\/\/www.reitverein-ellefeld.de\/wp-content\/uploads\/WhatsApp-Image-2025-11-10-at-21.23.55-1536x1023.jpeg 1536w, https:\/\/www.reitverein-ellefeld.de\/wp-content\/uploads\/WhatsApp-Image-2025-11-10-at-21.23.55.jpeg 1600w\" sizes=\"(max-width: 1024px) 100vw, 1024px\" \/><\/a><\/figure>\n\n\n\n<figure class=\"wp-block-image size-large\"><a href=\"https:\/\/www.reitverein-ellefeld.de\/wp-content\/uploads\/WhatsApp-Image-2025-11-10-at-21.24.27.jpeg\"><img decoding=\"async\" loading=\"lazy\" width=\"1024\" height=\"683\" data-id=\"63676\"  src=\"https:\/\/www.reitverein-ellefeld.de\/wp-content\/uploads\/WhatsApp-Image-2025-11-10-at-21.24.27-1024x683.jpeg\" alt=\"\" class=\"wp-image-63676\" srcset=\"https:\/\/www.reitverein-ellefeld.de\/wp-content\/uploads\/WhatsApp-Image-2025-11-10-at-21.24.27-1024x683.jpeg 1024w, https:\/\/www.reitverein-ellefeld.de\/wp-content\/uploads\/WhatsApp-Image-2025-11-10-at-21.24.27-300x200.jpeg 300w, https:\/\/www.reitverein-ellefeld.de\/wp-content\/uploads\/WhatsApp-Image-2025-11-10-at-21.24.27-768x512.jpeg 768w, https:\/\/www.reitverein-ellefeld.de\/wp-content\/uploads\/WhatsApp-Image-2025-11-10-at-21.24.27-1536x1024.jpeg 1536w, https:\/\/www.reitverein-ellefeld.de\/wp-content\/uploads\/WhatsApp-Image-2025-11-10-at-21.24.27.jpeg 1600w\" sizes=\"(max-width: 1024px) 100vw, 1024px\" \/><\/a><\/figure>\n\n\n\n<figure class=\"wp-block-image size-large\"><a href=\"https:\/\/www.reitverein-ellefeld.de\/wp-content\/uploads\/WhatsApp-Image-2025-11-10-at-21.24.30.jpeg\"><img decoding=\"async\" loading=\"lazy\" width=\"819\" height=\"1024\" data-id=\"63702\"  src=\"https:\/\/www.reitverein-ellefeld.de\/wp-content\/uploads\/WhatsApp-Image-2025-11-10-at-21.24.30-819x1024.jpeg\" alt=\"\" class=\"wp-image-63702\" srcset=\"https:\/\/www.reitverein-ellefeld.de\/wp-content\/uploads\/WhatsApp-Image-2025-11-10-at-21.24.30-819x1024.jpeg 819w, https:\/\/www.reitverein-ellefeld.de\/wp-content\/uploads\/WhatsApp-Image-2025-11-10-at-21.24.30-240x300.jpeg 240w, https:\/\/www.reitverein-ellefeld.de\/wp-content\/uploads\/WhatsApp-Image-2025-11-10-at-21.24.30-768x961.jpeg 768w, https:\/\/www.reitverein-ellefeld.de\/wp-content\/uploads\/WhatsApp-Image-2025-11-10-at-21.24.30-1228x1536.jpeg 1228w, https:\/\/www.reitverein-ellefeld.de\/wp-content\/uploads\/WhatsApp-Image-2025-11-10-at-21.24.30.jpeg 1279w\" sizes=\"(max-width: 819px) 100vw, 819px\" \/><\/a><\/figure>\n\n\n\n<figure class=\"wp-block-image size-large\"><a href=\"https:\/\/www.reitverein-ellefeld.de\/wp-content\/uploads\/WhatsApp-Image-2025-11-10-at-21.24.37-1.jpeg\"><img decoding=\"async\" loading=\"lazy\" width=\"768\" height=\"1024\" data-id=\"63708\"  src=\"https:\/\/www.reitverein-ellefeld.de\/wp-content\/uploads\/WhatsApp-Image-2025-11-10-at-21.24.37-1-768x1024.jpeg\" alt=\"\" class=\"wp-image-63708\" srcset=\"https:\/\/www.reitverein-ellefeld.de\/wp-content\/uploads\/WhatsApp-Image-2025-11-10-at-21.24.37-1-768x1024.jpeg 768w, https:\/\/www.reitverein-ellefeld.de\/wp-content\/uploads\/WhatsApp-Image-2025-11-10-at-21.24.37-1-225x300.jpeg 225w, https:\/\/www.reitverein-ellefeld.de\/wp-content\/uploads\/WhatsApp-Image-2025-11-10-at-21.24.37-1-1152x1536.jpeg 1152w, https:\/\/www.reitverein-ellefeld.de\/wp-content\/uploads\/WhatsApp-Image-2025-11-10-at-21.24.37-1.jpeg 1200w\" sizes=\"(max-width: 768px) 100vw, 768px\" \/><\/a><\/figure>\n\n\n\n<figure class=\"wp-block-image size-large\"><a href=\"https:\/\/www.reitverein-ellefeld.de\/wp-content\/uploads\/WhatsApp-Image-2025-11-10-at-21.24.37-2.jpeg\"><img decoding=\"async\" loading=\"lazy\" width=\"768\" height=\"1024\" data-id=\"63673\"  src=\"https:\/\/www.reitverein-ellefeld.de\/wp-content\/uploads\/WhatsApp-Image-2025-11-10-at-21.24.37-2-768x1024.jpeg\" alt=\"\" class=\"wp-image-63673\" srcset=\"https:\/\/www.reitverein-ellefeld.de\/wp-content\/uploads\/WhatsApp-Image-2025-11-10-at-21.24.37-2-768x1024.jpeg 768w, https:\/\/www.reitverein-ellefeld.de\/wp-content\/uploads\/WhatsApp-Image-2025-11-10-at-21.24.37-2-225x300.jpeg 225w, https:\/\/www.reitverein-ellefeld.de\/wp-content\/uploads\/WhatsApp-Image-2025-11-10-at-21.24.37-2-1152x1536.jpeg 1152w, https:\/\/www.reitverein-ellefeld.de\/wp-content\/uploads\/WhatsApp-Image-2025-11-10-at-21.24.37-2.jpeg 1200w\" sizes=\"(max-width: 768px) 100vw, 768px\" \/><\/a><\/figure>\n\n\n\n<figure class=\"wp-block-image size-large\"><a href=\"https:\/\/www.reitverein-ellefeld.de\/wp-content\/uploads\/WhatsApp-Image-2025-11-10-at-21.24.37-3.jpeg\"><img decoding=\"async\" loading=\"lazy\" width=\"768\" height=\"1024\" data-id=\"63678\"  src=\"https:\/\/www.reitverein-ellefeld.de\/wp-content\/uploads\/WhatsApp-Image-2025-11-10-at-21.24.37-3-768x1024.jpeg\" alt=\"\" class=\"wp-image-63678\" srcset=\"https:\/\/www.reitverein-ellefeld.de\/wp-content\/uploads\/WhatsApp-Image-2025-11-10-at-21.24.37-3-768x1024.jpeg 768w, https:\/\/www.reitverein-ellefeld.de\/wp-content\/uploads\/WhatsApp-Image-2025-11-10-at-21.24.37-3-225x300.jpeg 225w, https:\/\/www.reitverein-ellefeld.de\/wp-content\/uploads\/WhatsApp-Image-2025-11-10-at-21.24.37-3-1152x1536.jpeg 1152w, https:\/\/www.reitverein-ellefeld.de\/wp-content\/uploads\/WhatsApp-Image-2025-11-10-at-21.24.37-3.jpeg 1200w\" sizes=\"(max-width: 768px) 100vw, 768px\" \/><\/a><\/figure>\n\n\n\n<figure class=\"wp-block-image size-large\"><a href=\"https:\/\/www.reitverein-ellefeld.de\/wp-content\/uploads\/WhatsApp-Image-2025-11-10-at-21.24.37.jpeg\"><img decoding=\"async\" loading=\"lazy\" width=\"682\" height=\"1024\" data-id=\"63649\"  src=\"https:\/\/www.reitverein-ellefeld.de\/wp-content\/uploads\/WhatsApp-Image-2025-11-10-at-21.24.37-682x1024.jpeg\" alt=\"\" class=\"wp-image-63649\" srcset=\"https:\/\/www.reitverein-ellefeld.de\/wp-content\/uploads\/WhatsApp-Image-2025-11-10-at-21.24.37-682x1024.jpeg 682w, https:\/\/www.reitverein-ellefeld.de\/wp-content\/uploads\/WhatsApp-Image-2025-11-10-at-21.24.37-200x300.jpeg 200w, https:\/\/www.reitverein-ellefeld.de\/wp-content\/uploads\/WhatsApp-Image-2025-11-10-at-21.24.37-768x1153.jpeg 768w, https:\/\/www.reitverein-ellefeld.de\/wp-content\/uploads\/WhatsApp-Image-2025-11-10-at-21.24.37-1023x1536.jpeg 1023w, https:\/\/www.reitverein-ellefeld.de\/wp-content\/uploads\/WhatsApp-Image-2025-11-10-at-21.24.37.jpeg 1066w\" sizes=\"(max-width: 682px) 100vw, 682px\" \/><\/a><\/figure>\n\n\n\n<figure class=\"wp-block-image size-large\"><a href=\"https:\/\/www.reitverein-ellefeld.de\/wp-content\/uploads\/WhatsApp-Image-2025-11-10-at-21.24.38-1.jpeg\"><img decoding=\"async\" loading=\"lazy\" width=\"768\" height=\"1024\" data-id=\"63618\"  src=\"https:\/\/www.reitverein-ellefeld.de\/wp-content\/uploads\/WhatsApp-Image-2025-11-10-at-21.24.38-1-768x1024.jpeg\" alt=\"\" class=\"wp-image-63618\" srcset=\"https:\/\/www.reitverein-ellefeld.de\/wp-content\/uploads\/WhatsApp-Image-2025-11-10-at-21.24.38-1-768x1024.jpeg 768w, https:\/\/www.reitverein-ellefeld.de\/wp-content\/uploads\/WhatsApp-Image-2025-11-10-at-21.24.38-1-225x300.jpeg 225w, https:\/\/www.reitverein-ellefeld.de\/wp-content\/uploads\/WhatsApp-Image-2025-11-10-at-21.24.38-1-1152x1536.jpeg 1152w, https:\/\/www.reitverein-ellefeld.de\/wp-content\/uploads\/WhatsApp-Image-2025-11-10-at-21.24.38-1.jpeg 1200w\" sizes=\"(max-width: 768px) 100vw, 768px\" \/><\/a><\/figure>\n\n\n\n<figure class=\"wp-block-image size-large\"><a href=\"https:\/\/www.reitverein-ellefeld.de\/wp-content\/uploads\/WhatsApp-Image-2025-11-10-at-21.24.38-2.jpeg\"><img decoding=\"async\" loading=\"lazy\" width=\"682\" height=\"1024\" data-id=\"63627\"  src=\"https:\/\/www.reitverein-ellefeld.de\/wp-content\/uploads\/WhatsApp-Image-2025-11-10-at-21.24.38-2-682x1024.jpeg\" alt=\"\" class=\"wp-image-63627\" srcset=\"https:\/\/www.reitverein-ellefeld.de\/wp-content\/uploads\/WhatsApp-Image-2025-11-10-at-21.24.38-2-682x1024.jpeg 682w, https:\/\/www.reitverein-ellefeld.de\/wp-content\/uploads\/WhatsApp-Image-2025-11-10-at-21.24.38-2-200x300.jpeg 200w, https:\/\/www.reitverein-ellefeld.de\/wp-content\/uploads\/WhatsApp-Image-2025-11-10-at-21.24.38-2-768x1153.jpeg 768w, https:\/\/www.reitverein-ellefeld.de\/wp-content\/uploads\/WhatsApp-Image-2025-11-10-at-21.24.38-2-1023x1536.jpeg 1023w, https:\/\/www.reitverein-ellefeld.de\/wp-content\/uploads\/WhatsApp-Image-2025-11-10-at-21.24.38-2.jpeg 1066w\" sizes=\"(max-width: 682px) 100vw, 682px\" \/><\/a><\/figure>\n\n\n\n<figure class=\"wp-block-image size-large\"><a href=\"https:\/\/www.reitverein-ellefeld.de\/wp-content\/uploads\/WhatsApp-Image-2025-11-10-at-21.24.38-3.jpeg\"><img decoding=\"async\" loading=\"lazy\" width=\"1024\" height=\"682\" data-id=\"63623\"  src=\"https:\/\/www.reitverein-ellefeld.de\/wp-content\/uploads\/WhatsApp-Image-2025-11-10-at-21.24.38-3-1024x682.jpeg\" alt=\"\" class=\"wp-image-63623\" srcset=\"https:\/\/www.reitverein-ellefeld.de\/wp-content\/uploads\/WhatsApp-Image-2025-11-10-at-21.24.38-3-1024x682.jpeg 1024w, https:\/\/www.reitverein-ellefeld.de\/wp-content\/uploads\/WhatsApp-Image-2025-11-10-at-21.24.38-3-300x200.jpeg 300w, https:\/\/www.reitverein-ellefeld.de\/wp-content\/uploads\/WhatsApp-Image-2025-11-10-at-21.24.38-3-768x512.jpeg 768w, https:\/\/www.reitverein-ellefeld.de\/wp-content\/uploads\/WhatsApp-Image-2025-11-10-at-21.24.38-3-1536x1023.jpeg 1536w, https:\/\/www.reitverein-ellefeld.de\/wp-content\/uploads\/WhatsApp-Image-2025-11-10-at-21.24.38-3.jpeg 1600w\" sizes=\"(max-width: 1024px) 100vw, 1024px\" \/><\/a><\/figure>\n\n\n\n<figure class=\"wp-block-image size-large\"><a href=\"https:\/\/www.reitverein-ellefeld.de\/wp-content\/uploads\/WhatsApp-Image-2025-11-10-at-21.24.38-4.jpeg\"><img decoding=\"async\" loading=\"lazy\" width=\"1024\" height=\"682\" data-id=\"63665\"  src=\"https:\/\/www.reitverein-ellefeld.de\/wp-content\/uploads\/WhatsApp-Image-2025-11-10-at-21.24.38-4-1024x682.jpeg\" alt=\"\" class=\"wp-image-63665\" srcset=\"https:\/\/www.reitverein-ellefeld.de\/wp-content\/uploads\/WhatsApp-Image-2025-11-10-at-21.24.38-4-1024x682.jpeg 1024w, https:\/\/www.reitverein-ellefeld.de\/wp-content\/uploads\/WhatsApp-Image-2025-11-10-at-21.24.38-4-300x200.jpeg 300w, https:\/\/www.reitverein-ellefeld.de\/wp-content\/uploads\/WhatsApp-Image-2025-11-10-at-21.24.38-4-768x512.jpeg 768w, https:\/\/www.reitverein-ellefeld.de\/wp-content\/uploads\/WhatsApp-Image-2025-11-10-at-21.24.38-4-1536x1023.jpeg 1536w, https:\/\/www.reitverein-ellefeld.de\/wp-content\/uploads\/WhatsApp-Image-2025-11-10-at-21.24.38-4.jpeg 1600w\" sizes=\"(max-width: 1024px) 100vw, 1024px\" \/><\/a><\/figure>\n\n\n\n<figure class=\"wp-block-image size-large\"><a href=\"https:\/\/www.reitverein-ellefeld.de\/wp-content\/uploads\/WhatsApp-Image-2025-11-10-at-21.24.38-5.jpeg\"><img decoding=\"async\" loading=\"lazy\" width=\"1024\" height=\"682\" data-id=\"63730\"  src=\"https:\/\/www.reitverein-ellefeld.de\/wp-content\/uploads\/WhatsApp-Image-2025-11-10-at-21.24.38-5-1024x682.jpeg\" alt=\"\" class=\"wp-image-63730\" srcset=\"https:\/\/www.reitverein-ellefeld.de\/wp-content\/uploads\/WhatsApp-Image-2025-11-10-at-21.24.38-5-1024x682.jpeg 1024w, https:\/\/www.reitverein-ellefeld.de\/wp-content\/uploads\/WhatsApp-Image-2025-11-10-at-21.24.38-5-300x200.jpeg 300w, https:\/\/www.reitverein-ellefeld.de\/wp-content\/uploads\/WhatsApp-Image-2025-11-10-at-21.24.38-5-768x512.jpeg 768w, https:\/\/www.reitverein-ellefeld.de\/wp-content\/uploads\/WhatsApp-Image-2025-11-10-at-21.24.38-5-1536x1023.jpeg 1536w, https:\/\/www.reitverein-ellefeld.de\/wp-content\/uploads\/WhatsApp-Image-2025-11-10-at-21.24.38-5.jpeg 1600w\" sizes=\"(max-width: 1024px) 100vw, 1024px\" \/><\/a><\/figure>\n\n\n\n<figure class=\"wp-block-image size-large\"><a href=\"https:\/\/www.reitverein-ellefeld.de\/wp-content\/uploads\/WhatsApp-Image-2025-11-10-at-21.24.38-6.jpeg\"><img decoding=\"async\" loading=\"lazy\" width=\"1024\" height=\"682\" data-id=\"63652\"  src=\"https:\/\/www.reitverein-ellefeld.de\/wp-content\/uploads\/WhatsApp-Image-2025-11-10-at-21.24.38-6-1024x682.jpeg\" alt=\"\" class=\"wp-image-63652\" srcset=\"https:\/\/www.reitverein-ellefeld.de\/wp-content\/uploads\/WhatsApp-Image-2025-11-10-at-21.24.38-6-1024x682.jpeg 1024w, https:\/\/www.reitverein-ellefeld.de\/wp-content\/uploads\/WhatsApp-Image-2025-11-10-at-21.24.38-6-300x200.jpeg 300w, https:\/\/www.reitverein-ellefeld.de\/wp-content\/uploads\/WhatsApp-Image-2025-11-10-at-21.24.38-6-768x512.jpeg 768w, https:\/\/www.reitverein-ellefeld.de\/wp-content\/uploads\/WhatsApp-Image-2025-11-10-at-21.24.38-6-1536x1023.jpeg 1536w, https:\/\/www.reitverein-ellefeld.de\/wp-content\/uploads\/WhatsApp-Image-2025-11-10-at-21.24.38-6.jpeg 1600w\" sizes=\"(max-width: 1024px) 100vw, 1024px\" \/><\/a><\/figure>\n\n\n\n<figure class=\"wp-block-image size-large\"><a href=\"https:\/\/www.reitverein-ellefeld.de\/wp-content\/uploads\/WhatsApp-Image-2025-11-10-at-21.24.38-7.jpeg\"><img decoding=\"async\" loading=\"lazy\" width=\"1024\" height=\"683\" data-id=\"63717\"  src=\"https:\/\/www.reitverein-ellefeld.de\/wp-content\/uploads\/WhatsApp-Image-2025-11-10-at-21.24.38-7-1024x683.jpeg\" alt=\"\" class=\"wp-image-63717\" srcset=\"https:\/\/www.reitverein-ellefeld.de\/wp-content\/uploads\/WhatsApp-Image-2025-11-10-at-21.24.38-7-1024x683.jpeg 1024w, https:\/\/www.reitverein-ellefeld.de\/wp-content\/uploads\/WhatsApp-Image-2025-11-10-at-21.24.38-7-300x200.jpeg 300w, https:\/\/www.reitverein-ellefeld.de\/wp-content\/uploads\/WhatsApp-Image-2025-11-10-at-21.24.38-7-768x512.jpeg 768w, https:\/\/www.reitverein-ellefeld.de\/wp-content\/uploads\/WhatsApp-Image-2025-11-10-at-21.24.38-7-1536x1024.jpeg 1536w, https:\/\/www.reitverein-ellefeld.de\/wp-content\/uploads\/WhatsApp-Image-2025-11-10-at-21.24.38-7.jpeg 1600w\" sizes=\"(max-width: 1024px) 100vw, 1024px\" \/><\/a><\/figure>\n\n\n\n<figure class=\"wp-block-image size-large\"><a href=\"https:\/\/www.reitverein-ellefeld.de\/wp-content\/uploads\/WhatsApp-Image-2025-11-10-at-21.24.38.jpeg\"><img decoding=\"async\" loading=\"lazy\" width=\"768\" height=\"1024\" data-id=\"63634\"  src=\"https:\/\/www.reitverein-ellefeld.de\/wp-content\/uploads\/WhatsApp-Image-2025-11-10-at-21.24.38-768x1024.jpeg\" alt=\"\" class=\"wp-image-63634\" srcset=\"https:\/\/www.reitverein-ellefeld.de\/wp-content\/uploads\/WhatsApp-Image-2025-11-10-at-21.24.38-768x1024.jpeg 768w, https:\/\/www.reitverein-ellefeld.de\/wp-content\/uploads\/WhatsApp-Image-2025-11-10-at-21.24.38-225x300.jpeg 225w, https:\/\/www.reitverein-ellefeld.de\/wp-content\/uploads\/WhatsApp-Image-2025-11-10-at-21.24.38-1152x1536.jpeg 1152w, https:\/\/www.reitverein-ellefeld.de\/wp-content\/uploads\/WhatsApp-Image-2025-11-10-at-21.24.38.jpeg 1200w\" sizes=\"(max-width: 768px) 100vw, 768px\" \/><\/a><\/figure>\n\n\n\n<figure class=\"wp-block-image size-large\"><a href=\"https:\/\/www.reitverein-ellefeld.de\/wp-content\/uploads\/WhatsApp-Image-2025-11-10-at-21.24.39-1.jpeg\"><img decoding=\"async\" loading=\"lazy\" width=\"1024\" height=\"682\" data-id=\"63642\"  src=\"https:\/\/www.reitverein-ellefeld.de\/wp-content\/uploads\/WhatsApp-Image-2025-11-10-at-21.24.39-1-1024x682.jpeg\" alt=\"\" class=\"wp-image-63642\" srcset=\"https:\/\/www.reitverein-ellefeld.de\/wp-content\/uploads\/WhatsApp-Image-2025-11-10-at-21.24.39-1-1024x682.jpeg 1024w, https:\/\/www.reitverein-ellefeld.de\/wp-content\/uploads\/WhatsApp-Image-2025-11-10-at-21.24.39-1-300x200.jpeg 300w, https:\/\/www.reitverein-ellefeld.de\/wp-content\/uploads\/WhatsApp-Image-2025-11-10-at-21.24.39-1-768x512.jpeg 768w, https:\/\/www.reitverein-ellefeld.de\/wp-content\/uploads\/WhatsApp-Image-2025-11-10-at-21.24.39-1-1536x1023.jpeg 1536w, https:\/\/www.reitverein-ellefeld.de\/wp-content\/uploads\/WhatsApp-Image-2025-11-10-at-21.24.39-1.jpeg 1600w\" sizes=\"(max-width: 1024px) 100vw, 1024px\" \/><\/a><\/figure>\n\n\n\n<figure class=\"wp-block-image size-large\"><a href=\"https:\/\/www.reitverein-ellefeld.de\/wp-content\/uploads\/WhatsApp-Image-2025-11-10-at-21.24.39-2.jpeg\"><img decoding=\"async\" loading=\"lazy\" width=\"682\" height=\"1024\" data-id=\"63656\"  src=\"https:\/\/www.reitverein-ellefeld.de\/wp-content\/uploads\/WhatsApp-Image-2025-11-10-at-21.24.39-2-682x1024.jpeg\" alt=\"\" class=\"wp-image-63656\" srcset=\"https:\/\/www.reitverein-ellefeld.de\/wp-content\/uploads\/WhatsApp-Image-2025-11-10-at-21.24.39-2-682x1024.jpeg 682w, https:\/\/www.reitverein-ellefeld.de\/wp-content\/uploads\/WhatsApp-Image-2025-11-10-at-21.24.39-2-200x300.jpeg 200w, https:\/\/www.reitverein-ellefeld.de\/wp-content\/uploads\/WhatsApp-Image-2025-11-10-at-21.24.39-2-768x1153.jpeg 768w, https:\/\/www.reitverein-ellefeld.de\/wp-content\/uploads\/WhatsApp-Image-2025-11-10-at-21.24.39-2-1023x1536.jpeg 1023w, https:\/\/www.reitverein-ellefeld.de\/wp-content\/uploads\/WhatsApp-Image-2025-11-10-at-21.24.39-2.jpeg 1066w\" sizes=\"(max-width: 682px) 100vw, 682px\" \/><\/a><\/figure>\n\n\n\n<figure class=\"wp-block-image size-large\"><a href=\"https:\/\/www.reitverein-ellefeld.de\/wp-content\/uploads\/WhatsApp-Image-2025-11-10-at-21.24.39-3.jpeg\"><img decoding=\"async\" loading=\"lazy\" width=\"1024\" height=\"682\" data-id=\"63695\"  src=\"https:\/\/www.reitverein-ellefeld.de\/wp-content\/uploads\/WhatsApp-Image-2025-11-10-at-21.24.39-3-1024x682.jpeg\" alt=\"\" class=\"wp-image-63695\" srcset=\"https:\/\/www.reitverein-ellefeld.de\/wp-content\/uploads\/WhatsApp-Image-2025-11-10-at-21.24.39-3-1024x682.jpeg 1024w, https:\/\/www.reitverein-ellefeld.de\/wp-content\/uploads\/WhatsApp-Image-2025-11-10-at-21.24.39-3-300x200.jpeg 300w, https:\/\/www.reitverein-ellefeld.de\/wp-content\/uploads\/WhatsApp-Image-2025-11-10-at-21.24.39-3-768x512.jpeg 768w, https:\/\/www.reitverein-ellefeld.de\/wp-content\/uploads\/WhatsApp-Image-2025-11-10-at-21.24.39-3-1536x1023.jpeg 1536w, https:\/\/www.reitverein-ellefeld.de\/wp-content\/uploads\/WhatsApp-Image-2025-11-10-at-21.24.39-3.jpeg 1600w\" sizes=\"(max-width: 1024px) 100vw, 1024px\" \/><\/a><\/figure>\n\n\n\n<figure class=\"wp-block-image size-large\"><a href=\"https:\/\/www.reitverein-ellefeld.de\/wp-content\/uploads\/WhatsApp-Image-2025-11-10-at-21.24.39-4.jpeg\"><img decoding=\"async\" loading=\"lazy\" width=\"1024\" height=\"682\" data-id=\"63727\"  src=\"https:\/\/www.reitverein-ellefeld.de\/wp-content\/uploads\/WhatsApp-Image-2025-11-10-at-21.24.39-4-1024x682.jpeg\" alt=\"\" class=\"wp-image-63727\" srcset=\"https:\/\/www.reitverein-ellefeld.de\/wp-content\/uploads\/WhatsApp-Image-2025-11-10-at-21.24.39-4-1024x682.jpeg 1024w, https:\/\/www.reitverein-ellefeld.de\/wp-content\/uploads\/WhatsApp-Image-2025-11-10-at-21.24.39-4-300x200.jpeg 300w, https:\/\/www.reitverein-ellefeld.de\/wp-content\/uploads\/WhatsApp-Image-2025-11-10-at-21.24.39-4-768x512.jpeg 768w, https:\/\/www.reitverein-ellefeld.de\/wp-content\/uploads\/WhatsApp-Image-2025-11-10-at-21.24.39-4-1536x1023.jpeg 1536w, https:\/\/www.reitverein-ellefeld.de\/wp-content\/uploads\/WhatsApp-Image-2025-11-10-at-21.24.39-4.jpeg 1600w\" sizes=\"(max-width: 1024px) 100vw, 1024px\" \/><\/a><\/figure>\n\n\n\n<figure class=\"wp-block-image size-large\"><a href=\"https:\/\/www.reitverein-ellefeld.de\/wp-content\/uploads\/WhatsApp-Image-2025-11-10-at-21.24.39-5.jpeg\"><img decoding=\"async\" loading=\"lazy\" width=\"1024\" height=\"682\" data-id=\"63721\"  src=\"https:\/\/www.reitverein-ellefeld.de\/wp-content\/uploads\/WhatsApp-Image-2025-11-10-at-21.24.39-5-1024x682.jpeg\" alt=\"\" class=\"wp-image-63721\" srcset=\"https:\/\/www.reitverein-ellefeld.de\/wp-content\/uploads\/WhatsApp-Image-2025-11-10-at-21.24.39-5-1024x682.jpeg 1024w, https:\/\/www.reitverein-ellefeld.de\/wp-content\/uploads\/WhatsApp-Image-2025-11-10-at-21.24.39-5-300x200.jpeg 300w, https:\/\/www.reitverein-ellefeld.de\/wp-content\/uploads\/WhatsApp-Image-2025-11-10-at-21.24.39-5-768x511.jpeg 768w, https:\/\/www.reitverein-ellefeld.de\/wp-content\/uploads\/WhatsApp-Image-2025-11-10-at-21.24.39-5-1536x1022.jpeg 1536w, https:\/\/www.reitverein-ellefeld.de\/wp-content\/uploads\/WhatsApp-Image-2025-11-10-at-21.24.39-5.jpeg 1600w\" sizes=\"(max-width: 1024px) 100vw, 1024px\" \/><\/a><\/figure>\n\n\n\n<figure class=\"wp-block-image size-large\"><a href=\"https:\/\/www.reitverein-ellefeld.de\/wp-content\/uploads\/WhatsApp-Image-2025-11-10-at-21.24.39-6.jpeg\"><img decoding=\"async\" loading=\"lazy\" width=\"682\" height=\"1024\" data-id=\"63659\"  src=\"https:\/\/www.reitverein-ellefeld.de\/wp-content\/uploads\/WhatsApp-Image-2025-11-10-at-21.24.39-6-682x1024.jpeg\" alt=\"\" class=\"wp-image-63659\" srcset=\"https:\/\/www.reitverein-ellefeld.de\/wp-content\/uploads\/WhatsApp-Image-2025-11-10-at-21.24.39-6-682x1024.jpeg 682w, https:\/\/www.reitverein-ellefeld.de\/wp-content\/uploads\/WhatsApp-Image-2025-11-10-at-21.24.39-6-200x300.jpeg 200w, https:\/\/www.reitverein-ellefeld.de\/wp-content\/uploads\/WhatsApp-Image-2025-11-10-at-21.24.39-6-768x1153.jpeg 768w, https:\/\/www.reitverein-ellefeld.de\/wp-content\/uploads\/WhatsApp-Image-2025-11-10-at-21.24.39-6-1023x1536.jpeg 1023w, https:\/\/www.reitverein-ellefeld.de\/wp-content\/uploads\/WhatsApp-Image-2025-11-10-at-21.24.39-6.jpeg 1066w\" sizes=\"(max-width: 682px) 100vw, 682px\" \/><\/a><\/figure>\n\n\n\n<figure class=\"wp-block-image size-large\"><a href=\"https:\/\/www.reitverein-ellefeld.de\/wp-content\/uploads\/WhatsApp-Image-2025-11-10-at-21.24.39-7.jpeg\"><img decoding=\"async\" loading=\"lazy\" width=\"682\" height=\"1024\" data-id=\"63653\"  src=\"https:\/\/www.reitverein-ellefeld.de\/wp-content\/uploads\/WhatsApp-Image-2025-11-10-at-21.24.39-7-682x1024.jpeg\" alt=\"\" class=\"wp-image-63653\" srcset=\"https:\/\/www.reitverein-ellefeld.de\/wp-content\/uploads\/WhatsApp-Image-2025-11-10-at-21.24.39-7-682x1024.jpeg 682w, https:\/\/www.reitverein-ellefeld.de\/wp-content\/uploads\/WhatsApp-Image-2025-11-10-at-21.24.39-7-200x300.jpeg 200w, https:\/\/www.reitverein-ellefeld.de\/wp-content\/uploads\/WhatsApp-Image-2025-11-10-at-21.24.39-7-768x1153.jpeg 768w, https:\/\/www.reitverein-ellefeld.de\/wp-content\/uploads\/WhatsApp-Image-2025-11-10-at-21.24.39-7-1023x1536.jpeg 1023w, https:\/\/www.reitverein-ellefeld.de\/wp-content\/uploads\/WhatsApp-Image-2025-11-10-at-21.24.39-7.jpeg 1066w\" sizes=\"(max-width: 682px) 100vw, 682px\" \/><\/a><\/figure>\n\n\n\n<figure class=\"wp-block-image size-large\"><a href=\"https:\/\/www.reitverein-ellefeld.de\/wp-content\/uploads\/WhatsApp-Image-2025-11-10-at-21.24.39.jpeg\"><img decoding=\"async\" loading=\"lazy\" width=\"1024\" height=\"682\" data-id=\"63693\"  src=\"https:\/\/www.reitverein-ellefeld.de\/wp-content\/uploads\/WhatsApp-Image-2025-11-10-at-21.24.39-1024x682.jpeg\" alt=\"\" class=\"wp-image-63693\" srcset=\"https:\/\/www.reitverein-ellefeld.de\/wp-content\/uploads\/WhatsApp-Image-2025-11-10-at-21.24.39-1024x682.jpeg 1024w, https:\/\/www.reitverein-ellefeld.de\/wp-content\/uploads\/WhatsApp-Image-2025-11-10-at-21.24.39-300x200.jpeg 300w, https:\/\/www.reitverein-ellefeld.de\/wp-content\/uploads\/WhatsApp-Image-2025-11-10-at-21.24.39-768x512.jpeg 768w, https:\/\/www.reitverein-ellefeld.de\/wp-content\/uploads\/WhatsApp-Image-2025-11-10-at-21.24.39-1536x1023.jpeg 1536w, https:\/\/www.reitverein-ellefeld.de\/wp-content\/uploads\/WhatsApp-Image-2025-11-10-at-21.24.39.jpeg 1600w\" sizes=\"(max-width: 1024px) 100vw, 1024px\" \/><\/a><\/figure>\n\n\n\n<figure class=\"wp-block-image size-large\"><a href=\"https:\/\/www.reitverein-ellefeld.de\/wp-content\/uploads\/WhatsApp-Image-2025-11-10-at-21.25.32-1.jpeg\"><img decoding=\"async\" loading=\"lazy\" width=\"1024\" height=\"682\" data-id=\"63669\"  src=\"https:\/\/www.reitverein-ellefeld.de\/wp-content\/uploads\/WhatsApp-Image-2025-11-10-at-21.25.32-1-1024x682.jpeg\" alt=\"\" class=\"wp-image-63669\" srcset=\"https:\/\/www.reitverein-ellefeld.de\/wp-content\/uploads\/WhatsApp-Image-2025-11-10-at-21.25.32-1-1024x682.jpeg 1024w, https:\/\/www.reitverein-ellefeld.de\/wp-content\/uploads\/WhatsApp-Image-2025-11-10-at-21.25.32-1-300x200.jpeg 300w, https:\/\/www.reitverein-ellefeld.de\/wp-content\/uploads\/WhatsApp-Image-2025-11-10-at-21.25.32-1-768x512.jpeg 768w, https:\/\/www.reitverein-ellefeld.de\/wp-content\/uploads\/WhatsApp-Image-2025-11-10-at-21.25.32-1-1536x1023.jpeg 1536w, https:\/\/www.reitverein-ellefeld.de\/wp-content\/uploads\/WhatsApp-Image-2025-11-10-at-21.25.32-1.jpeg 1600w\" sizes=\"(max-width: 1024px) 100vw, 1024px\" \/><\/a><\/figure>\n\n\n\n<figure class=\"wp-block-image size-large\"><a href=\"https:\/\/www.reitverein-ellefeld.de\/wp-content\/uploads\/WhatsApp-Image-2025-11-10-at-21.25.32-2.jpeg\"><img decoding=\"async\" loading=\"lazy\" width=\"1024\" height=\"682\" data-id=\"63672\"  src=\"https:\/\/www.reitverein-ellefeld.de\/wp-content\/uploads\/WhatsApp-Image-2025-11-10-at-21.25.32-2-1024x682.jpeg\" alt=\"\" class=\"wp-image-63672\" srcset=\"https:\/\/www.reitverein-ellefeld.de\/wp-content\/uploads\/WhatsApp-Image-2025-11-10-at-21.25.32-2-1024x682.jpeg 1024w, https:\/\/www.reitverein-ellefeld.de\/wp-content\/uploads\/WhatsApp-Image-2025-11-10-at-21.25.32-2-300x200.jpeg 300w, https:\/\/www.reitverein-ellefeld.de\/wp-content\/uploads\/WhatsApp-Image-2025-11-10-at-21.25.32-2-768x512.jpeg 768w, https:\/\/www.reitverein-ellefeld.de\/wp-content\/uploads\/WhatsApp-Image-2025-11-10-at-21.25.32-2-1536x1023.jpeg 1536w, https:\/\/www.reitverein-ellefeld.de\/wp-content\/uploads\/WhatsApp-Image-2025-11-10-at-21.25.32-2.jpeg 1600w\" sizes=\"(max-width: 1024px) 100vw, 1024px\" \/><\/a><\/figure>\n\n\n\n<figure class=\"wp-block-image size-large\"><a href=\"https:\/\/www.reitverein-ellefeld.de\/wp-content\/uploads\/WhatsApp-Image-2025-11-10-at-21.25.32-3.jpeg\"><img decoding=\"async\" loading=\"lazy\" width=\"1024\" height=\"682\" data-id=\"63683\"  src=\"https:\/\/www.reitverein-ellefeld.de\/wp-content\/uploads\/WhatsApp-Image-2025-11-10-at-21.25.32-3-1024x682.jpeg\" alt=\"\" class=\"wp-image-63683\" srcset=\"https:\/\/www.reitverein-ellefeld.de\/wp-content\/uploads\/WhatsApp-Image-2025-11-10-at-21.25.32-3-1024x682.jpeg 1024w, https:\/\/www.reitverein-ellefeld.de\/wp-content\/uploads\/WhatsApp-Image-2025-11-10-at-21.25.32-3-300x200.jpeg 300w, https:\/\/www.reitverein-ellefeld.de\/wp-content\/uploads\/WhatsApp-Image-2025-11-10-at-21.25.32-3-768x512.jpeg 768w, https:\/\/www.reitverein-ellefeld.de\/wp-content\/uploads\/WhatsApp-Image-2025-11-10-at-21.25.32-3-1536x1023.jpeg 1536w, https:\/\/www.reitverein-ellefeld.de\/wp-content\/uploads\/WhatsApp-Image-2025-11-10-at-21.25.32-3.jpeg 1600w\" sizes=\"(max-width: 1024px) 100vw, 1024px\" \/><\/a><\/figure>\n\n\n\n<figure class=\"wp-block-image size-large\"><a href=\"https:\/\/www.reitverein-ellefeld.de\/wp-content\/uploads\/WhatsApp-Image-2025-11-10-at-21.25.32-4.jpeg\"><img decoding=\"async\" loading=\"lazy\" width=\"682\" height=\"1024\" data-id=\"63661\"  src=\"https:\/\/www.reitverein-ellefeld.de\/wp-content\/uploads\/WhatsApp-Image-2025-11-10-at-21.25.32-4-682x1024.jpeg\" alt=\"\" class=\"wp-image-63661\" srcset=\"https:\/\/www.reitverein-ellefeld.de\/wp-content\/uploads\/WhatsApp-Image-2025-11-10-at-21.25.32-4-682x1024.jpeg 682w, https:\/\/www.reitverein-ellefeld.de\/wp-content\/uploads\/WhatsApp-Image-2025-11-10-at-21.25.32-4-200x300.jpeg 200w, https:\/\/www.reitverein-ellefeld.de\/wp-content\/uploads\/WhatsApp-Image-2025-11-10-at-21.25.32-4-768x1153.jpeg 768w, https:\/\/www.reitverein-ellefeld.de\/wp-content\/uploads\/WhatsApp-Image-2025-11-10-at-21.25.32-4-1023x1536.jpeg 1023w, https:\/\/www.reitverein-ellefeld.de\/wp-content\/uploads\/WhatsApp-Image-2025-11-10-at-21.25.32-4.jpeg 1066w\" sizes=\"(max-width: 682px) 100vw, 682px\" \/><\/a><\/figure>\n\n\n\n<figure class=\"wp-block-image size-large\"><a href=\"https:\/\/www.reitverein-ellefeld.de\/wp-content\/uploads\/WhatsApp-Image-2025-11-10-at-21.25.32.jpeg\"><img decoding=\"async\" loading=\"lazy\" width=\"1024\" height=\"682\" data-id=\"63662\"  src=\"https:\/\/www.reitverein-ellefeld.de\/wp-content\/uploads\/WhatsApp-Image-2025-11-10-at-21.25.32-1024x682.jpeg\" alt=\"\" class=\"wp-image-63662\" srcset=\"https:\/\/www.reitverein-ellefeld.de\/wp-content\/uploads\/WhatsApp-Image-2025-11-10-at-21.25.32-1024x682.jpeg 1024w, https:\/\/www.reitverein-ellefeld.de\/wp-content\/uploads\/WhatsApp-Image-2025-11-10-at-21.25.32-300x200.jpeg 300w, https:\/\/www.reitverein-ellefeld.de\/wp-content\/uploads\/WhatsApp-Image-2025-11-10-at-21.25.32-768x512.jpeg 768w, https:\/\/www.reitverein-ellefeld.de\/wp-content\/uploads\/WhatsApp-Image-2025-11-10-at-21.25.32-1536x1023.jpeg 1536w, https:\/\/www.reitverein-ellefeld.de\/wp-content\/uploads\/WhatsApp-Image-2025-11-10-at-21.25.32.jpeg 1600w\" sizes=\"(max-width: 1024px) 100vw, 1024px\" \/><\/a><\/figure>\n\n\n\n<figure class=\"wp-block-image size-large\"><a href=\"https:\/\/www.reitverein-ellefeld.de\/wp-content\/uploads\/WhatsApp-Image-2025-11-10-at-21.25.33-1.jpeg\"><img decoding=\"async\" loading=\"lazy\" width=\"1024\" height=\"682\" data-id=\"63724\"  src=\"https:\/\/www.reitverein-ellefeld.de\/wp-content\/uploads\/WhatsApp-Image-2025-11-10-at-21.25.33-1-1024x682.jpeg\" alt=\"\" class=\"wp-image-63724\" srcset=\"https:\/\/www.reitverein-ellefeld.de\/wp-content\/uploads\/WhatsApp-Image-2025-11-10-at-21.25.33-1-1024x682.jpeg 1024w, https:\/\/www.reitverein-ellefeld.de\/wp-content\/uploads\/WhatsApp-Image-2025-11-10-at-21.25.33-1-300x200.jpeg 300w, https:\/\/www.reitverein-ellefeld.de\/wp-content\/uploads\/WhatsApp-Image-2025-11-10-at-21.25.33-1-768x511.jpeg 768w, https:\/\/www.reitverein-ellefeld.de\/wp-content\/uploads\/WhatsApp-Image-2025-11-10-at-21.25.33-1-1536x1022.jpeg 1536w, https:\/\/www.reitverein-ellefeld.de\/wp-content\/uploads\/WhatsApp-Image-2025-11-10-at-21.25.33-1.jpeg 1600w\" sizes=\"(max-width: 1024px) 100vw, 1024px\" \/><\/a><\/figure>\n\n\n\n<figure class=\"wp-block-image size-large\"><a href=\"https:\/\/www.reitverein-ellefeld.de\/wp-content\/uploads\/WhatsApp-Image-2025-11-10-at-21.25.33.jpeg\"><img decoding=\"async\" loading=\"lazy\" width=\"1024\" height=\"682\" data-id=\"63707\"  src=\"https:\/\/www.reitverein-ellefeld.de\/wp-content\/uploads\/WhatsApp-Image-2025-11-10-at-21.25.33-1024x682.jpeg\" alt=\"\" class=\"wp-image-63707\" srcset=\"https:\/\/www.reitverein-ellefeld.de\/wp-content\/uploads\/WhatsApp-Image-2025-11-10-at-21.25.33-1024x682.jpeg 1024w, https:\/\/www.reitverein-ellefeld.de\/wp-content\/uploads\/WhatsApp-Image-2025-11-10-at-21.25.33-300x200.jpeg 300w, https:\/\/www.reitverein-ellefeld.de\/wp-content\/uploads\/WhatsApp-Image-2025-11-10-at-21.25.33-768x511.jpeg 768w, https:\/\/www.reitverein-ellefeld.de\/wp-content\/uploads\/WhatsApp-Image-2025-11-10-at-21.25.33-1536x1022.jpeg 1536w, https:\/\/www.reitverein-ellefeld.de\/wp-content\/uploads\/WhatsApp-Image-2025-11-10-at-21.25.33.jpeg 1600w\" sizes=\"(max-width: 1024px) 100vw, 1024px\" \/><\/a><\/figure>\n\n\n\n<figure class=\"wp-block-image size-large\"><a href=\"https:\/\/www.reitverein-ellefeld.de\/wp-content\/uploads\/WhatsApp-Image-2025-11-10-at-21.25.55-1.jpeg\"><img decoding=\"async\" loading=\"lazy\" width=\"1024\" height=\"683\" data-id=\"63704\"  src=\"https:\/\/www.reitverein-ellefeld.de\/wp-content\/uploads\/WhatsApp-Image-2025-11-10-at-21.25.55-1-1024x683.jpeg\" alt=\"\" class=\"wp-image-63704\" srcset=\"https:\/\/www.reitverein-ellefeld.de\/wp-content\/uploads\/WhatsApp-Image-2025-11-10-at-21.25.55-1-1024x683.jpeg 1024w, https:\/\/www.reitverein-ellefeld.de\/wp-content\/uploads\/WhatsApp-Image-2025-11-10-at-21.25.55-1-300x200.jpeg 300w, https:\/\/www.reitverein-ellefeld.de\/wp-content\/uploads\/WhatsApp-Image-2025-11-10-at-21.25.55-1-768x512.jpeg 768w, https:\/\/www.reitverein-ellefeld.de\/wp-content\/uploads\/WhatsApp-Image-2025-11-10-at-21.25.55-1-1536x1024.jpeg 1536w, https:\/\/www.reitverein-ellefeld.de\/wp-content\/uploads\/WhatsApp-Image-2025-11-10-at-21.25.55-1.jpeg 1600w\" sizes=\"(max-width: 1024px) 100vw, 1024px\" \/><\/a><\/figure>\n\n\n\n<figure class=\"wp-block-image size-large\"><a href=\"https:\/\/www.reitverein-ellefeld.de\/wp-content\/uploads\/WhatsApp-Image-2025-11-10-at-21.25.55-2.jpeg\"><img decoding=\"async\" loading=\"lazy\" width=\"1024\" height=\"682\" data-id=\"63723\"  src=\"https:\/\/www.reitverein-ellefeld.de\/wp-content\/uploads\/WhatsApp-Image-2025-11-10-at-21.25.55-2-1024x682.jpeg\" alt=\"\" class=\"wp-image-63723\" srcset=\"https:\/\/www.reitverein-ellefeld.de\/wp-content\/uploads\/WhatsApp-Image-2025-11-10-at-21.25.55-2-1024x682.jpeg 1024w, https:\/\/www.reitverein-ellefeld.de\/wp-content\/uploads\/WhatsApp-Image-2025-11-10-at-21.25.55-2-300x200.jpeg 300w, https:\/\/www.reitverein-ellefeld.de\/wp-content\/uploads\/WhatsApp-Image-2025-11-10-at-21.25.55-2-768x511.jpeg 768w, https:\/\/www.reitverein-ellefeld.de\/wp-content\/uploads\/WhatsApp-Image-2025-11-10-at-21.25.55-2-1536x1022.jpeg 1536w, https:\/\/www.reitverein-ellefeld.de\/wp-content\/uploads\/WhatsApp-Image-2025-11-10-at-21.25.55-2.jpeg 1600w\" sizes=\"(max-width: 1024px) 100vw, 1024px\" \/><\/a><\/figure>\n\n\n\n<figure class=\"wp-block-image size-large\"><a href=\"https:\/\/www.reitverein-ellefeld.de\/wp-content\/uploads\/WhatsApp-Image-2025-11-10-at-21.25.55-3.jpeg\"><img decoding=\"async\" loading=\"lazy\" width=\"1024\" height=\"683\" data-id=\"63726\"  src=\"https:\/\/www.reitverein-ellefeld.de\/wp-content\/uploads\/WhatsApp-Image-2025-11-10-at-21.25.55-3-1024x683.jpeg\" alt=\"\" class=\"wp-image-63726\" srcset=\"https:\/\/www.reitverein-ellefeld.de\/wp-content\/uploads\/WhatsApp-Image-2025-11-10-at-21.25.55-3-1024x683.jpeg 1024w, https:\/\/www.reitverein-ellefeld.de\/wp-content\/uploads\/WhatsApp-Image-2025-11-10-at-21.25.55-3-300x200.jpeg 300w, https:\/\/www.reitverein-ellefeld.de\/wp-content\/uploads\/WhatsApp-Image-2025-11-10-at-21.25.55-3-768x512.jpeg 768w, https:\/\/www.reitverein-ellefeld.de\/wp-content\/uploads\/WhatsApp-Image-2025-11-10-at-21.25.55-3-1536x1024.jpeg 1536w, https:\/\/www.reitverein-ellefeld.de\/wp-content\/uploads\/WhatsApp-Image-2025-11-10-at-21.25.55-3.jpeg 1600w\" sizes=\"(max-width: 1024px) 100vw, 1024px\" \/><\/a><\/figure>\n\n\n\n<figure class=\"wp-block-image size-large\"><a href=\"https:\/\/www.reitverein-ellefeld.de\/wp-content\/uploads\/WhatsApp-Image-2025-11-10-at-21.25.55-4.jpeg\"><img decoding=\"async\" loading=\"lazy\" width=\"1024\" height=\"682\" data-id=\"63646\"  src=\"https:\/\/www.reitverein-ellefeld.de\/wp-content\/uploads\/WhatsApp-Image-2025-11-10-at-21.25.55-4-1024x682.jpeg\" alt=\"\" class=\"wp-image-63646\" srcset=\"https:\/\/www.reitverein-ellefeld.de\/wp-content\/uploads\/WhatsApp-Image-2025-11-10-at-21.25.55-4-1024x682.jpeg 1024w, https:\/\/www.reitverein-ellefeld.de\/wp-content\/uploads\/WhatsApp-Image-2025-11-10-at-21.25.55-4-300x200.jpeg 300w, https:\/\/www.reitverein-ellefeld.de\/wp-content\/uploads\/WhatsApp-Image-2025-11-10-at-21.25.55-4-768x512.jpeg 768w, https:\/\/www.reitverein-ellefeld.de\/wp-content\/uploads\/WhatsApp-Image-2025-11-10-at-21.25.55-4-1536x1023.jpeg 1536w, https:\/\/www.reitverein-ellefeld.de\/wp-content\/uploads\/WhatsApp-Image-2025-11-10-at-21.25.55-4.jpeg 1600w\" sizes=\"(max-width: 1024px) 100vw, 1024px\" \/><\/a><\/figure>\n\n\n\n<figure class=\"wp-block-image size-large\"><a href=\"https:\/\/www.reitverein-ellefeld.de\/wp-content\/uploads\/WhatsApp-Image-2025-11-10-at-21.25.55.jpeg\"><img decoding=\"async\" loading=\"lazy\" width=\"1024\" height=\"683\" data-id=\"63713\"  src=\"https:\/\/www.reitverein-ellefeld.de\/wp-content\/uploads\/WhatsApp-Image-2025-11-10-at-21.25.55-1024x683.jpeg\" alt=\"\" class=\"wp-image-63713\" srcset=\"https:\/\/www.reitverein-ellefeld.de\/wp-content\/uploads\/WhatsApp-Image-2025-11-10-at-21.25.55-1024x683.jpeg 1024w, https:\/\/www.reitverein-ellefeld.de\/wp-content\/uploads\/WhatsApp-Image-2025-11-10-at-21.25.55-300x200.jpeg 300w, https:\/\/www.reitverein-ellefeld.de\/wp-content\/uploads\/WhatsApp-Image-2025-11-10-at-21.25.55-768x512.jpeg 768w, https:\/\/www.reitverein-ellefeld.de\/wp-content\/uploads\/WhatsApp-Image-2025-11-10-at-21.25.55-1536x1024.jpeg 1536w, https:\/\/www.reitverein-ellefeld.de\/wp-content\/uploads\/WhatsApp-Image-2025-11-10-at-21.25.55.jpeg 1600w\" sizes=\"(max-width: 1024px) 100vw, 1024px\" \/><\/a><\/figure>\n\n\n\n<figure class=\"wp-block-image size-large\"><a href=\"https:\/\/www.reitverein-ellefeld.de\/wp-content\/uploads\/WhatsApp-Image-2025-11-10-at-21.25.56-1.jpeg\"><img decoding=\"async\" loading=\"lazy\" width=\"1024\" height=\"682\" data-id=\"63712\"  src=\"https:\/\/www.reitverein-ellefeld.de\/wp-content\/uploads\/WhatsApp-Image-2025-11-10-at-21.25.56-1-1024x682.jpeg\" alt=\"\" class=\"wp-image-63712\" srcset=\"https:\/\/www.reitverein-ellefeld.de\/wp-content\/uploads\/WhatsApp-Image-2025-11-10-at-21.25.56-1-1024x682.jpeg 1024w, https:\/\/www.reitverein-ellefeld.de\/wp-content\/uploads\/WhatsApp-Image-2025-11-10-at-21.25.56-1-300x200.jpeg 300w, https:\/\/www.reitverein-ellefeld.de\/wp-content\/uploads\/WhatsApp-Image-2025-11-10-at-21.25.56-1-768x512.jpeg 768w, https:\/\/www.reitverein-ellefeld.de\/wp-content\/uploads\/WhatsApp-Image-2025-11-10-at-21.25.56-1-1536x1023.jpeg 1536w, https:\/\/www.reitverein-ellefeld.de\/wp-content\/uploads\/WhatsApp-Image-2025-11-10-at-21.25.56-1.jpeg 1600w\" sizes=\"(max-width: 1024px) 100vw, 1024px\" \/><\/a><\/figure>\n\n\n\n<figure class=\"wp-block-image size-large\"><a href=\"https:\/\/www.reitverein-ellefeld.de\/wp-content\/uploads\/WhatsApp-Image-2025-11-10-at-21.25.56-2.jpeg\"><img decoding=\"async\" loading=\"lazy\" width=\"682\" height=\"1024\" data-id=\"63715\"  src=\"https:\/\/www.reitverein-ellefeld.de\/wp-content\/uploads\/WhatsApp-Image-2025-11-10-at-21.25.56-2-682x1024.jpeg\" alt=\"\" class=\"wp-image-63715\" srcset=\"https:\/\/www.reitverein-ellefeld.de\/wp-content\/uploads\/WhatsApp-Image-2025-11-10-at-21.25.56-2-682x1024.jpeg 682w, https:\/\/www.reitverein-ellefeld.de\/wp-content\/uploads\/WhatsApp-Image-2025-11-10-at-21.25.56-2-200x300.jpeg 200w, https:\/\/www.reitverein-ellefeld.de\/wp-content\/uploads\/WhatsApp-Image-2025-11-10-at-21.25.56-2-768x1153.jpeg 768w, https:\/\/www.reitverein-ellefeld.de\/wp-content\/uploads\/WhatsApp-Image-2025-11-10-at-21.25.56-2-1023x1536.jpeg 1023w, https:\/\/www.reitverein-ellefeld.de\/wp-content\/uploads\/WhatsApp-Image-2025-11-10-at-21.25.56-2.jpeg 1066w\" sizes=\"(max-width: 682px) 100vw, 682px\" \/><\/a><\/figure>\n\n\n\n<figure class=\"wp-block-image size-large\"><a href=\"https:\/\/www.reitverein-ellefeld.de\/wp-content\/uploads\/WhatsApp-Image-2025-11-10-at-21.25.56-3.jpeg\"><img decoding=\"async\" loading=\"lazy\" width=\"682\" height=\"1024\" data-id=\"63688\"  src=\"https:\/\/www.reitverein-ellefeld.de\/wp-content\/uploads\/WhatsApp-Image-2025-11-10-at-21.25.56-3-682x1024.jpeg\" alt=\"\" class=\"wp-image-63688\" srcset=\"https:\/\/www.reitverein-ellefeld.de\/wp-content\/uploads\/WhatsApp-Image-2025-11-10-at-21.25.56-3-682x1024.jpeg 682w, https:\/\/www.reitverein-ellefeld.de\/wp-content\/uploads\/WhatsApp-Image-2025-11-10-at-21.25.56-3-200x300.jpeg 200w, https:\/\/www.reitverein-ellefeld.de\/wp-content\/uploads\/WhatsApp-Image-2025-11-10-at-21.25.56-3-768x1153.jpeg 768w, https:\/\/www.reitverein-ellefeld.de\/wp-content\/uploads\/WhatsApp-Image-2025-11-10-at-21.25.56-3-1023x1536.jpeg 1023w, https:\/\/www.reitverein-ellefeld.de\/wp-content\/uploads\/WhatsApp-Image-2025-11-10-at-21.25.56-3.jpeg 1066w\" sizes=\"(max-width: 682px) 100vw, 682px\" \/><\/a><\/figure>\n\n\n\n<figure class=\"wp-block-image size-large\"><a href=\"https:\/\/www.reitverein-ellefeld.de\/wp-content\/uploads\/WhatsApp-Image-2025-11-10-at-21.25.56-4.jpeg\"><img decoding=\"async\" loading=\"lazy\" width=\"768\" height=\"1024\" data-id=\"63714\"  src=\"https:\/\/www.reitverein-ellefeld.de\/wp-content\/uploads\/WhatsApp-Image-2025-11-10-at-21.25.56-4-768x1024.jpeg\" alt=\"\" class=\"wp-image-63714\" srcset=\"https:\/\/www.reitverein-ellefeld.de\/wp-content\/uploads\/WhatsApp-Image-2025-11-10-at-21.25.56-4-768x1024.jpeg 768w, https:\/\/www.reitverein-ellefeld.de\/wp-content\/uploads\/WhatsApp-Image-2025-11-10-at-21.25.56-4-225x300.jpeg 225w, https:\/\/www.reitverein-ellefeld.de\/wp-content\/uploads\/WhatsApp-Image-2025-11-10-at-21.25.56-4-1152x1536.jpeg 1152w, https:\/\/www.reitverein-ellefeld.de\/wp-content\/uploads\/WhatsApp-Image-2025-11-10-at-21.25.56-4.jpeg 1200w\" sizes=\"(max-width: 768px) 100vw, 768px\" \/><\/a><\/figure>\n\n\n\n<figure class=\"wp-block-image size-large\"><a href=\"https:\/\/www.reitverein-ellefeld.de\/wp-content\/uploads\/WhatsApp-Image-2025-11-10-at-21.25.56-5.jpeg\"><img decoding=\"async\" loading=\"lazy\" width=\"682\" height=\"1024\" data-id=\"63645\"  src=\"https:\/\/www.reitverein-ellefeld.de\/wp-content\/uploads\/WhatsApp-Image-2025-11-10-at-21.25.56-5-682x1024.jpeg\" alt=\"\" class=\"wp-image-63645\" srcset=\"https:\/\/www.reitverein-ellefeld.de\/wp-content\/uploads\/WhatsApp-Image-2025-11-10-at-21.25.56-5-682x1024.jpeg 682w, https:\/\/www.reitverein-ellefeld.de\/wp-content\/uploads\/WhatsApp-Image-2025-11-10-at-21.25.56-5-200x300.jpeg 200w, https:\/\/www.reitverein-ellefeld.de\/wp-content\/uploads\/WhatsApp-Image-2025-11-10-at-21.25.56-5-768x1153.jpeg 768w, https:\/\/www.reitverein-ellefeld.de\/wp-content\/uploads\/WhatsApp-Image-2025-11-10-at-21.25.56-5-1023x1536.jpeg 1023w, https:\/\/www.reitverein-ellefeld.de\/wp-content\/uploads\/WhatsApp-Image-2025-11-10-at-21.25.56-5.jpeg 1066w\" sizes=\"(max-width: 682px) 100vw, 682px\" \/><\/a><\/figure>\n\n\n\n<figure class=\"wp-block-image size-large\"><a href=\"https:\/\/www.reitverein-ellefeld.de\/wp-content\/uploads\/WhatsApp-Image-2025-11-10-at-21.25.56-6.jpeg\"><img decoding=\"async\" loading=\"lazy\" width=\"1024\" height=\"683\" data-id=\"63694\"  src=\"https:\/\/www.reitverein-ellefeld.de\/wp-content\/uploads\/WhatsApp-Image-2025-11-10-at-21.25.56-6-1024x683.jpeg\" alt=\"\" class=\"wp-image-63694\" srcset=\"https:\/\/www.reitverein-ellefeld.de\/wp-content\/uploads\/WhatsApp-Image-2025-11-10-at-21.25.56-6-1024x683.jpeg 1024w, https:\/\/www.reitverein-ellefeld.de\/wp-content\/uploads\/WhatsApp-Image-2025-11-10-at-21.25.56-6-300x200.jpeg 300w, https:\/\/www.reitverein-ellefeld.de\/wp-content\/uploads\/WhatsApp-Image-2025-11-10-at-21.25.56-6-768x512.jpeg 768w, https:\/\/www.reitverein-ellefeld.de\/wp-content\/uploads\/WhatsApp-Image-2025-11-10-at-21.25.56-6-1536x1024.jpeg 1536w, https:\/\/www.reitverein-ellefeld.de\/wp-content\/uploads\/WhatsApp-Image-2025-11-10-at-21.25.56-6.jpeg 1600w\" sizes=\"(max-width: 1024px) 100vw, 1024px\" \/><\/a><\/figure>\n\n\n\n<figure class=\"wp-block-image size-large\"><a href=\"https:\/\/www.reitverein-ellefeld.de\/wp-content\/uploads\/WhatsApp-Image-2025-11-10-at-21.25.56.jpeg\"><img decoding=\"async\" loading=\"lazy\" width=\"1024\" height=\"682\" data-id=\"63725\"  src=\"https:\/\/www.reitverein-ellefeld.de\/wp-content\/uploads\/WhatsApp-Image-2025-11-10-at-21.25.56-1024x682.jpeg\" alt=\"\" class=\"wp-image-63725\" srcset=\"https:\/\/www.reitverein-ellefeld.de\/wp-content\/uploads\/WhatsApp-Image-2025-11-10-at-21.25.56-1024x682.jpeg 1024w, https:\/\/www.reitverein-ellefeld.de\/wp-content\/uploads\/WhatsApp-Image-2025-11-10-at-21.25.56-300x200.jpeg 300w, https:\/\/www.reitverein-ellefeld.de\/wp-content\/uploads\/WhatsApp-Image-2025-11-10-at-21.25.56-768x512.jpeg 768w, https:\/\/www.reitverein-ellefeld.de\/wp-content\/uploads\/WhatsApp-Image-2025-11-10-at-21.25.56-1536x1023.jpeg 1536w, https:\/\/www.reitverein-ellefeld.de\/wp-content\/uploads\/WhatsApp-Image-2025-11-10-at-21.25.56.jpeg 1600w\" sizes=\"(max-width: 1024px) 100vw, 1024px\" \/><\/a><\/figure>\n\n\n\n<figure class=\"wp-block-image size-large\"><a href=\"https:\/\/www.reitverein-ellefeld.de\/wp-content\/uploads\/WhatsApp-Image-2025-11-10-at-21.25.57-1.jpeg\"><img decoding=\"async\" loading=\"lazy\" width=\"682\" height=\"1024\" data-id=\"63644\"  src=\"https:\/\/www.reitverein-ellefeld.de\/wp-content\/uploads\/WhatsApp-Image-2025-11-10-at-21.25.57-1-682x1024.jpeg\" alt=\"\" class=\"wp-image-63644\" srcset=\"https:\/\/www.reitverein-ellefeld.de\/wp-content\/uploads\/WhatsApp-Image-2025-11-10-at-21.25.57-1-682x1024.jpeg 682w, https:\/\/www.reitverein-ellefeld.de\/wp-content\/uploads\/WhatsApp-Image-2025-11-10-at-21.25.57-1-200x300.jpeg 200w, https:\/\/www.reitverein-ellefeld.de\/wp-content\/uploads\/WhatsApp-Image-2025-11-10-at-21.25.57-1-768x1153.jpeg 768w, https:\/\/www.reitverein-ellefeld.de\/wp-content\/uploads\/WhatsApp-Image-2025-11-10-at-21.25.57-1-1023x1536.jpeg 1023w, https:\/\/www.reitverein-ellefeld.de\/wp-content\/uploads\/WhatsApp-Image-2025-11-10-at-21.25.57-1.jpeg 1066w\" sizes=\"(max-width: 682px) 100vw, 682px\" \/><\/a><\/figure>\n\n\n\n<figure class=\"wp-block-image size-large\"><a href=\"https:\/\/www.reitverein-ellefeld.de\/wp-content\/uploads\/WhatsApp-Image-2025-11-10-at-21.25.57-2.jpeg\"><img decoding=\"async\" loading=\"lazy\" width=\"1024\" height=\"682\" data-id=\"63657\"  src=\"https:\/\/www.reitverein-ellefeld.de\/wp-content\/uploads\/WhatsApp-Image-2025-11-10-at-21.25.57-2-1024x682.jpeg\" alt=\"\" class=\"wp-image-63657\" srcset=\"https:\/\/www.reitverein-ellefeld.de\/wp-content\/uploads\/WhatsApp-Image-2025-11-10-at-21.25.57-2-1024x682.jpeg 1024w, https:\/\/www.reitverein-ellefeld.de\/wp-content\/uploads\/WhatsApp-Image-2025-11-10-at-21.25.57-2-300x200.jpeg 300w, https:\/\/www.reitverein-ellefeld.de\/wp-content\/uploads\/WhatsApp-Image-2025-11-10-at-21.25.57-2-768x512.jpeg 768w, https:\/\/www.reitverein-ellefeld.de\/wp-content\/uploads\/WhatsApp-Image-2025-11-10-at-21.25.57-2-1536x1023.jpeg 1536w, https:\/\/www.reitverein-ellefeld.de\/wp-content\/uploads\/WhatsApp-Image-2025-11-10-at-21.25.57-2.jpeg 1600w\" sizes=\"(max-width: 1024px) 100vw, 1024px\" \/><\/a><\/figure>\n\n\n\n<figure class=\"wp-block-image size-large\"><a href=\"https:\/\/www.reitverein-ellefeld.de\/wp-content\/uploads\/WhatsApp-Image-2025-11-10-at-21.25.57-3.jpeg\"><img decoding=\"async\" loading=\"lazy\" width=\"1024\" height=\"682\" data-id=\"63690\"  src=\"https:\/\/www.reitverein-ellefeld.de\/wp-content\/uploads\/WhatsApp-Image-2025-11-10-at-21.25.57-3-1024x682.jpeg\" alt=\"\" class=\"wp-image-63690\" srcset=\"https:\/\/www.reitverein-ellefeld.de\/wp-content\/uploads\/WhatsApp-Image-2025-11-10-at-21.25.57-3-1024x682.jpeg 1024w, https:\/\/www.reitverein-ellefeld.de\/wp-content\/uploads\/WhatsApp-Image-2025-11-10-at-21.25.57-3-300x200.jpeg 300w, https:\/\/www.reitverein-ellefeld.de\/wp-content\/uploads\/WhatsApp-Image-2025-11-10-at-21.25.57-3-768x512.jpeg 768w, https:\/\/www.reitverein-ellefeld.de\/wp-content\/uploads\/WhatsApp-Image-2025-11-10-at-21.25.57-3-1536x1023.jpeg 1536w, https:\/\/www.reitverein-ellefeld.de\/wp-content\/uploads\/WhatsApp-Image-2025-11-10-at-21.25.57-3.jpeg 1600w\" sizes=\"(max-width: 1024px) 100vw, 1024px\" \/><\/a><\/figure>\n\n\n\n<figure class=\"wp-block-image size-large\"><a href=\"https:\/\/www.reitverein-ellefeld.de\/wp-content\/uploads\/WhatsApp-Image-2025-11-10-at-21.25.57-4.jpeg\"><img decoding=\"async\" loading=\"lazy\" width=\"1024\" height=\"682\" data-id=\"63677\"  src=\"https:\/\/www.reitverein-ellefeld.de\/wp-content\/uploads\/WhatsApp-Image-2025-11-10-at-21.25.57-4-1024x682.jpeg\" alt=\"\" class=\"wp-image-63677\" srcset=\"https:\/\/www.reitverein-ellefeld.de\/wp-content\/uploads\/WhatsApp-Image-2025-11-10-at-21.25.57-4-1024x682.jpeg 1024w, https:\/\/www.reitverein-ellefeld.de\/wp-content\/uploads\/WhatsApp-Image-2025-11-10-at-21.25.57-4-300x200.jpeg 300w, https:\/\/www.reitverein-ellefeld.de\/wp-content\/uploads\/WhatsApp-Image-2025-11-10-at-21.25.57-4-768x512.jpeg 768w, https:\/\/www.reitverein-ellefeld.de\/wp-content\/uploads\/WhatsApp-Image-2025-11-10-at-21.25.57-4-1536x1023.jpeg 1536w, https:\/\/www.reitverein-ellefeld.de\/wp-content\/uploads\/WhatsApp-Image-2025-11-10-at-21.25.57-4.jpeg 1600w\" sizes=\"(max-width: 1024px) 100vw, 1024px\" \/><\/a><\/figure>\n\n\n\n<figure class=\"wp-block-image size-large\"><a href=\"https:\/\/www.reitverein-ellefeld.de\/wp-content\/uploads\/WhatsApp-Image-2025-11-10-at-21.25.57-5.jpeg\"><img decoding=\"async\" loading=\"lazy\" width=\"1024\" height=\"682\" data-id=\"63658\"  src=\"https:\/\/www.reitverein-ellefeld.de\/wp-content\/uploads\/WhatsApp-Image-2025-11-10-at-21.25.57-5-1024x682.jpeg\" alt=\"\" class=\"wp-image-63658\" srcset=\"https:\/\/www.reitverein-ellefeld.de\/wp-content\/uploads\/WhatsApp-Image-2025-11-10-at-21.25.57-5-1024x682.jpeg 1024w, https:\/\/www.reitverein-ellefeld.de\/wp-content\/uploads\/WhatsApp-Image-2025-11-10-at-21.25.57-5-300x200.jpeg 300w, https:\/\/www.reitverein-ellefeld.de\/wp-content\/uploads\/WhatsApp-Image-2025-11-10-at-21.25.57-5-768x512.jpeg 768w, https:\/\/www.reitverein-ellefeld.de\/wp-content\/uploads\/WhatsApp-Image-2025-11-10-at-21.25.57-5-1536x1023.jpeg 1536w, https:\/\/www.reitverein-ellefeld.de\/wp-content\/uploads\/WhatsApp-Image-2025-11-10-at-21.25.57-5.jpeg 1600w\" sizes=\"(max-width: 1024px) 100vw, 1024px\" \/><\/a><\/figure>\n\n\n\n<figure class=\"wp-block-image size-large\"><a href=\"https:\/\/www.reitverein-ellefeld.de\/wp-content\/uploads\/WhatsApp-Image-2025-11-10-at-21.25.57-6.jpeg\"><img decoding=\"async\" loading=\"lazy\" width=\"1024\" height=\"682\" data-id=\"63674\"  src=\"https:\/\/www.reitverein-ellefeld.de\/wp-content\/uploads\/WhatsApp-Image-2025-11-10-at-21.25.57-6-1024x682.jpeg\" alt=\"\" class=\"wp-image-63674\" srcset=\"https:\/\/www.reitverein-ellefeld.de\/wp-content\/uploads\/WhatsApp-Image-2025-11-10-at-21.25.57-6-1024x682.jpeg 1024w, https:\/\/www.reitverein-ellefeld.de\/wp-content\/uploads\/WhatsApp-Image-2025-11-10-at-21.25.57-6-300x200.jpeg 300w, https:\/\/www.reitverein-ellefeld.de\/wp-content\/uploads\/WhatsApp-Image-2025-11-10-at-21.25.57-6-768x512.jpeg 768w, https:\/\/www.reitverein-ellefeld.de\/wp-content\/uploads\/WhatsApp-Image-2025-11-10-at-21.25.57-6-1536x1023.jpeg 1536w, https:\/\/www.reitverein-ellefeld.de\/wp-content\/uploads\/WhatsApp-Image-2025-11-10-at-21.25.57-6.jpeg 1600w\" sizes=\"(max-width: 1024px) 100vw, 1024px\" \/><\/a><\/figure>\n\n\n\n<figure class=\"wp-block-image\"><img alt=\"\"\/><\/figure>\n\n\n\n<figure class=\"wp-block-image size-large\"><a href=\"https:\/\/www.reitverein-ellefeld.de\/wp-content\/uploads\/WhatsApp-Image-2025-11-10-at-21.25.57.jpeg\"><img decoding=\"async\" loading=\"lazy\" width=\"682\" height=\"1024\" data-id=\"63689\"  src=\"https:\/\/www.reitverein-ellefeld.de\/wp-content\/uploads\/WhatsApp-Image-2025-11-10-at-21.25.57-682x1024.jpeg\" alt=\"\" class=\"wp-image-63689\" srcset=\"https:\/\/www.reitverein-ellefeld.de\/wp-content\/uploads\/WhatsApp-Image-2025-11-10-at-21.25.57-682x1024.jpeg 682w, https:\/\/www.reitverein-ellefeld.de\/wp-content\/uploads\/WhatsApp-Image-2025-11-10-at-21.25.57-200x300.jpeg 200w, https:\/\/www.reitverein-ellefeld.de\/wp-content\/uploads\/WhatsApp-Image-2025-11-10-at-21.25.57-768x1153.jpeg 768w, https:\/\/www.reitverein-ellefeld.de\/wp-content\/uploads\/WhatsApp-Image-2025-11-10-at-21.25.57-1023x1536.jpeg 1023w, https:\/\/www.reitverein-ellefeld.de\/wp-content\/uploads\/WhatsApp-Image-2025-11-10-at-21.25.57.jpeg 1066w\" sizes=\"(max-width: 682px) 100vw, 682px\" \/><\/a><\/figure>\n\n\n\n<figure class=\"wp-block-image size-large\"><a href=\"https:\/\/www.reitverein-ellefeld.de\/wp-content\/uploads\/WhatsApp-Image-2025-11-10-at-21.26.26-1.jpeg\"><img decoding=\"async\" loading=\"lazy\" width=\"1024\" height=\"682\" data-id=\"63650\"  src=\"https:\/\/www.reitverein-ellefeld.de\/wp-content\/uploads\/WhatsApp-Image-2025-11-10-at-21.26.26-1-1024x682.jpeg\" alt=\"\" class=\"wp-image-63650\" srcset=\"https:\/\/www.reitverein-ellefeld.de\/wp-content\/uploads\/WhatsApp-Image-2025-11-10-at-21.26.26-1-1024x682.jpeg 1024w, https:\/\/www.reitverein-ellefeld.de\/wp-content\/uploads\/WhatsApp-Image-2025-11-10-at-21.26.26-1-300x200.jpeg 300w, https:\/\/www.reitverein-ellefeld.de\/wp-content\/uploads\/WhatsApp-Image-2025-11-10-at-21.26.26-1-768x512.jpeg 768w, https:\/\/www.reitverein-ellefeld.de\/wp-content\/uploads\/WhatsApp-Image-2025-11-10-at-21.26.26-1-1536x1023.jpeg 1536w, https:\/\/www.reitverein-ellefeld.de\/wp-content\/uploads\/WhatsApp-Image-2025-11-10-at-21.26.26-1.jpeg 1600w\" sizes=\"(max-width: 1024px) 100vw, 1024px\" \/><\/a><\/figure>\n\n\n\n<figure class=\"wp-block-image size-large\"><a href=\"https:\/\/www.reitverein-ellefeld.de\/wp-content\/uploads\/WhatsApp-Image-2025-11-10-at-21.26.26.jpeg\"><img decoding=\"async\" loading=\"lazy\" width=\"1024\" height=\"682\" data-id=\"63671\"  src=\"https:\/\/www.reitverein-ellefeld.de\/wp-content\/uploads\/WhatsApp-Image-2025-11-10-at-21.26.26-1024x682.jpeg\" alt=\"\" class=\"wp-image-63671\" srcset=\"https:\/\/www.reitverein-ellefeld.de\/wp-content\/uploads\/WhatsApp-Image-2025-11-10-at-21.26.26-1024x682.jpeg 1024w, https:\/\/www.reitverein-ellefeld.de\/wp-content\/uploads\/WhatsApp-Image-2025-11-10-at-21.26.26-300x200.jpeg 300w, https:\/\/www.reitverein-ellefeld.de\/wp-content\/uploads\/WhatsApp-Image-2025-11-10-at-21.26.26-768x512.jpeg 768w, https:\/\/www.reitverein-ellefeld.de\/wp-content\/uploads\/WhatsApp-Image-2025-11-10-at-21.26.26-1536x1023.jpeg 1536w, https:\/\/www.reitverein-ellefeld.de\/wp-content\/uploads\/WhatsApp-Image-2025-11-10-at-21.26.26.jpeg 1600w\" sizes=\"(max-width: 1024px) 100vw, 1024px\" \/><\/a><\/figure>\n\n\n\n<figure class=\"wp-block-image size-large\"><a href=\"https:\/\/www.reitverein-ellefeld.de\/wp-content\/uploads\/WhatsApp-Image-2025-11-10-at-21.26.27-1.jpeg\"><img decoding=\"async\" loading=\"lazy\" width=\"1024\" height=\"683\" data-id=\"63710\"  src=\"https:\/\/www.reitverein-ellefeld.de\/wp-content\/uploads\/WhatsApp-Image-2025-11-10-at-21.26.27-1-1024x683.jpeg\" alt=\"\" class=\"wp-image-63710\" srcset=\"https:\/\/www.reitverein-ellefeld.de\/wp-content\/uploads\/WhatsApp-Image-2025-11-10-at-21.26.27-1-1024x683.jpeg 1024w, https:\/\/www.reitverein-ellefeld.de\/wp-content\/uploads\/WhatsApp-Image-2025-11-10-at-21.26.27-1-300x200.jpeg 300w, https:\/\/www.reitverein-ellefeld.de\/wp-content\/uploads\/WhatsApp-Image-2025-11-10-at-21.26.27-1-768x512.jpeg 768w, https:\/\/www.reitverein-ellefeld.de\/wp-content\/uploads\/WhatsApp-Image-2025-11-10-at-21.26.27-1-1536x1024.jpeg 1536w, https:\/\/www.reitverein-ellefeld.de\/wp-content\/uploads\/WhatsApp-Image-2025-11-10-at-21.26.27-1.jpeg 1600w\" sizes=\"(max-width: 1024px) 100vw, 1024px\" \/><\/a><\/figure>\n\n\n\n<figure class=\"wp-block-image size-large\"><a href=\"https:\/\/www.reitverein-ellefeld.de\/wp-content\/uploads\/WhatsApp-Image-2025-11-10-at-21.26.27-2.jpeg\"><img decoding=\"async\" loading=\"lazy\" width=\"1024\" height=\"683\" data-id=\"63731\"  src=\"https:\/\/www.reitverein-ellefeld.de\/wp-content\/uploads\/WhatsApp-Image-2025-11-10-at-21.26.27-2-1024x683.jpeg\" alt=\"\" class=\"wp-image-63731\" srcset=\"https:\/\/www.reitverein-ellefeld.de\/wp-content\/uploads\/WhatsApp-Image-2025-11-10-at-21.26.27-2-1024x683.jpeg 1024w, https:\/\/www.reitverein-ellefeld.de\/wp-content\/uploads\/WhatsApp-Image-2025-11-10-at-21.26.27-2-300x200.jpeg 300w, https:\/\/www.reitverein-ellefeld.de\/wp-content\/uploads\/WhatsApp-Image-2025-11-10-at-21.26.27-2-768x512.jpeg 768w, https:\/\/www.reitverein-ellefeld.de\/wp-content\/uploads\/WhatsApp-Image-2025-11-10-at-21.26.27-2-1536x1024.jpeg 1536w, https:\/\/www.reitverein-ellefeld.de\/wp-content\/uploads\/WhatsApp-Image-2025-11-10-at-21.26.27-2.jpeg 1600w\" sizes=\"(max-width: 1024px) 100vw, 1024px\" \/><\/a><\/figure>\n\n\n\n<figure class=\"wp-block-image size-large\"><a href=\"https:\/\/www.reitverein-ellefeld.de\/wp-content\/uploads\/WhatsApp-Image-2025-11-10-at-21.26.27-3.jpeg\"><img decoding=\"async\" loading=\"lazy\" width=\"1024\" height=\"683\" data-id=\"63709\"  src=\"https:\/\/www.reitverein-ellefeld.de\/wp-content\/uploads\/WhatsApp-Image-2025-11-10-at-21.26.27-3-1024x683.jpeg\" alt=\"\" class=\"wp-image-63709\" srcset=\"https:\/\/www.reitverein-ellefeld.de\/wp-content\/uploads\/WhatsApp-Image-2025-11-10-at-21.26.27-3-1024x683.jpeg 1024w, https:\/\/www.reitverein-ellefeld.de\/wp-content\/uploads\/WhatsApp-Image-2025-11-10-at-21.26.27-3-300x200.jpeg 300w, https:\/\/www.reitverein-ellefeld.de\/wp-content\/uploads\/WhatsApp-Image-2025-11-10-at-21.26.27-3-768x512.jpeg 768w, https:\/\/www.reitverein-ellefeld.de\/wp-content\/uploads\/WhatsApp-Image-2025-11-10-at-21.26.27-3-1536x1024.jpeg 1536w, https:\/\/www.reitverein-ellefeld.de\/wp-content\/uploads\/WhatsApp-Image-2025-11-10-at-21.26.27-3.jpeg 1600w\" sizes=\"(max-width: 1024px) 100vw, 1024px\" \/><\/a><\/figure>\n\n\n\n<figure class=\"wp-block-image size-large\"><a href=\"https:\/\/www.reitverein-ellefeld.de\/wp-content\/uploads\/WhatsApp-Image-2025-11-10-at-21.26.27-4.jpeg\"><img decoding=\"async\" loading=\"lazy\" width=\"1024\" height=\"683\" data-id=\"63697\"  src=\"https:\/\/www.reitverein-ellefeld.de\/wp-content\/uploads\/WhatsApp-Image-2025-11-10-at-21.26.27-4-1024x683.jpeg\" alt=\"\" class=\"wp-image-63697\" srcset=\"https:\/\/www.reitverein-ellefeld.de\/wp-content\/uploads\/WhatsApp-Image-2025-11-10-at-21.26.27-4-1024x683.jpeg 1024w, https:\/\/www.reitverein-ellefeld.de\/wp-content\/uploads\/WhatsApp-Image-2025-11-10-at-21.26.27-4-300x200.jpeg 300w, https:\/\/www.reitverein-ellefeld.de\/wp-content\/uploads\/WhatsApp-Image-2025-11-10-at-21.26.27-4-768x512.jpeg 768w, https:\/\/www.reitverein-ellefeld.de\/wp-content\/uploads\/WhatsApp-Image-2025-11-10-at-21.26.27-4-1536x1024.jpeg 1536w, https:\/\/www.reitverein-ellefeld.de\/wp-content\/uploads\/WhatsApp-Image-2025-11-10-at-21.26.27-4.jpeg 1600w\" sizes=\"(max-width: 1024px) 100vw, 1024px\" \/><\/a><\/figure>\n\n\n\n<figure class=\"wp-block-image size-large\"><a href=\"https:\/\/www.reitverein-ellefeld.de\/wp-content\/uploads\/WhatsApp-Image-2025-11-10-at-21.26.27-5.jpeg\"><img decoding=\"async\" loading=\"lazy\" width=\"682\" height=\"1024\" data-id=\"63696\"  src=\"https:\/\/www.reitverein-ellefeld.de\/wp-content\/uploads\/WhatsApp-Image-2025-11-10-at-21.26.27-5-682x1024.jpeg\" alt=\"\" class=\"wp-image-63696\" srcset=\"https:\/\/www.reitverein-ellefeld.de\/wp-content\/uploads\/WhatsApp-Image-2025-11-10-at-21.26.27-5-682x1024.jpeg 682w, https:\/\/www.reitverein-ellefeld.de\/wp-content\/uploads\/WhatsApp-Image-2025-11-10-at-21.26.27-5-200x300.jpeg 200w, https:\/\/www.reitverein-ellefeld.de\/wp-content\/uploads\/WhatsApp-Image-2025-11-10-at-21.26.27-5-768x1153.jpeg 768w, https:\/\/www.reitverein-ellefeld.de\/wp-content\/uploads\/WhatsApp-Image-2025-11-10-at-21.26.27-5-1023x1536.jpeg 1023w, https:\/\/www.reitverein-ellefeld.de\/wp-content\/uploads\/WhatsApp-Image-2025-11-10-at-21.26.27-5.jpeg 1066w\" sizes=\"(max-width: 682px) 100vw, 682px\" \/><\/a><\/figure>\n\n\n\n<figure class=\"wp-block-image size-large\"><a href=\"https:\/\/www.reitverein-ellefeld.de\/wp-content\/uploads\/WhatsApp-Image-2025-11-10-at-21.26.27.jpeg\"><img decoding=\"async\" loading=\"lazy\" width=\"1024\" height=\"682\" data-id=\"63722\"  src=\"https:\/\/www.reitverein-ellefeld.de\/wp-content\/uploads\/WhatsApp-Image-2025-11-10-at-21.26.27-1024x682.jpeg\" alt=\"\" class=\"wp-image-63722\" srcset=\"https:\/\/www.reitverein-ellefeld.de\/wp-content\/uploads\/WhatsApp-Image-2025-11-10-at-21.26.27-1024x682.jpeg 1024w, https:\/\/www.reitverein-ellefeld.de\/wp-content\/uploads\/WhatsApp-Image-2025-11-10-at-21.26.27-300x200.jpeg 300w, https:\/\/www.reitverein-ellefeld.de\/wp-content\/uploads\/WhatsApp-Image-2025-11-10-at-21.26.27-768x511.jpeg 768w, https:\/\/www.reitverein-ellefeld.de\/wp-content\/uploads\/WhatsApp-Image-2025-11-10-at-21.26.27-1536x1022.jpeg 1536w, https:\/\/www.reitverein-ellefeld.de\/wp-content\/uploads\/WhatsApp-Image-2025-11-10-at-21.26.27.jpeg 1600w\" sizes=\"(max-width: 1024px) 100vw, 1024px\" \/><\/a><\/figure>\n\n\n\n<figure class=\"wp-block-image size-large\"><a href=\"https:\/\/www.reitverein-ellefeld.de\/wp-content\/uploads\/WhatsApp-Image-2025-11-10-at-21.27.11-1.jpeg\"><img decoding=\"async\" loading=\"lazy\" width=\"1024\" height=\"682\" data-id=\"63667\"  src=\"https:\/\/www.reitverein-ellefeld.de\/wp-content\/uploads\/WhatsApp-Image-2025-11-10-at-21.27.11-1-1024x682.jpeg\" alt=\"\" class=\"wp-image-63667\" srcset=\"https:\/\/www.reitverein-ellefeld.de\/wp-content\/uploads\/WhatsApp-Image-2025-11-10-at-21.27.11-1-1024x682.jpeg 1024w, https:\/\/www.reitverein-ellefeld.de\/wp-content\/uploads\/WhatsApp-Image-2025-11-10-at-21.27.11-1-300x200.jpeg 300w, https:\/\/www.reitverein-ellefeld.de\/wp-content\/uploads\/WhatsApp-Image-2025-11-10-at-21.27.11-1-768x512.jpeg 768w, https:\/\/www.reitverein-ellefeld.de\/wp-content\/uploads\/WhatsApp-Image-2025-11-10-at-21.27.11-1-1536x1023.jpeg 1536w, https:\/\/www.reitverein-ellefeld.de\/wp-content\/uploads\/WhatsApp-Image-2025-11-10-at-21.27.11-1.jpeg 1600w\" sizes=\"(max-width: 1024px) 100vw, 1024px\" \/><\/a><\/figure>\n\n\n\n<figure class=\"wp-block-image size-large\"><a href=\"https:\/\/www.reitverein-ellefeld.de\/wp-content\/uploads\/WhatsApp-Image-2025-11-10-at-21.27.11-2.jpeg\"><img decoding=\"async\" loading=\"lazy\" width=\"1024\" height=\"682\" data-id=\"63664\"  src=\"https:\/\/www.reitverein-ellefeld.de\/wp-content\/uploads\/WhatsApp-Image-2025-11-10-at-21.27.11-2-1024x682.jpeg\" alt=\"\" class=\"wp-image-63664\" srcset=\"https:\/\/www.reitverein-ellefeld.de\/wp-content\/uploads\/WhatsApp-Image-2025-11-10-at-21.27.11-2-1024x682.jpeg 1024w, https:\/\/www.reitverein-ellefeld.de\/wp-content\/uploads\/WhatsApp-Image-2025-11-10-at-21.27.11-2-300x200.jpeg 300w, https:\/\/www.reitverein-ellefeld.de\/wp-content\/uploads\/WhatsApp-Image-2025-11-10-at-21.27.11-2-768x512.jpeg 768w, https:\/\/www.reitverein-ellefeld.de\/wp-content\/uploads\/WhatsApp-Image-2025-11-10-at-21.27.11-2-1536x1023.jpeg 1536w, https:\/\/www.reitverein-ellefeld.de\/wp-content\/uploads\/WhatsApp-Image-2025-11-10-at-21.27.11-2.jpeg 1600w\" sizes=\"(max-width: 1024px) 100vw, 1024px\" \/><\/a><\/figure>\n\n\n\n<figure class=\"wp-block-image size-large\"><a href=\"https:\/\/www.reitverein-ellefeld.de\/wp-content\/uploads\/WhatsApp-Image-2025-11-10-at-21.27.11-3.jpeg\"><img decoding=\"async\" loading=\"lazy\" width=\"1024\" height=\"682\" data-id=\"63686\"  src=\"https:\/\/www.reitverein-ellefeld.de\/wp-content\/uploads\/WhatsApp-Image-2025-11-10-at-21.27.11-3-1024x682.jpeg\" alt=\"\" class=\"wp-image-63686\" srcset=\"https:\/\/www.reitverein-ellefeld.de\/wp-content\/uploads\/WhatsApp-Image-2025-11-10-at-21.27.11-3-1024x682.jpeg 1024w, https:\/\/www.reitverein-ellefeld.de\/wp-content\/uploads\/WhatsApp-Image-2025-11-10-at-21.27.11-3-300x200.jpeg 300w, https:\/\/www.reitverein-ellefeld.de\/wp-content\/uploads\/WhatsApp-Image-2025-11-10-at-21.27.11-3-768x512.jpeg 768w, https:\/\/www.reitverein-ellefeld.de\/wp-content\/uploads\/WhatsApp-Image-2025-11-10-at-21.27.11-3-1536x1023.jpeg 1536w, https:\/\/www.reitverein-ellefeld.de\/wp-content\/uploads\/WhatsApp-Image-2025-11-10-at-21.27.11-3.jpeg 1600w\" sizes=\"(max-width: 1024px) 100vw, 1024px\" \/><\/a><\/figure>\n\n\n\n<figure class=\"wp-block-image size-large\"><a href=\"https:\/\/www.reitverein-ellefeld.de\/wp-content\/uploads\/WhatsApp-Image-2025-11-10-at-21.27.11-4.jpeg\"><img decoding=\"async\" loading=\"lazy\" width=\"1024\" height=\"682\" data-id=\"63685\"  src=\"https:\/\/www.reitverein-ellefeld.de\/wp-content\/uploads\/WhatsApp-Image-2025-11-10-at-21.27.11-4-1024x682.jpeg\" alt=\"\" class=\"wp-image-63685\" srcset=\"https:\/\/www.reitverein-ellefeld.de\/wp-content\/uploads\/WhatsApp-Image-2025-11-10-at-21.27.11-4-1024x682.jpeg 1024w, https:\/\/www.reitverein-ellefeld.de\/wp-content\/uploads\/WhatsApp-Image-2025-11-10-at-21.27.11-4-300x200.jpeg 300w, https:\/\/www.reitverein-ellefeld.de\/wp-content\/uploads\/WhatsApp-Image-2025-11-10-at-21.27.11-4-768x512.jpeg 768w, https:\/\/www.reitverein-ellefeld.de\/wp-content\/uploads\/WhatsApp-Image-2025-11-10-at-21.27.11-4-1536x1023.jpeg 1536w, https:\/\/www.reitverein-ellefeld.de\/wp-content\/uploads\/WhatsApp-Image-2025-11-10-at-21.27.11-4.jpeg 1600w\" sizes=\"(max-width: 1024px) 100vw, 1024px\" \/><\/a><\/figure>\n\n\n\n<figure class=\"wp-block-image size-large\"><a href=\"https:\/\/www.reitverein-ellefeld.de\/wp-content\/uploads\/WhatsApp-Image-2025-11-10-at-21.27.11-5.jpeg\"><img decoding=\"async\" loading=\"lazy\" width=\"1024\" height=\"682\" data-id=\"63692\"  src=\"https:\/\/www.reitverein-ellefeld.de\/wp-content\/uploads\/WhatsApp-Image-2025-11-10-at-21.27.11-5-1024x682.jpeg\" alt=\"\" class=\"wp-image-63692\" srcset=\"https:\/\/www.reitverein-ellefeld.de\/wp-content\/uploads\/WhatsApp-Image-2025-11-10-at-21.27.11-5-1024x682.jpeg 1024w, https:\/\/www.reitverein-ellefeld.de\/wp-content\/uploads\/WhatsApp-Image-2025-11-10-at-21.27.11-5-300x200.jpeg 300w, https:\/\/www.reitverein-ellefeld.de\/wp-content\/uploads\/WhatsApp-Image-2025-11-10-at-21.27.11-5-768x512.jpeg 768w, https:\/\/www.reitverein-ellefeld.de\/wp-content\/uploads\/WhatsApp-Image-2025-11-10-at-21.27.11-5-1536x1023.jpeg 1536w, https:\/\/www.reitverein-ellefeld.de\/wp-content\/uploads\/WhatsApp-Image-2025-11-10-at-21.27.11-5.jpeg 1600w\" sizes=\"(max-width: 1024px) 100vw, 1024px\" \/><\/a><\/figure>\n\n\n\n<figure class=\"wp-block-image size-large\"><a href=\"https:\/\/www.reitverein-ellefeld.de\/wp-content\/uploads\/WhatsApp-Image-2025-11-10-at-21.27.11-6.jpeg\"><img decoding=\"async\" loading=\"lazy\" width=\"1024\" height=\"682\" data-id=\"63719\"  src=\"https:\/\/www.reitverein-ellefeld.de\/wp-content\/uploads\/WhatsApp-Image-2025-11-10-at-21.27.11-6-1024x682.jpeg\" alt=\"\" class=\"wp-image-63719\" srcset=\"https:\/\/www.reitverein-ellefeld.de\/wp-content\/uploads\/WhatsApp-Image-2025-11-10-at-21.27.11-6-1024x682.jpeg 1024w, https:\/\/www.reitverein-ellefeld.de\/wp-content\/uploads\/WhatsApp-Image-2025-11-10-at-21.27.11-6-300x200.jpeg 300w, https:\/\/www.reitverein-ellefeld.de\/wp-content\/uploads\/WhatsApp-Image-2025-11-10-at-21.27.11-6-768x512.jpeg 768w, https:\/\/www.reitverein-ellefeld.de\/wp-content\/uploads\/WhatsApp-Image-2025-11-10-at-21.27.11-6-1536x1023.jpeg 1536w, https:\/\/www.reitverein-ellefeld.de\/wp-content\/uploads\/WhatsApp-Image-2025-11-10-at-21.27.11-6.jpeg 1600w\" sizes=\"(max-width: 1024px) 100vw, 1024px\" \/><\/a><\/figure>\n\n\n\n<figure class=\"wp-block-image size-large\"><a href=\"https:\/\/www.reitverein-ellefeld.de\/wp-content\/uploads\/WhatsApp-Image-2025-11-10-at-21.28.04-4.jpeg\"><img decoding=\"async\" loading=\"lazy\" width=\"1024\" height=\"682\" data-id=\"63681\"  src=\"https:\/\/www.reitverein-ellefeld.de\/wp-content\/uploads\/WhatsApp-Image-2025-11-10-at-21.28.04-4-1024x682.jpeg\" alt=\"\" class=\"wp-image-63681\" srcset=\"https:\/\/www.reitverein-ellefeld.de\/wp-content\/uploads\/WhatsApp-Image-2025-11-10-at-21.28.04-4-1024x682.jpeg 1024w, https:\/\/www.reitverein-ellefeld.de\/wp-content\/uploads\/WhatsApp-Image-2025-11-10-at-21.28.04-4-300x200.jpeg 300w, https:\/\/www.reitverein-ellefeld.de\/wp-content\/uploads\/WhatsApp-Image-2025-11-10-at-21.28.04-4-768x512.jpeg 768w, https:\/\/www.reitverein-ellefeld.de\/wp-content\/uploads\/WhatsApp-Image-2025-11-10-at-21.28.04-4-1536x1023.jpeg 1536w, https:\/\/www.reitverein-ellefeld.de\/wp-content\/uploads\/WhatsApp-Image-2025-11-10-at-21.28.04-4.jpeg 1600w\" sizes=\"(max-width: 1024px) 100vw, 1024px\" \/><\/a><\/figure>\n\n\n\n<figure class=\"wp-block-image size-large\"><a href=\"https:\/\/www.reitverein-ellefeld.de\/wp-content\/uploads\/WhatsApp-Image-2025-11-10-at-21.28.04-5.jpeg\"><img decoding=\"async\" loading=\"lazy\" width=\"1024\" height=\"682\" data-id=\"63700\"  src=\"https:\/\/www.reitverein-ellefeld.de\/wp-content\/uploads\/WhatsApp-Image-2025-11-10-at-21.28.04-5-1024x682.jpeg\" alt=\"\" class=\"wp-image-63700\" srcset=\"https:\/\/www.reitverein-ellefeld.de\/wp-content\/uploads\/WhatsApp-Image-2025-11-10-at-21.28.04-5-1024x682.jpeg 1024w, https:\/\/www.reitverein-ellefeld.de\/wp-content\/uploads\/WhatsApp-Image-2025-11-10-at-21.28.04-5-300x200.jpeg 300w, https:\/\/www.reitverein-ellefeld.de\/wp-content\/uploads\/WhatsApp-Image-2025-11-10-at-21.28.04-5-768x512.jpeg 768w, https:\/\/www.reitverein-ellefeld.de\/wp-content\/uploads\/WhatsApp-Image-2025-11-10-at-21.28.04-5-1536x1023.jpeg 1536w, https:\/\/www.reitverein-ellefeld.de\/wp-content\/uploads\/WhatsApp-Image-2025-11-10-at-21.28.04-5.jpeg 1600w\" sizes=\"(max-width: 1024px) 100vw, 1024px\" \/><\/a><\/figure>\n\n\n\n<figure class=\"wp-block-image size-large\"><a href=\"https:\/\/www.reitverein-ellefeld.de\/wp-content\/uploads\/WhatsApp-Image-2025-11-10-at-21.28.15-1.jpeg\"><img decoding=\"async\" loading=\"lazy\" width=\"1024\" height=\"682\" data-id=\"63679\"  src=\"https:\/\/www.reitverein-ellefeld.de\/wp-content\/uploads\/WhatsApp-Image-2025-11-10-at-21.28.15-1-1024x682.jpeg\" alt=\"\" class=\"wp-image-63679\" srcset=\"https:\/\/www.reitverein-ellefeld.de\/wp-content\/uploads\/WhatsApp-Image-2025-11-10-at-21.28.15-1-1024x682.jpeg 1024w, https:\/\/www.reitverein-ellefeld.de\/wp-content\/uploads\/WhatsApp-Image-2025-11-10-at-21.28.15-1-300x200.jpeg 300w, https:\/\/www.reitverein-ellefeld.de\/wp-content\/uploads\/WhatsApp-Image-2025-11-10-at-21.28.15-1-768x512.jpeg 768w, https:\/\/www.reitverein-ellefeld.de\/wp-content\/uploads\/WhatsApp-Image-2025-11-10-at-21.28.15-1-1536x1023.jpeg 1536w, https:\/\/www.reitverein-ellefeld.de\/wp-content\/uploads\/WhatsApp-Image-2025-11-10-at-21.28.15-1.jpeg 1600w\" sizes=\"(max-width: 1024px) 100vw, 1024px\" \/><\/a><\/figure>\n\n\n\n<figure class=\"wp-block-image size-large\"><a href=\"https:\/\/www.reitverein-ellefeld.de\/wp-content\/uploads\/WhatsApp-Image-2025-11-10-at-21.28.15-2.jpeg\"><img decoding=\"async\" loading=\"lazy\" width=\"682\" height=\"1024\" data-id=\"63716\"  src=\"https:\/\/www.reitverein-ellefeld.de\/wp-content\/uploads\/WhatsApp-Image-2025-11-10-at-21.28.15-2-682x1024.jpeg\" alt=\"\" class=\"wp-image-63716\" srcset=\"https:\/\/www.reitverein-ellefeld.de\/wp-content\/uploads\/WhatsApp-Image-2025-11-10-at-21.28.15-2-682x1024.jpeg 682w, https:\/\/www.reitverein-ellefeld.de\/wp-content\/uploads\/WhatsApp-Image-2025-11-10-at-21.28.15-2-200x300.jpeg 200w, https:\/\/www.reitverein-ellefeld.de\/wp-content\/uploads\/WhatsApp-Image-2025-11-10-at-21.28.15-2-768x1153.jpeg 768w, https:\/\/www.reitverein-ellefeld.de\/wp-content\/uploads\/WhatsApp-Image-2025-11-10-at-21.28.15-2-1023x1536.jpeg 1023w, https:\/\/www.reitverein-ellefeld.de\/wp-content\/uploads\/WhatsApp-Image-2025-11-10-at-21.28.15-2.jpeg 1066w\" sizes=\"(max-width: 682px) 100vw, 682px\" \/><\/a><\/figure>\n\n\n\n<figure class=\"wp-block-image size-large\"><a href=\"https:\/\/www.reitverein-ellefeld.de\/wp-content\/uploads\/WhatsApp-Image-2025-11-10-at-21.28.15-3.jpeg\"><img decoding=\"async\" loading=\"lazy\" width=\"768\" height=\"1024\" data-id=\"63734\"  src=\"https:\/\/www.reitverein-ellefeld.de\/wp-content\/uploads\/WhatsApp-Image-2025-11-10-at-21.28.15-3-768x1024.jpeg\" alt=\"\" class=\"wp-image-63734\" srcset=\"https:\/\/www.reitverein-ellefeld.de\/wp-content\/uploads\/WhatsApp-Image-2025-11-10-at-21.28.15-3-768x1024.jpeg 768w, https:\/\/www.reitverein-ellefeld.de\/wp-content\/uploads\/WhatsApp-Image-2025-11-10-at-21.28.15-3-225x300.jpeg 225w, https:\/\/www.reitverein-ellefeld.de\/wp-content\/uploads\/WhatsApp-Image-2025-11-10-at-21.28.15-3-1152x1536.jpeg 1152w, https:\/\/www.reitverein-ellefeld.de\/wp-content\/uploads\/WhatsApp-Image-2025-11-10-at-21.28.15-3.jpeg 1200w\" sizes=\"(max-width: 768px) 100vw, 768px\" \/><\/a><\/figure>\n\n\n\n<figure class=\"wp-block-image size-large\"><a href=\"https:\/\/www.reitverein-ellefeld.de\/wp-content\/uploads\/WhatsApp-Image-2025-11-10-at-21.28.15.jpeg\"><img decoding=\"async\" loading=\"lazy\" width=\"1024\" height=\"683\" data-id=\"63728\"  src=\"https:\/\/www.reitverein-ellefeld.de\/wp-content\/uploads\/WhatsApp-Image-2025-11-10-at-21.28.15-1024x683.jpeg\" alt=\"\" class=\"wp-image-63728\" srcset=\"https:\/\/www.reitverein-ellefeld.de\/wp-content\/uploads\/WhatsApp-Image-2025-11-10-at-21.28.15-1024x683.jpeg 1024w, https:\/\/www.reitverein-ellefeld.de\/wp-content\/uploads\/WhatsApp-Image-2025-11-10-at-21.28.15-300x200.jpeg 300w, https:\/\/www.reitverein-ellefeld.de\/wp-content\/uploads\/WhatsApp-Image-2025-11-10-at-21.28.15-768x512.jpeg 768w, https:\/\/www.reitverein-ellefeld.de\/wp-content\/uploads\/WhatsApp-Image-2025-11-10-at-21.28.15-1536x1024.jpeg 1536w, https:\/\/www.reitverein-ellefeld.de\/wp-content\/uploads\/WhatsApp-Image-2025-11-10-at-21.28.15.jpeg 1600w\" sizes=\"(max-width: 1024px) 100vw, 1024px\" \/><\/a><\/figure>\n\n\n\n<figure class=\"wp-block-image size-large\"><a href=\"https:\/\/www.reitverein-ellefeld.de\/wp-content\/uploads\/WhatsApp-Image-2025-11-10-at-21.28.16.jpeg\"><img decoding=\"async\" loading=\"lazy\" width=\"768\" height=\"1024\" data-id=\"63635\"  src=\"https:\/\/www.reitverein-ellefeld.de\/wp-content\/uploads\/WhatsApp-Image-2025-11-10-at-21.28.16-768x1024.jpeg\" alt=\"\" class=\"wp-image-63635\" srcset=\"https:\/\/www.reitverein-ellefeld.de\/wp-content\/uploads\/WhatsApp-Image-2025-11-10-at-21.28.16-768x1024.jpeg 768w, https:\/\/www.reitverein-ellefeld.de\/wp-content\/uploads\/WhatsApp-Image-2025-11-10-at-21.28.16-225x300.jpeg 225w, https:\/\/www.reitverein-ellefeld.de\/wp-content\/uploads\/WhatsApp-Image-2025-11-10-at-21.28.16-1152x1536.jpeg 1152w, https:\/\/www.reitverein-ellefeld.de\/wp-content\/uploads\/WhatsApp-Image-2025-11-10-at-21.28.16.jpeg 1200w\" sizes=\"(max-width: 768px) 100vw, 768px\" \/><\/a><\/figure>\n\n\n\n<figure class=\"wp-block-image size-large\"><a href=\"https:\/\/www.reitverein-ellefeld.de\/wp-content\/uploads\/WhatsApp-Image-2025-11-10-at-21.11.30-1.jpeg\"><img decoding=\"async\" loading=\"lazy\" width=\"1024\" height=\"768\" data-id=\"63684\"  src=\"https:\/\/www.reitverein-ellefeld.de\/wp-content\/uploads\/WhatsApp-Image-2025-11-10-at-21.11.30-1-1024x768.jpeg\" alt=\"\" class=\"wp-image-63684\" srcset=\"https:\/\/www.reitverein-ellefeld.de\/wp-content\/uploads\/WhatsApp-Image-2025-11-10-at-21.11.30-1-1024x768.jpeg 1024w, https:\/\/www.reitverein-ellefeld.de\/wp-content\/uploads\/WhatsApp-Image-2025-11-10-at-21.11.30-1-300x225.jpeg 300w, https:\/\/www.reitverein-ellefeld.de\/wp-content\/uploads\/WhatsApp-Image-2025-11-10-at-21.11.30-1-768x576.jpeg 768w, https:\/\/www.reitverein-ellefeld.de\/wp-content\/uploads\/WhatsApp-Image-2025-11-10-at-21.11.30-1-1536x1152.jpeg 1536w, https:\/\/www.reitverein-ellefeld.de\/wp-content\/uploads\/WhatsApp-Image-2025-11-10-at-21.11.30-1.jpeg 1600w\" sizes=\"(max-width: 1024px) 100vw, 1024px\" \/><\/a><\/figure>\n\n\n\n<figure class=\"wp-block-image size-large\"><a href=\"https:\/\/www.reitverein-ellefeld.de\/wp-content\/uploads\/WhatsApp-Image-2025-11-10-at-21.11.30.jpeg\"><img decoding=\"async\" loading=\"lazy\" width=\"1024\" height=\"771\" data-id=\"63732\"  src=\"https:\/\/www.reitverein-ellefeld.de\/wp-content\/uploads\/WhatsApp-Image-2025-11-10-at-21.11.30-1024x771.jpeg\" alt=\"\" class=\"wp-image-63732\" srcset=\"https:\/\/www.reitverein-ellefeld.de\/wp-content\/uploads\/WhatsApp-Image-2025-11-10-at-21.11.30-1024x771.jpeg 1024w, https:\/\/www.reitverein-ellefeld.de\/wp-content\/uploads\/WhatsApp-Image-2025-11-10-at-21.11.30-300x226.jpeg 300w, https:\/\/www.reitverein-ellefeld.de\/wp-content\/uploads\/WhatsApp-Image-2025-11-10-at-21.11.30-768x578.jpeg 768w, https:\/\/www.reitverein-ellefeld.de\/wp-content\/uploads\/WhatsApp-Image-2025-11-10-at-21.11.30-1536x1156.jpeg 1536w, https:\/\/www.reitverein-ellefeld.de\/wp-content\/uploads\/WhatsApp-Image-2025-11-10-at-21.11.30.jpeg 1600w\" sizes=\"(max-width: 1024px) 100vw, 1024px\" \/><\/a><\/figure>\n\n\n\n<figure class=\"wp-block-image size-large\"><a href=\"https:\/\/www.reitverein-ellefeld.de\/wp-content\/uploads\/WhatsApp-Image-2025-11-10-at-21.11.41.jpeg\"><img decoding=\"async\" loading=\"lazy\" width=\"682\" height=\"1024\" data-id=\"63682\"  src=\"https:\/\/www.reitverein-ellefeld.de\/wp-content\/uploads\/WhatsApp-Image-2025-11-10-at-21.11.41-682x1024.jpeg\" alt=\"\" class=\"wp-image-63682\" srcset=\"https:\/\/www.reitverein-ellefeld.de\/wp-content\/uploads\/WhatsApp-Image-2025-11-10-at-21.11.41-682x1024.jpeg 682w, https:\/\/www.reitverein-ellefeld.de\/wp-content\/uploads\/WhatsApp-Image-2025-11-10-at-21.11.41-200x300.jpeg 200w, https:\/\/www.reitverein-ellefeld.de\/wp-content\/uploads\/WhatsApp-Image-2025-11-10-at-21.11.41-768x1153.jpeg 768w, https:\/\/www.reitverein-ellefeld.de\/wp-content\/uploads\/WhatsApp-Image-2025-11-10-at-21.11.41-1023x1536.jpeg 1023w, https:\/\/www.reitverein-ellefeld.de\/wp-content\/uploads\/WhatsApp-Image-2025-11-10-at-21.11.41.jpeg 1066w\" sizes=\"(max-width: 682px) 100vw, 682px\" \/><\/a><\/figure>\n\n\n\n<figure class=\"wp-block-image size-large\"><a href=\"https:\/\/www.reitverein-ellefeld.de\/wp-content\/uploads\/WhatsApp-Image-2025-11-10-at-21.11.42.jpeg\"><img decoding=\"async\" loading=\"lazy\" width=\"1024\" height=\"682\" data-id=\"63639\"  src=\"https:\/\/www.reitverein-ellefeld.de\/wp-content\/uploads\/WhatsApp-Image-2025-11-10-at-21.11.42-1024x682.jpeg\" alt=\"\" class=\"wp-image-63639\" srcset=\"https:\/\/www.reitverein-ellefeld.de\/wp-content\/uploads\/WhatsApp-Image-2025-11-10-at-21.11.42-1024x682.jpeg 1024w, https:\/\/www.reitverein-ellefeld.de\/wp-content\/uploads\/WhatsApp-Image-2025-11-10-at-21.11.42-300x200.jpeg 300w, https:\/\/www.reitverein-ellefeld.de\/wp-content\/uploads\/WhatsApp-Image-2025-11-10-at-21.11.42-768x512.jpeg 768w, https:\/\/www.reitverein-ellefeld.de\/wp-content\/uploads\/WhatsApp-Image-2025-11-10-at-21.11.42-1536x1023.jpeg 1536w, https:\/\/www.reitverein-ellefeld.de\/wp-content\/uploads\/WhatsApp-Image-2025-11-10-at-21.11.42.jpeg 1600w\" sizes=\"(max-width: 1024px) 100vw, 1024px\" \/><\/a><\/figure>\n\n\n\n<figure class=\"wp-block-image size-large\"><a href=\"https:\/\/www.reitverein-ellefeld.de\/wp-content\/uploads\/WhatsApp-Image-2025-11-10-at-21.12.24-1.jpeg\"><img decoding=\"async\" loading=\"lazy\" width=\"819\" height=\"1024\" data-id=\"63718\"  src=\"https:\/\/www.reitverein-ellefeld.de\/wp-content\/uploads\/WhatsApp-Image-2025-11-10-at-21.12.24-1-819x1024.jpeg\" alt=\"\" class=\"wp-image-63718\" srcset=\"https:\/\/www.reitverein-ellefeld.de\/wp-content\/uploads\/WhatsApp-Image-2025-11-10-at-21.12.24-1-819x1024.jpeg 819w, https:\/\/www.reitverein-ellefeld.de\/wp-content\/uploads\/WhatsApp-Image-2025-11-10-at-21.12.24-1-240x300.jpeg 240w, https:\/\/www.reitverein-ellefeld.de\/wp-content\/uploads\/WhatsApp-Image-2025-11-10-at-21.12.24-1-768x961.jpeg 768w, https:\/\/www.reitverein-ellefeld.de\/wp-content\/uploads\/WhatsApp-Image-2025-11-10-at-21.12.24-1-1228x1536.jpeg 1228w, https:\/\/www.reitverein-ellefeld.de\/wp-content\/uploads\/WhatsApp-Image-2025-11-10-at-21.12.24-1.jpeg 1279w\" sizes=\"(max-width: 819px) 100vw, 819px\" \/><\/a><\/figure>\n\n\n\n<figure class=\"wp-block-image size-large\"><a href=\"https:\/\/www.reitverein-ellefeld.de\/wp-content\/uploads\/WhatsApp-Image-2025-11-10-at-21.12.24-2.jpeg\"><img decoding=\"async\" loading=\"lazy\" width=\"1024\" height=\"682\" data-id=\"63691\"  src=\"https:\/\/www.reitverein-ellefeld.de\/wp-content\/uploads\/WhatsApp-Image-2025-11-10-at-21.12.24-2-1024x682.jpeg\" alt=\"\" class=\"wp-image-63691\" srcset=\"https:\/\/www.reitverein-ellefeld.de\/wp-content\/uploads\/WhatsApp-Image-2025-11-10-at-21.12.24-2-1024x682.jpeg 1024w, https:\/\/www.reitverein-ellefeld.de\/wp-content\/uploads\/WhatsApp-Image-2025-11-10-at-21.12.24-2-300x200.jpeg 300w, https:\/\/www.reitverein-ellefeld.de\/wp-content\/uploads\/WhatsApp-Image-2025-11-10-at-21.12.24-2-768x512.jpeg 768w, https:\/\/www.reitverein-ellefeld.de\/wp-content\/uploads\/WhatsApp-Image-2025-11-10-at-21.12.24-2-1536x1023.jpeg 1536w, https:\/\/www.reitverein-ellefeld.de\/wp-content\/uploads\/WhatsApp-Image-2025-11-10-at-21.12.24-2.jpeg 1600w\" sizes=\"(max-width: 1024px) 100vw, 1024px\" \/><\/a><\/figure>\n\n\n\n<figure class=\"wp-block-image size-large\"><a href=\"https:\/\/www.reitverein-ellefeld.de\/wp-content\/uploads\/WhatsApp-Image-2025-11-10-at-21.12.24.jpeg\"><img decoding=\"async\" loading=\"lazy\" width=\"682\" height=\"1024\" data-id=\"63720\"  src=\"https:\/\/www.reitverein-ellefeld.de\/wp-content\/uploads\/WhatsApp-Image-2025-11-10-at-21.12.24-682x1024.jpeg\" alt=\"\" class=\"wp-image-63720\" srcset=\"https:\/\/www.reitverein-ellefeld.de\/wp-content\/uploads\/WhatsApp-Image-2025-11-10-at-21.12.24-682x1024.jpeg 682w, https:\/\/www.reitverein-ellefeld.de\/wp-content\/uploads\/WhatsApp-Image-2025-11-10-at-21.12.24-200x300.jpeg 200w, https:\/\/www.reitverein-ellefeld.de\/wp-content\/uploads\/WhatsApp-Image-2025-11-10-at-21.12.24-768x1153.jpeg 768w, https:\/\/www.reitverein-ellefeld.de\/wp-content\/uploads\/WhatsApp-Image-2025-11-10-at-21.12.24-1023x1536.jpeg 1023w, https:\/\/www.reitverein-ellefeld.de\/wp-content\/uploads\/WhatsApp-Image-2025-11-10-at-21.12.24.jpeg 1066w\" sizes=\"(max-width: 682px) 100vw, 682px\" \/><\/a><\/figure>\n\n\n\n<figure class=\"wp-block-image size-large\"><a href=\"https:\/\/www.reitverein-ellefeld.de\/wp-content\/uploads\/WhatsApp-Image-2025-11-10-at-21.27.11.jpeg\"><img decoding=\"async\" loading=\"lazy\" width=\"1024\" height=\"682\" data-id=\"63698\"  src=\"https:\/\/www.reitverein-ellefeld.de\/wp-content\/uploads\/WhatsApp-Image-2025-11-10-at-21.27.11-1024x682.jpeg\" alt=\"\" class=\"wp-image-63698\" srcset=\"https:\/\/www.reitverein-ellefeld.de\/wp-content\/uploads\/WhatsApp-Image-2025-11-10-at-21.27.11-1024x682.jpeg 1024w, https:\/\/www.reitverein-ellefeld.de\/wp-content\/uploads\/WhatsApp-Image-2025-11-10-at-21.27.11-300x200.jpeg 300w, https:\/\/www.reitverein-ellefeld.de\/wp-content\/uploads\/WhatsApp-Image-2025-11-10-at-21.27.11-768x512.jpeg 768w, https:\/\/www.reitverein-ellefeld.de\/wp-content\/uploads\/WhatsApp-Image-2025-11-10-at-21.27.11-1536x1023.jpeg 1536w, https:\/\/www.reitverein-ellefeld.de\/wp-content\/uploads\/WhatsApp-Image-2025-11-10-at-21.27.11.jpeg 1600w\" sizes=\"(max-width: 1024px) 100vw, 1024px\" \/><\/a><\/figure>\n\n\n\n<figure class=\"wp-block-image size-large\"><a href=\"https:\/\/www.reitverein-ellefeld.de\/wp-content\/uploads\/WhatsApp-Image-2025-11-10-at-21.27.12-1.jpeg\"><img decoding=\"async\" loading=\"lazy\" width=\"1024\" height=\"682\" data-id=\"63701\"  src=\"https:\/\/www.reitverein-ellefeld.de\/wp-content\/uploads\/WhatsApp-Image-2025-11-10-at-21.27.12-1-1024x682.jpeg\" alt=\"\" class=\"wp-image-63701\" srcset=\"https:\/\/www.reitverein-ellefeld.de\/wp-content\/uploads\/WhatsApp-Image-2025-11-10-at-21.27.12-1-1024x682.jpeg 1024w, https:\/\/www.reitverein-ellefeld.de\/wp-content\/uploads\/WhatsApp-Image-2025-11-10-at-21.27.12-1-300x200.jpeg 300w, https:\/\/www.reitverein-ellefeld.de\/wp-content\/uploads\/WhatsApp-Image-2025-11-10-at-21.27.12-1-768x512.jpeg 768w, https:\/\/www.reitverein-ellefeld.de\/wp-content\/uploads\/WhatsApp-Image-2025-11-10-at-21.27.12-1-1536x1023.jpeg 1536w, https:\/\/www.reitverein-ellefeld.de\/wp-content\/uploads\/WhatsApp-Image-2025-11-10-at-21.27.12-1.jpeg 1600w\" sizes=\"(max-width: 1024px) 100vw, 1024px\" \/><\/a><\/figure>\n\n\n\n<figure class=\"wp-block-image size-large\"><a href=\"https:\/\/www.reitverein-ellefeld.de\/wp-content\/uploads\/WhatsApp-Image-2025-11-10-at-21.27.12-2.jpeg\"><img decoding=\"async\" loading=\"lazy\" width=\"1024\" height=\"682\" data-id=\"63703\"  src=\"https:\/\/www.reitverein-ellefeld.de\/wp-content\/uploads\/WhatsApp-Image-2025-11-10-at-21.27.12-2-1024x682.jpeg\" alt=\"\" class=\"wp-image-63703\" srcset=\"https:\/\/www.reitverein-ellefeld.de\/wp-content\/uploads\/WhatsApp-Image-2025-11-10-at-21.27.12-2-1024x682.jpeg 1024w, https:\/\/www.reitverein-ellefeld.de\/wp-content\/uploads\/WhatsApp-Image-2025-11-10-at-21.27.12-2-300x200.jpeg 300w, https:\/\/www.reitverein-ellefeld.de\/wp-content\/uploads\/WhatsApp-Image-2025-11-10-at-21.27.12-2-768x512.jpeg 768w, https:\/\/www.reitverein-ellefeld.de\/wp-content\/uploads\/WhatsApp-Image-2025-11-10-at-21.27.12-2-1536x1023.jpeg 1536w, https:\/\/www.reitverein-ellefeld.de\/wp-content\/uploads\/WhatsApp-Image-2025-11-10-at-21.27.12-2.jpeg 1600w\" sizes=\"(max-width: 1024px) 100vw, 1024px\" \/><\/a><\/figure>\n\n\n\n<figure class=\"wp-block-image size-large\"><a href=\"https:\/\/www.reitverein-ellefeld.de\/wp-content\/uploads\/WhatsApp-Image-2025-11-10-at-21.27.12-3.jpeg\"><img decoding=\"async\" loading=\"lazy\" width=\"1024\" height=\"683\" data-id=\"63733\"  src=\"https:\/\/www.reitverein-ellefeld.de\/wp-content\/uploads\/WhatsApp-Image-2025-11-10-at-21.27.12-3-1024x683.jpeg\" alt=\"\" class=\"wp-image-63733\" srcset=\"https:\/\/www.reitverein-ellefeld.de\/wp-content\/uploads\/WhatsApp-Image-2025-11-10-at-21.27.12-3-1024x683.jpeg 1024w, https:\/\/www.reitverein-ellefeld.de\/wp-content\/uploads\/WhatsApp-Image-2025-11-10-at-21.27.12-3-300x200.jpeg 300w, https:\/\/www.reitverein-ellefeld.de\/wp-content\/uploads\/WhatsApp-Image-2025-11-10-at-21.27.12-3-768x512.jpeg 768w, https:\/\/www.reitverein-ellefeld.de\/wp-content\/uploads\/WhatsApp-Image-2025-11-10-at-21.27.12-3-1536x1024.jpeg 1536w, https:\/\/www.reitverein-ellefeld.de\/wp-content\/uploads\/WhatsApp-Image-2025-11-10-at-21.27.12-3.jpeg 1600w\" sizes=\"(max-width: 1024px) 100vw, 1024px\" \/><\/a><\/figure>\n\n\n\n<figure class=\"wp-block-image size-large\"><a href=\"https:\/\/www.reitverein-ellefeld.de\/wp-content\/uploads\/WhatsApp-Image-2025-11-10-at-21.27.12-4.jpeg\"><img decoding=\"async\" loading=\"lazy\" width=\"1024\" height=\"683\" data-id=\"63729\"  src=\"https:\/\/www.reitverein-ellefeld.de\/wp-content\/uploads\/WhatsApp-Image-2025-11-10-at-21.27.12-4-1024x683.jpeg\" alt=\"\" class=\"wp-image-63729\" srcset=\"https:\/\/www.reitverein-ellefeld.de\/wp-content\/uploads\/WhatsApp-Image-2025-11-10-at-21.27.12-4-1024x683.jpeg 1024w, https:\/\/www.reitverein-ellefeld.de\/wp-content\/uploads\/WhatsApp-Image-2025-11-10-at-21.27.12-4-300x200.jpeg 300w, https:\/\/www.reitverein-ellefeld.de\/wp-content\/uploads\/WhatsApp-Image-2025-11-10-at-21.27.12-4-768x512.jpeg 768w, https:\/\/www.reitverein-ellefeld.de\/wp-content\/uploads\/WhatsApp-Image-2025-11-10-at-21.27.12-4-1536x1024.jpeg 1536w, https:\/\/www.reitverein-ellefeld.de\/wp-content\/uploads\/WhatsApp-Image-2025-11-10-at-21.27.12-4.jpeg 1600w\" sizes=\"(max-width: 1024px) 100vw, 1024px\" \/><\/a><\/figure>\n\n\n\n<figure class=\"wp-block-image size-large\"><a href=\"https:\/\/www.reitverein-ellefeld.de\/wp-content\/uploads\/WhatsApp-Image-2025-11-10-at-21.27.12.jpeg\"><img decoding=\"async\" loading=\"lazy\" width=\"1024\" height=\"682\" data-id=\"63706\"  src=\"https:\/\/www.reitverein-ellefeld.de\/wp-content\/uploads\/WhatsApp-Image-2025-11-10-at-21.27.12-1024x682.jpeg\" alt=\"\" class=\"wp-image-63706\" srcset=\"https:\/\/www.reitverein-ellefeld.de\/wp-content\/uploads\/WhatsApp-Image-2025-11-10-at-21.27.12-1024x682.jpeg 1024w, https:\/\/www.reitverein-ellefeld.de\/wp-content\/uploads\/WhatsApp-Image-2025-11-10-at-21.27.12-300x200.jpeg 300w, https:\/\/www.reitverein-ellefeld.de\/wp-content\/uploads\/WhatsApp-Image-2025-11-10-at-21.27.12-768x512.jpeg 768w, https:\/\/www.reitverein-ellefeld.de\/wp-content\/uploads\/WhatsApp-Image-2025-11-10-at-21.27.12-1536x1023.jpeg 1536w, https:\/\/www.reitverein-ellefeld.de\/wp-content\/uploads\/WhatsApp-Image-2025-11-10-at-21.27.12.jpeg 1600w\" sizes=\"(max-width: 1024px) 100vw, 1024px\" \/><\/a><\/figure>\n\n\n\n<figure class=\"wp-block-image size-large\"><a href=\"https:\/\/www.reitverein-ellefeld.de\/wp-content\/uploads\/WhatsApp-Image-2025-11-10-at-21.27.45.jpeg\"><img decoding=\"async\" loading=\"lazy\" width=\"1024\" height=\"682\" data-id=\"63699\"  src=\"https:\/\/www.reitverein-ellefeld.de\/wp-content\/uploads\/WhatsApp-Image-2025-11-10-at-21.27.45-1024x682.jpeg\" alt=\"\" class=\"wp-image-63699\" srcset=\"https:\/\/www.reitverein-ellefeld.de\/wp-content\/uploads\/WhatsApp-Image-2025-11-10-at-21.27.45-1024x682.jpeg 1024w, https:\/\/www.reitverein-ellefeld.de\/wp-content\/uploads\/WhatsApp-Image-2025-11-10-at-21.27.45-300x200.jpeg 300w, https:\/\/www.reitverein-ellefeld.de\/wp-content\/uploads\/WhatsApp-Image-2025-11-10-at-21.27.45-768x512.jpeg 768w, https:\/\/www.reitverein-ellefeld.de\/wp-content\/uploads\/WhatsApp-Image-2025-11-10-at-21.27.45-1536x1023.jpeg 1536w, https:\/\/www.reitverein-ellefeld.de\/wp-content\/uploads\/WhatsApp-Image-2025-11-10-at-21.27.45.jpeg 1600w\" sizes=\"(max-width: 1024px) 100vw, 1024px\" \/><\/a><\/figure>\n\n\n\n<figure class=\"wp-block-image size-large\"><a href=\"https:\/\/www.reitverein-ellefeld.de\/wp-content\/uploads\/WhatsApp-Image-2025-11-10-at-21.28.02-1.jpeg\"><img decoding=\"async\" loading=\"lazy\" width=\"1024\" height=\"682\" data-id=\"63680\"  src=\"https:\/\/www.reitverein-ellefeld.de\/wp-content\/uploads\/WhatsApp-Image-2025-11-10-at-21.28.02-1-1024x682.jpeg\" alt=\"\" class=\"wp-image-63680\" srcset=\"https:\/\/www.reitverein-ellefeld.de\/wp-content\/uploads\/WhatsApp-Image-2025-11-10-at-21.28.02-1-1024x682.jpeg 1024w, https:\/\/www.reitverein-ellefeld.de\/wp-content\/uploads\/WhatsApp-Image-2025-11-10-at-21.28.02-1-300x200.jpeg 300w, https:\/\/www.reitverein-ellefeld.de\/wp-content\/uploads\/WhatsApp-Image-2025-11-10-at-21.28.02-1-768x512.jpeg 768w, https:\/\/www.reitverein-ellefeld.de\/wp-content\/uploads\/WhatsApp-Image-2025-11-10-at-21.28.02-1-1536x1023.jpeg 1536w, https:\/\/www.reitverein-ellefeld.de\/wp-content\/uploads\/WhatsApp-Image-2025-11-10-at-21.28.02-1.jpeg 1600w\" sizes=\"(max-width: 1024px) 100vw, 1024px\" \/><\/a><\/figure>\n\n\n\n<figure class=\"wp-block-image size-large\"><a href=\"https:\/\/www.reitverein-ellefeld.de\/wp-content\/uploads\/WhatsApp-Image-2025-11-10-at-21.28.02-2.jpeg\"><img decoding=\"async\" loading=\"lazy\" width=\"1024\" height=\"682\" data-id=\"63711\"  src=\"https:\/\/www.reitverein-ellefeld.de\/wp-content\/uploads\/WhatsApp-Image-2025-11-10-at-21.28.02-2-1024x682.jpeg\" alt=\"\" class=\"wp-image-63711\" srcset=\"https:\/\/www.reitverein-ellefeld.de\/wp-content\/uploads\/WhatsApp-Image-2025-11-10-at-21.28.02-2-1024x682.jpeg 1024w, https:\/\/www.reitverein-ellefeld.de\/wp-content\/uploads\/WhatsApp-Image-2025-11-10-at-21.28.02-2-300x200.jpeg 300w, https:\/\/www.reitverein-ellefeld.de\/wp-content\/uploads\/WhatsApp-Image-2025-11-10-at-21.28.02-2-768x512.jpeg 768w, https:\/\/www.reitverein-ellefeld.de\/wp-content\/uploads\/WhatsApp-Image-2025-11-10-at-21.28.02-2-1536x1023.jpeg 1536w, https:\/\/www.reitverein-ellefeld.de\/wp-content\/uploads\/WhatsApp-Image-2025-11-10-at-21.28.02-2.jpeg 1600w\" sizes=\"(max-width: 1024px) 100vw, 1024px\" \/><\/a><\/figure>\n\n\n\n<figure class=\"wp-block-image\"><img alt=\"\"\/><\/figure>\n\n\n\n<figure class=\"wp-block-image\"><img alt=\"\"\/><\/figure>\n\n\n\n<figure class=\"wp-block-image\"><img alt=\"\"\/><\/figure>\n\n\n\n<figure class=\"wp-block-image\"><img alt=\"\"\/><\/figure>\n\n\n\n<figure class=\"wp-block-image\"><img alt=\"\"\/><\/figure>\n\n\n\n<figure class=\"wp-block-image\"><img alt=\"\"\/><\/figure>\n\n\n\n<figure class=\"wp-block-image\"><img alt=\"\"\/><\/figure>\n\n\n\n<figure class=\"wp-block-image\"><img alt=\"\"\/><\/figure>\n\n\n\n<figure class=\"wp-block-image\"><img alt=\"\"\/><\/figure>\n\n\n\n<figure class=\"wp-block-image\"><img alt=\"\"\/><\/figure>\n\n\n\n<figure class=\"wp-block-image\"><img alt=\"\"\/><\/figure>\n\n\n\n<figure class=\"wp-block-image\"><img alt=\"\"\/><\/figure>\n\n\n\n<figure class=\"wp-block-image\"><img alt=\"\"\/><\/figure>\n\n\n\n<figure class=\"wp-block-image\"><img alt=\"\"\/><\/figure>\n\n\n\n<figure class=\"wp-block-image\"><img alt=\"\"\/><\/figure>\n\n\n\n<figure class=\"wp-block-image\"><img alt=\"\"\/><\/figure>\n\n\n\n<figure class=\"wp-block-image\"><img alt=\"\"\/><\/figure>\n\n\n\n<figure class=\"wp-block-image\"><img alt=\"\"\/><\/figure>\n\n\n\n<figure class=\"wp-block-image\"><img alt=\"\"\/><\/figure>\n\n\n\n<figure class=\"wp-block-image\"><img alt=\"\"\/><\/figure>\n\n\n\n<figure class=\"wp-block-image\"><img alt=\"\"\/><\/figure>\n<\/figure>\n\n\n\n<h2 class=\"wp-block-heading\">Hundert Jahre Reit- und Fahrverein Ellefeld e.V.<\/h2>\n\n\n\n<p>Dieses Jahr feiert unser Verein sein hundertj\u00e4hriges Jubil\u00e4um. Vor zwanzig Jahren erschien folgender Artikel im Ellefelder Anzeiger:<\/p>\n\n\n\n<figure class=\"wp-block-gallery has-nested-images columns-default is-cropped wp-block-gallery-9 is-layout-flex\">\n<figure class=\"wp-block-image size-large\"><a href=\"https:\/\/www.reitverein-ellefeld.de\/wp-content\/uploads\/IMG_8724.jpeg\"><img decoding=\"async\" loading=\"lazy\" width=\"725\" height=\"1024\" data-id=\"63441\"  src=\"https:\/\/www.reitverein-ellefeld.de\/wp-content\/uploads\/IMG_8724-725x1024.jpeg\" alt=\"\" class=\"wp-image-63441\" srcset=\"https:\/\/www.reitverein-ellefeld.de\/wp-content\/uploads\/IMG_8724-725x1024.jpeg 725w, https:\/\/www.reitverein-ellefeld.de\/wp-content\/uploads\/IMG_8724-212x300.jpeg 212w, https:\/\/www.reitverein-ellefeld.de\/wp-content\/uploads\/IMG_8724-768x1084.jpeg 768w, https:\/\/www.reitverein-ellefeld.de\/wp-content\/uploads\/IMG_8724.jpeg 828w\" sizes=\"(max-width: 725px) 100vw, 725px\" \/><\/a><\/figure>\n\n\n\n<figure class=\"wp-block-image size-large\"><a href=\"https:\/\/www.reitverein-ellefeld.de\/wp-content\/uploads\/IMG_8725.jpeg\"><img decoding=\"async\" loading=\"lazy\" width=\"727\" height=\"1024\" data-id=\"63442\"  src=\"https:\/\/www.reitverein-ellefeld.de\/wp-content\/uploads\/IMG_8725-727x1024.jpeg\" alt=\"\" class=\"wp-image-63442\" srcset=\"https:\/\/www.reitverein-ellefeld.de\/wp-content\/uploads\/IMG_8725-727x1024.jpeg 727w, https:\/\/www.reitverein-ellefeld.de\/wp-content\/uploads\/IMG_8725-213x300.jpeg 213w, https:\/\/www.reitverein-ellefeld.de\/wp-content\/uploads\/IMG_8725-768x1082.jpeg 768w, https:\/\/www.reitverein-ellefeld.de\/wp-content\/uploads\/IMG_8725.jpeg 828w\" sizes=\"(max-width: 727px) 100vw, 727px\" \/><\/a><\/figure>\n\n\n\n<figure class=\"wp-block-image size-large\"><a href=\"https:\/\/www.reitverein-ellefeld.de\/wp-content\/uploads\/IMG_8726.jpeg\"><img decoding=\"async\" loading=\"lazy\" width=\"727\" height=\"1024\" data-id=\"63443\"  src=\"https:\/\/www.reitverein-ellefeld.de\/wp-content\/uploads\/IMG_8726-727x1024.jpeg\" alt=\"\" class=\"wp-image-63443\" srcset=\"https:\/\/www.reitverein-ellefeld.de\/wp-content\/uploads\/IMG_8726-727x1024.jpeg 727w, https:\/\/www.reitverein-ellefeld.de\/wp-content\/uploads\/IMG_8726-213x300.jpeg 213w, https:\/\/www.reitverein-ellefeld.de\/wp-content\/uploads\/IMG_8726-768x1082.jpeg 768w, https:\/\/www.reitverein-ellefeld.de\/wp-content\/uploads\/IMG_8726.jpeg 828w\" sizes=\"(max-width: 727px) 100vw, 727px\" \/><\/a><\/figure>\n\n\n\n<figure class=\"wp-block-image size-large\"><a href=\"https:\/\/www.reitverein-ellefeld.de\/wp-content\/uploads\/IMG_8727.jpeg\"><img decoding=\"async\" loading=\"lazy\" width=\"828\" height=\"730\" data-id=\"63444\"  src=\"https:\/\/www.reitverein-ellefeld.de\/wp-content\/uploads\/IMG_8727.jpeg\" alt=\"\" class=\"wp-image-63444\" srcset=\"https:\/\/www.reitverein-ellefeld.de\/wp-content\/uploads\/IMG_8727.jpeg 828w, https:\/\/www.reitverein-ellefeld.de\/wp-content\/uploads\/IMG_8727-300x264.jpeg 300w, https:\/\/www.reitverein-ellefeld.de\/wp-content\/uploads\/IMG_8727-768x677.jpeg 768w\" sizes=\"(max-width: 828px) 100vw, 828px\" \/><\/a><\/figure>\n<\/figure>\n\n\n\n<ul>\n<li><\/li>\n<\/ul>\n","protected":false},"excerpt":{"rendered":"<p>Wir haben uns neben der Ausbildung im Spring-, Dressur-, Freizeit- und Gel\u00e4ndereiten sowie Fahren, besonders den korrekten Umgang mit unseren edlen Vierbeinern auf die Fahngeschrieben. Ein respektvolles Verh\u00e4ltnis zwischen Mensch und Pferd ist die Basis f\u00fcr das gr\u00f6\u00dfte Gl\u00fcck dieser Erde.&nbsp; Hier kannst Du unseren Internetauftritt durchst\u00f6bern und Dir die wichtigsten Infos \u00fcber unseren Verein [&hellip;]<\/p>\n","protected":false},"author":1,"featured_media":0,"comment_status":"open","ping_status":"open","sticky":false,"template":"","format":"standard","meta":[],"categories":[1],"tags":[],"_links":{"self":[{"href":"https:\/\/www.reitverein-ellefeld.de\/index.php?rest_route=\/wp\/v2\/posts\/1310"}],"collection":[{"href":"https:\/\/www.reitverein-ellefeld.de\/index.php?rest_route=\/wp\/v2\/posts"}],"about":[{"href":"https:\/\/www.reitverein-ellefeld.de\/index.php?rest_route=\/wp\/v2\/types\/post"}],"author":[{"embeddable":true,"href":"https:\/\/www.reitverein-ellefeld.de\/index.php?rest_route=\/wp\/v2\/users\/1"}],"replies":[{"embeddable":true,"href":"https:\/\/www.reitverein-ellefeld.de\/index.php?rest_route=%2Fwp%2Fv2%2Fcomments&post=1310"}],"version-history":[{"count":418,"href":"https:\/\/www.reitverein-ellefeld.de\/index.php?rest_route=\/wp\/v2\/posts\/1310\/revisions"}],"predecessor-version":[{"id":63783,"href":"https:\/\/www.reitverein-ellefeld.de\/index.php?rest_route=\/wp\/v2\/posts\/1310\/revisions\/63783"}],"wp:attachment":[{"href":"https:\/\/www.reitverein-ellefeld.de\/index.php?rest_route=%2Fwp%2Fv2%2Fmedia&parent=1310"}],"wp:term":[{"taxonomy":"category","embeddable":true,"href":"https:\/\/www.reitverein-ellefeld.de\/index.php?rest_route=%2Fwp%2Fv2%2Fcategories&post=1310"},{"taxonomy":"post_tag","embeddable":true,"href":"https:\/\/www.reitverein-ellefeld.de\/index.php?rest_route=%2Fwp%2Fv2%2Ftags&post=1310"}],"curies":[{"name":"wp","href":"https:\/\/api.w.org\/{rel}","templated":true}]}}